{"id":179,"date":"2014-07-31T16:08:00","date_gmt":"2014-07-31T16:08:00","guid":{"rendered":"http:\/\/fabiocavalcante.com\/blog\/?p=179"},"modified":"2025-05-29T03:26:59","modified_gmt":"2025-05-29T03:26:59","slug":"acervo-sonoro-de-emir-bemerguy","status":"publish","type":"post","link":"https:\/\/fabiocavalcante.com\/blog\/acervo-sonoro-de-emir-bemerguy\/","title":{"rendered":"Acervo Sonoro de Emir Bemerguy"},"content":{"rendered":"\n<p>O poeta&nbsp;<a href=\"http:\/\/bemerguyemir.blogspot.com.br\/\" target=\"_blank\" rel=\"noreferrer noopener\">Emir Bemerguy<\/a>&nbsp;(Fordl\u00e2ndia, 1933 \u2013 Santar\u00e9m, 2012), demostrou sua paix\u00e3o por Santar\u00e9m de muitas formas, e uma delas foi fazendo sistematicamente registros sonoros dos artistas locais. Emir gravou uma centena de fitas K7 ao longo das \u00faltimas 5 d\u00e9cadas, com diversos m\u00fasicos e personalidades santarenas. \u00c9 um material fant\u00e1stico, de grande import\u00e2ncia para os interessados na cultura amaz\u00f4nica, e na de Santar\u00e9m em particular. Tive o prazer de ouvir uma parte dessas fitas, e, com a oportunidade de digitaliz\u00e1-las, compartilho agora essas grava\u00e7\u00f5es aqui no&nbsp;<em>blog<\/em>.<\/p>\n\n\n\n<p>As fitas t\u00eam registros do violonista Moacir Santos, do tocador de cavaco Laudelino Silva, do compositor e pianista Wilson Fonseca, do radialista Osmar Sim\u00f5es, do historiador Paulo Rodrigues dos Santos, entre muitos outros. T\u00eam tamb\u00e9m leituras que o poeta fez da sua pr\u00f3pria obra, entre poemas e cr\u00f4nicas, muitas delas transmitidas pelas r\u00e1dios da cidade.<\/p>\n\n\n\n<figure class=\"wp-block-image aligncenter size-large is-resized\"><img loading=\"lazy\" decoding=\"async\" width=\"400\" height=\"268\" src=\"https:\/\/fabiocavalcante.com\/blog\/wp-content\/uploads\/2014\/07\/Serenata-Braz-Coimbra.jpg\" alt=\"Serenata com viol\u00f5es em Santar\u00e9m, Par\u00e1.\" class=\"wp-image-266\" style=\"width:400px;height:268px\" srcset=\"https:\/\/fabiocavalcante.com\/blog\/wp-content\/uploads\/2014\/07\/Serenata-Braz-Coimbra.jpg 400w, https:\/\/fabiocavalcante.com\/blog\/wp-content\/uploads\/2014\/07\/Serenata-Braz-Coimbra-300x201.jpg 300w\" sizes=\"auto, (max-width: 400px) 100vw, 400px\" \/><figcaption class=\"wp-element-caption\">Uma serenata dom\u00e9stica na casa de Braz Coimbra, com Emir ao viol\u00e3o (o terceira a partir da esquerda). (Foto do <a href=\"http:\/\/bemerguyemir.blogspot.com.br\/\" target=\"_blank\" aria-label=\"blog Saudade Perfumada (opens in a new tab)\" rel=\"noreferrer noopener\" class=\"rank-math-link\">blog Saudade Perfumada<\/a>)<\/figcaption><\/figure>\n\n\n\n<p>Ressalto que muitas dessas grava\u00e7\u00f5es s\u00e3o caseiras e o clima \u00e9 bastante informal. Na maioria da vezes, ele pr\u00f3prio apresenta os convidados, tece coment\u00e1rios sobre as m\u00fasicas, e puxa a conversa adiante.<\/p>\n\n\n\n<p>Selecionei para essa postagem 16 fitas do acervo sonoro do poeta. O primeiro K7 \u00e9 com o violonista&nbsp;<strong>Moacir Santos<\/strong>, gravado em 15 de mar\u00e7o de 1976.<\/p>\n\n\n\n<figure class=\"wp-block-image size-large is-resized\"><img loading=\"lazy\" decoding=\"async\" width=\"999\" height=\"1024\" src=\"https:\/\/fabiocavalcante.com\/blog\/wp-content\/uploads\/2014\/07\/Emir-K7-Moacir-Santos-e-Emir-999x1024.jpeg\" alt=\"Capa de Fita Cassete (K7) do acervo de Emir Bbemerguy\" class=\"wp-image-267\" style=\"width:500px;height:512px\" srcset=\"https:\/\/fabiocavalcante.com\/blog\/wp-content\/uploads\/2014\/07\/Emir-K7-Moacir-Santos-e-Emir.jpeg 999w, https:\/\/fabiocavalcante.com\/blog\/wp-content\/uploads\/2014\/07\/Emir-K7-Moacir-Santos-e-Emir-293x300.jpeg 293w, https:\/\/fabiocavalcante.com\/blog\/wp-content\/uploads\/2014\/07\/Emir-K7-Moacir-Santos-e-Emir-768x787.jpeg 768w\" sizes=\"auto, (max-width: 999px) 100vw, 999px\" \/><figcaption class=\"wp-element-caption\">Capa do K7 Moacir Santos\n(Viol\u00e3o e conversa c\/ Emir) &#8211; 15\/03\/1976<\/figcaption><\/figure>\n\n\n\n<p><iframe loading=\"lazy\" src=\"https:\/\/archive.org\/embed\/MoacirSantosEEmirAcervoSonoroEmirBemerguy&amp;playlist=1\" width=\"500\" height=\"310\" frameborder=\"0\" allowfullscreen=\"allowfullscreen\"><\/iframe><\/p>\n\n\n\n<p>Na pr\u00f3xima fita, o&nbsp;<strong>Coral de Santar\u00e9m<\/strong>, com 150 integrantes, se apresenta no programa radiof\u00f4nico \u201cDomingo Mobral\u201d. Ao piano est\u00e1 o maestro&nbsp;<a rel=\"noreferrer noopener\" href=\"http:\/\/pt.wikipedia.org\/wiki\/Wilson_Fonseca\" target=\"_blank\">Wilson Fonseca<\/a>&nbsp;e na reg\u00eancia, Wilde Dias Fonseca. Apresentado por Emir Bemerguy, o evento abre com a cr\u00f4nica \u201cSantar\u00e9m: ontem, hoje, amanh\u00e3\u201d, criticando o modelo de desenvolvimento das cidades brasileiras. Ou\u00e7a aqui:<\/p>\n\n\n\n<p><iframe loading=\"lazy\" src=\"https:\/\/archive.org\/embed\/CoralDeSantarmacervoSonoroEmirBemerguy&amp;playlist=1\" width=\"500\" height=\"350\" frameborder=\"0\" allowfullscreen=\"allowfullscreen\"><\/iframe><\/p>\n\n\n\n<p>A seguir, uma apresenta\u00e7\u00e3o do cantor Edenmar da Costa Machado \u201c<strong>Machadinho<\/strong>\u201c, acompanhado pelo cavaco de&nbsp;<a rel=\"noreferrer noopener\" href=\"https:\/\/www.oestadonet.com.br\/noticia\/4016\/laudelino-silva-o-pequeno-notavel-do-cavaquinho\/\" target=\"_blank\"><strong>Laudelino Silva<\/strong><\/a>, numa edi\u00e7\u00e3o do programa \u201cPoemas e can\u00e7\u00f5es\u201d, da r\u00e1dio educadora, em 11 de fevereiro de 1968. Esta fita estava, infelizmente, bastante deteriorada, e mesmo com tratamento de \u00e1udio, o som continuou com muito chiado.<\/p>\n\n\n\n<p><iframe loading=\"lazy\" src=\"https:\/\/archive.org\/embed\/MachadinhoELaudelinoAcervoSonoroEmirBemerguy&amp;playlist=1\" width=\"500\" height=\"290\" frameborder=\"0\" allowfullscreen=\"allowfullscreen\"><\/iframe><\/p>\n\n\n\n<p>No final da d\u00e9cada de 70&nbsp;<strong>Laudelino Silva<\/strong>&nbsp;mudou-se para Bel\u00e9m, e Emir prop\u00f4s gravar um bate-papo recheado de execu\u00e7\u00f5es instrumentais, a fim de registrar a partida do tocador de cavaquinho de Santar\u00e9m (que neste dia tocava um bandolim). \u00c9 a grava\u00e7\u00e3o que se ouve aqui, de 3 de agosto de 1979.<\/p>\n\n\n\n<figure class=\"wp-block-image size-large is-resized\"><img loading=\"lazy\" decoding=\"async\" width=\"1024\" height=\"926\" src=\"https:\/\/fabiocavalcante.com\/blog\/wp-content\/uploads\/2014\/07\/Emir-K7-Laudelino-e-Emir-1024x926.jpeg\" alt=\"Capa de fita cassete (K7) do acervo de Emir Bemerguy\" class=\"wp-image-268\" style=\"width:512px;height:463px\" srcset=\"https:\/\/fabiocavalcante.com\/blog\/wp-content\/uploads\/2014\/07\/Emir-K7-Laudelino-e-Emir.jpeg 1024w, https:\/\/fabiocavalcante.com\/blog\/wp-content\/uploads\/2014\/07\/Emir-K7-Laudelino-e-Emir-300x271.jpeg 300w, https:\/\/fabiocavalcante.com\/blog\/wp-content\/uploads\/2014\/07\/Emir-K7-Laudelino-e-Emir-768x695.jpeg 768w\" sizes=\"auto, (max-width: 1024px) 100vw, 1024px\" \/><figcaption class=\"wp-element-caption\">Capa do K7 Laudelino e Emir (3\/8\/1979). Regrava\u00e7\u00e3o: 29\/7\/1994.<\/figcaption><\/figure>\n\n\n\n<p><iframe loading=\"lazy\" src=\"https:\/\/archive.org\/embed\/LaudelinoEEmirAcervoSonoroEmirBemerguy&amp;playlist=1\" width=\"500\" height=\"350\" frameborder=\"0\" allowfullscreen=\"allowfullscreen\"><\/iframe><\/p>\n\n\n\n<p>Em seguida temos uma reuni\u00e3o na casa de&nbsp;<strong>Emir<\/strong>, com&nbsp;<strong>Machadinho<\/strong>,&nbsp;<strong>Laudelino<\/strong>, e seus filhos&nbsp;<strong>L\u00facio<\/strong>&nbsp;e&nbsp;<strong>\u00c9rcio<\/strong>, em 6 de julho 1988. O objetivo, segundo o anfitri\u00e3o, era \u201cpassar alguns momentos tocando viol\u00e3o e bandolim, revivendo instantes preciosos e m\u00e1gicos que se foram\u201d.<\/p>\n\n\n\n<figure class=\"wp-block-image size-large is-resized\"><img loading=\"lazy\" decoding=\"async\" width=\"1024\" height=\"952\" src=\"https:\/\/fabiocavalcante.com\/blog\/wp-content\/uploads\/2014\/07\/Emir-K7-Machadinho-Laudelino-Emir-1024x952.jpeg\" alt=\"Capa de fita cassete (K7) do acervo de Emir Bemerguy.\" class=\"wp-image-269\" style=\"width:512px;height:476px\" srcset=\"https:\/\/fabiocavalcante.com\/blog\/wp-content\/uploads\/2014\/07\/Emir-K7-Machadinho-Laudelino-Emir.jpeg 1024w, https:\/\/fabiocavalcante.com\/blog\/wp-content\/uploads\/2014\/07\/Emir-K7-Machadinho-Laudelino-Emir-300x279.jpeg 300w, https:\/\/fabiocavalcante.com\/blog\/wp-content\/uploads\/2014\/07\/Emir-K7-Machadinho-Laudelino-Emir-768x714.jpeg 768w\" sizes=\"auto, (max-width: 1024px) 100vw, 1024px\" \/><figcaption class=\"wp-element-caption\">Capa do K7 Machadinho, Laudelino, Emir, Emirzinho, L\u00facio, \u00c9rcio (06\/07\/1988)<\/figcaption><\/figure>\n\n\n\n<p><iframe loading=\"lazy\" src=\"https:\/\/archive.org\/embed\/MachadinhoLaudelinoEmirEmirzinhoLucioErcio&amp;playlist=1\" width=\"500\" height=\"330\" frameborder=\"0\" allowfullscreen=\"allowfullscreen\"><\/iframe><\/p>\n\n\n\n<p>Nas pr\u00f3ximas 3 fitas temos: o compositor&nbsp;<strong>Wilson Fonseca \u201cIsoca\u201d<\/strong>, ao piano, interpretando 22 das suas composi\u00e7\u00f5es, numa tocada&nbsp;em 23 de outubro de 1994. Em seguida ouvimos&nbsp;11 m\u00fasicas ao som do \u00f3rg\u00e3o de &nbsp;<strong>Agostinho Fonseca<\/strong>, filho do maestro Isoca; e depois pai e filho tocam juntos.<\/p>\n\n\n\n<figure class=\"wp-block-image size-large is-resized\"><img loading=\"lazy\" decoding=\"async\" width=\"936\" height=\"1024\" src=\"https:\/\/fabiocavalcante.com\/blog\/wp-content\/uploads\/2014\/07\/Emir-K7-Isoca-canc-25CC-25A7o-25CC-2583es-pro-25CC-2581prias2-936x1024.jpg\" alt=\"Capa de fita cassete (K7) do acervo de Emir Bemerguy, com m\u00fasicas do maestro Wilson Fonseca, de Santar\u00e9m, Par\u00e1.\" class=\"wp-image-270\" style=\"width:468px;height:512px\" srcset=\"https:\/\/fabiocavalcante.com\/blog\/wp-content\/uploads\/2014\/07\/Emir-K7-Isoca-canc-25CC-25A7o-25CC-2583es-pro-25CC-2581prias2.jpg 936w, https:\/\/fabiocavalcante.com\/blog\/wp-content\/uploads\/2014\/07\/Emir-K7-Isoca-canc-25CC-25A7o-25CC-2583es-pro-25CC-2581prias2-274x300.jpg 274w, https:\/\/fabiocavalcante.com\/blog\/wp-content\/uploads\/2014\/07\/Emir-K7-Isoca-canc-25CC-25A7o-25CC-2583es-pro-25CC-2581prias2-768x840.jpg 768w\" sizes=\"auto, (max-width: 936px) 100vw, 936px\" \/><figcaption class=\"wp-element-caption\">Capa do K7 Isoca (Can\u00e7\u00f5es pr\u00f3prias) 1987. REG: 23\/10\/1994.<\/figcaption><\/figure>\n\n\n\n<p><iframe loading=\"lazy\" src=\"https:\/\/archive.org\/embed\/WilsonFonsecaIsocaCancoesProprias&amp;playlist=1\" width=\"500\" height=\"390\" frameborder=\"0\" allowfullscreen=\"allowfullscreen\"><\/iframe><\/p>\n\n\n\n<p>Agostinho Fonseca:<\/p>\n\n\n\n<p><iframe loading=\"lazy\" src=\"https:\/\/archive.org\/embed\/TinhoFonsecaAcervoSonoroEmirBemerguy&amp;playlist=1\" width=\"500\" height=\"250\" frameborder=\"0\" allowfullscreen=\"allowfullscreen\"><\/iframe><\/p>\n\n\n\n<p>&#8220;Isoca&#8221; e &#8220;Tinho&#8221;:<\/p>\n\n\n\n<p><iframe loading=\"lazy\" src=\"https:\/\/archive.org\/embed\/IsocaETinhoAcervoSonoroDeEmirBemerguy&amp;playlist=1\" width=\"500\" height=\"270\" frameborder=\"0\" allowfullscreen=\"allowfullscreen\"><\/iframe><\/p>\n\n\n\n<p>A fita seguinte \u00e9 uma cole\u00e7\u00e3o de faixas com a participa\u00e7\u00e3o do radialista&nbsp;<strong><a rel=\"noreferrer noopener\" href=\"http:\/\/ercioafonso.blogspot.com.br\/2012\/04\/osmar-simoes-94-anos.html\" target=\"_blank\">Osmar Sim\u00f5es<\/a><\/strong>&nbsp;(1918 \u2013 1984), um dos fundadores da&nbsp;<a rel=\"noreferrer noopener\" href=\"http:\/\/www.radioruraldesantarem.com.br\/\" target=\"_blank\">R\u00e1dio Rural de Santar\u00e9m<\/a>. S\u00e3o grava\u00e7\u00f5es diversas: entre elas temos uma transmiss\u00e3o radiof\u00f4nica de uma apresenta\u00e7\u00e3o do Coral de Santar\u00e9m (faixas 1 a 3); uma entrevista com o historiador Paulo Rodrigues dos Santos, de 1968 (faixas 7 e 8); e a \u00faltima cr\u00f4nica no r\u00e1dio de Osmar Sim\u00f5es, de 4 de julho de 1984, sobre a inaugura\u00e7\u00e3o da r\u00e1dio rural de Santar\u00e9m.<\/p>\n\n\n\n<p><iframe loading=\"lazy\" src=\"https:\/\/archive.org\/embed\/OsmarSimoesAcervoSonoroEmirBemerguy&amp;playlist=1\" width=\"500\" height=\"290\" frameborder=\"0\" allowfullscreen=\"allowfullscreen\"><\/iframe><\/p>\n\n\n\n<p>As pr\u00f3ximas 7 fitas nos trazem a fala do pr\u00f3prio&nbsp;<strong>Emir Bemerguy<\/strong>.<\/p>\n\n\n\n<p>Na primeira ele recita 13 dos seus poemas, numa grava\u00e7\u00e3o de julho de 1972. Os pr\u00f3ximos dois K7 s\u00e3o de cr\u00f4nicas, lidas regularmente no microfone da r\u00e1dio tropical de santar\u00e9m (a primeira \u00e9 de 1987; a segunda, de 1990). &nbsp;Depois temos mais duas fitas (a primeira de 72, a segunda de 76) com v\u00e1rias dezenas de poemas recitados. Como s\u00e3o muitos poemas, recomendo ler os t\u00edtulos deles nas imagens escaneadas das \u201ccapinhas\u201d, que est\u00e3o sobre cada&nbsp;<em>player<\/em>. E em seguida temos mais duas fitas, gravadas com um depoimento que o poeta deu para o historiador Cristovam Sena, no ano de 1992 (a primeira parte foi feita em 25 de novembro daquele ano, e a segunda, em 17 de dezembro).<\/p>\n\n\n\n<figure class=\"wp-block-image size-large is-resized\"><img loading=\"lazy\" decoding=\"async\" width=\"1021\" height=\"1024\" src=\"https:\/\/fabiocavalcante.com\/blog\/wp-content\/uploads\/2014\/07\/Emir-K7-Poemas-Santarenos-Capa-1-1021x1024.jpeg\" alt=\"Capa de fita cassete (K7) do acervo de Emir Bemerguy, recitando poemas santarenos.\" class=\"wp-image-271\" style=\"width:511px;height:512px\" srcset=\"https:\/\/fabiocavalcante.com\/blog\/wp-content\/uploads\/2014\/07\/Emir-K7-Poemas-Santarenos-Capa-1.jpeg 1021w, https:\/\/fabiocavalcante.com\/blog\/wp-content\/uploads\/2014\/07\/Emir-K7-Poemas-Santarenos-Capa-1-150x150.jpeg 150w, https:\/\/fabiocavalcante.com\/blog\/wp-content\/uploads\/2014\/07\/Emir-K7-Poemas-Santarenos-Capa-1-300x300.jpeg 300w, https:\/\/fabiocavalcante.com\/blog\/wp-content\/uploads\/2014\/07\/Emir-K7-Poemas-Santarenos-Capa-1-768x770.jpeg 768w\" sizes=\"auto, (max-width: 1021px) 100vw, 1021px\" \/><figcaption class=\"wp-element-caption\">Capa do K7 Poemas Santarenos de Emir Bemerguy (8\/7\/1972)<\/figcaption><\/figure>\n\n\n\n<p><iframe loading=\"lazy\" src=\"https:\/\/archive.org\/embed\/PoemasSantarenosDeEmirBemerguy&amp;playlist=1\" width=\"500\" height=\"230\" frameborder=\"0\" allowfullscreen=\"allowfullscreen\"><\/iframe><\/p>\n\n\n\n<figure class=\"wp-block-image size-large is-resized\"><img loading=\"lazy\" decoding=\"async\" width=\"1024\" height=\"899\" src=\"https:\/\/fabiocavalcante.com\/blog\/wp-content\/uploads\/2014\/07\/Emir-K7-cro-25CC-2582nicas-de-emir-1987-1024x899.jpeg\" alt=\"Capa de fita cassete (K7) do acervo de Emir Bemerguy, com cr\u00f4nicas do poeta santareno.\" class=\"wp-image-272\" style=\"width:512px;height:450px\" srcset=\"https:\/\/fabiocavalcante.com\/blog\/wp-content\/uploads\/2014\/07\/Emir-K7-cro-25CC-2582nicas-de-emir-1987.jpeg 1024w, https:\/\/fabiocavalcante.com\/blog\/wp-content\/uploads\/2014\/07\/Emir-K7-cro-25CC-2582nicas-de-emir-1987-300x263.jpeg 300w, https:\/\/fabiocavalcante.com\/blog\/wp-content\/uploads\/2014\/07\/Emir-K7-cro-25CC-2582nicas-de-emir-1987-768x674.jpeg 768w\" sizes=\"auto, (max-width: 1024px) 100vw, 1024px\" \/><figcaption class=\"wp-element-caption\">Capa do K7 Cr\u00f4nicas de Emir Bemerguy \u2013 20\/06\/1987<\/figcaption><\/figure>\n\n\n\n<p><iframe loading=\"lazy\" src=\"https:\/\/archive.org\/embed\/CronicasDeEmirAcervoSonoroEmirBemerguy&amp;playlist=1\" width=\"500\" height=\"270\" frameborder=\"0\" allowfullscreen=\"allowfullscreen\"><\/iframe><\/p>\n\n\n\n<p>Cr\u00f4nicas de Emir, vol. II:<\/p>\n\n\n\n<p><iframe loading=\"lazy\" src=\"https:\/\/archive.org\/embed\/CronicasDeEmirIIAcervoSonoroEmirBemerguy&amp;playlist=1\" width=\"500\" height=\"130\" frameborder=\"0\" allowfullscreen=\"allowfullscreen\"><\/iframe><\/p>\n\n\n\n<figure class=\"wp-block-image size-large is-resized\"><img loading=\"lazy\" decoding=\"async\" width=\"1024\" height=\"947\" src=\"https:\/\/fabiocavalcante.com\/blog\/wp-content\/uploads\/2014\/07\/Emir-K7-Meus-poemas-I-capa-1-1024x947.jpeg\" alt=\"Capa de fita cassete (K7) do acervo de Emir Bemerguy, com poemas recitados.\" class=\"wp-image-273\" style=\"width:512px;height:474px\" srcset=\"https:\/\/fabiocavalcante.com\/blog\/wp-content\/uploads\/2014\/07\/Emir-K7-Meus-poemas-I-capa-1.jpeg 1024w, https:\/\/fabiocavalcante.com\/blog\/wp-content\/uploads\/2014\/07\/Emir-K7-Meus-poemas-I-capa-1-300x277.jpeg 300w, https:\/\/fabiocavalcante.com\/blog\/wp-content\/uploads\/2014\/07\/Emir-K7-Meus-poemas-I-capa-1-768x710.jpeg 768w\" sizes=\"auto, (max-width: 1024px) 100vw, 1024px\" \/><figcaption class=\"wp-element-caption\">Capa do K7 Meus poemas (I). (13\/8\/72)<\/figcaption><\/figure>\n\n\n\n<p><iframe loading=\"lazy\" src=\"https:\/\/archive.org\/embed\/MeusPoemasI&amp;playlist=1\" width=\"500\" height=\"70\" frameborder=\"0\" allowfullscreen=\"allowfullscreen\"><\/iframe><\/p>\n\n\n\n<figure class=\"wp-block-image size-large is-resized\"><img loading=\"lazy\" decoding=\"async\" width=\"1024\" height=\"759\" src=\"https:\/\/fabiocavalcante.com\/blog\/wp-content\/uploads\/2014\/07\/Emir-K7-Meus-poemas-II-capa-1-1024x759.jpeg\" alt=\"Capa de fita cassete (K7) do acervo de Emir Bemerguy.\" class=\"wp-image-275\" style=\"width:512px;height:380px\" srcset=\"https:\/\/fabiocavalcante.com\/blog\/wp-content\/uploads\/2014\/07\/Emir-K7-Meus-poemas-II-capa-1.jpeg 1024w, https:\/\/fabiocavalcante.com\/blog\/wp-content\/uploads\/2014\/07\/Emir-K7-Meus-poemas-II-capa-1-300x222.jpeg 300w, https:\/\/fabiocavalcante.com\/blog\/wp-content\/uploads\/2014\/07\/Emir-K7-Meus-poemas-II-capa-1-768x569.jpeg 768w\" sizes=\"auto, (max-width: 1024px) 100vw, 1024px\" \/><figcaption class=\"wp-element-caption\">Capa do K7 Meus poemas (II) (29\/2\/76)<\/figcaption><\/figure>\n\n\n\n<p><iframe loading=\"lazy\" src=\"https:\/\/archive.org\/embed\/MeusPoemasIIAcervoSonoroEmirBemerguy&amp;playlist=1\" width=\"500\" height=\"290\" frameborder=\"0\" allowfullscreen=\"allowfullscreen\"><\/iframe><\/p>\n\n\n\n<p>Depoimento de Emir para Crist\u00f3v\u00e3o Sena, parte I:<\/p>\n\n\n\n<p><iframe loading=\"lazy\" src=\"https:\/\/archive.org\/embed\/DepoimentodeEmirBemerguyI&amp;playlist=1\" width=\"500\" height=\"70\" frameborder=\"0\" allowfullscreen=\"allowfullscreen\"><\/iframe><\/p>\n\n\n\n<p>Depoimento de Emir para Crist\u00f3v\u00e3o Sena, parte II:<\/p>\n\n\n\n<p><iframe loading=\"lazy\" src=\"https:\/\/archive.org\/embed\/DepoimentoDeEmirBemerguyII&amp;playlist=1\" width=\"500\" height=\"70\" frameborder=\"0\" allowfullscreen=\"allowfullscreen\"><\/iframe><\/p>\n\n\n\n<p>Vou finalizar a postagem com uma grava\u00e7\u00e3o de 1968. Nela, o Emir, ao lado do amigo Arnaldo de Freitas Braga, canta para este \u00faltimo tr\u00eas m\u00fasicas: Extremo Consolo (Emir Bemerguy \/ Wilson Fonseca), Valentia e Volta (essas duas com letra e melodia de Emir). A fala final do Arnaldo sintetiza muito bem o sentimento que tive ao ter acesso ao acervo sonoro do Emir Bemerguy, e por isso a coloquei para fechar essa cole\u00e7\u00e3o. Ele agradece ao poeta pelo privil\u00e9gio de gozar da sua amizade e pela sua sensibilidade. Essa mesma que o fez ver a import\u00e2ncia desses registros para a posteridade (e ainda mais num pa\u00eds onde o descaso com a mem\u00f3ria \u00e9 um princ\u00edpio), e aos quais o tempo vai conferir cada vez mais valor.<\/p>\n\n\n\n<p><iframe loading=\"lazy\" src=\"https:\/\/archive.org\/embed\/EmirBemerguyAoViolao&amp;playlist=1\" width=\"500\" height=\"90\" frameborder=\"0\" allowfullscreen=\"allowfullscreen\"><\/iframe><\/p>\n","protected":false},"excerpt":{"rendered":"<p>O poeta&nbsp;Emir Bemerguy&nbsp;(Fordl\u00e2ndia, 1933 \u2013 Santar\u00e9m, 2012), demostrou sua paix\u00e3o por Santar\u00e9m de muitas formas, e uma delas foi fazendo sistematicamente registros sonoros dos artistas locais. Emir gravou uma centena de fitas K7 ao longo das \u00faltimas 5 d\u00e9cadas, com diversos m\u00fasicos e personalidades santarenas. \u00c9 um material fant\u00e1stico, de grande import\u00e2ncia para os interessados [&hellip;]<\/p>\n","protected":false},"author":1,"featured_media":268,"comment_status":"open","ping_status":"open","sticky":false,"template":"","format":"standard","meta":{"footnotes":""},"categories":[2],"tags":[32],"class_list":["post-179","post","type-post","status-publish","format-standard","has-post-thumbnail","hentry","category-musicas-audios","tag-santarem"],"_links":{"self":[{"href":"https:\/\/fabiocavalcante.com\/blog\/wp-json\/wp\/v2\/posts\/179","targetHints":{"allow":["GET"]}}],"collection":[{"href":"https:\/\/fabiocavalcante.com\/blog\/wp-json\/wp\/v2\/posts"}],"about":[{"href":"https:\/\/fabiocavalcante.com\/blog\/wp-json\/wp\/v2\/types\/post"}],"author":[{"embeddable":true,"href":"https:\/\/fabiocavalcante.com\/blog\/wp-json\/wp\/v2\/users\/1"}],"replies":[{"embeddable":true,"href":"https:\/\/fabiocavalcante.com\/blog\/wp-json\/wp\/v2\/comments?post=179"}],"version-history":[{"count":12,"href":"https:\/\/fabiocavalcante.com\/blog\/wp-json\/wp\/v2\/posts\/179\/revisions"}],"predecessor-version":[{"id":4334,"href":"https:\/\/fabiocavalcante.com\/blog\/wp-json\/wp\/v2\/posts\/179\/revisions\/4334"}],"wp:featuredmedia":[{"embeddable":true,"href":"https:\/\/fabiocavalcante.com\/blog\/wp-json\/wp\/v2\/media\/268"}],"wp:attachment":[{"href":"https:\/\/fabiocavalcante.com\/blog\/wp-json\/wp\/v2\/media?parent=179"}],"wp:term":[{"taxonomy":"category","embeddable":true,"href":"https:\/\/fabiocavalcante.com\/blog\/wp-json\/wp\/v2\/categories?post=179"},{"taxonomy":"post_tag","embeddable":true,"href":"https:\/\/fabiocavalcante.com\/blog\/wp-json\/wp\/v2\/tags?post=179"}],"curies":[{"name":"wp","href":"https:\/\/api.w.org\/{rel}","templated":true}]}}