{"id":180,"date":"2014-06-02T21:26:00","date_gmt":"2014-06-02T21:26:00","guid":{"rendered":"http:\/\/fabiocavalcante.com\/blog\/?p=180"},"modified":"2025-05-29T03:27:35","modified_gmt":"2025-05-29T03:27:35","slug":"musicas-da-copa-da-floresta","status":"publish","type":"post","link":"https:\/\/fabiocavalcante.com\/blog\/musicas-da-copa-da-floresta\/","title":{"rendered":"M\u00fasicas da Copa da Floresta"},"content":{"rendered":"\n<p>A <a href=\"http:\/\/redemocoronga.org.br\/2014\/04\/01\/vaitercopa\/\" target=\"_blank\" rel=\"noopener noreferrer\">Copa da &#8220;Floresta Ativa&#8221;<\/a> \u00e9 uma competi\u00e7\u00e3o esportiva promovida pelo projeto <a href=\"http:\/\/www.saudeealegria.org.br\/\" target=\"_blank\" rel=\"noopener noreferrer\">Sa\u00fade &amp; Alegria<\/a>, e que t\u00e1 acontecendo desde o in\u00edcio de abril na <a href=\"http:\/\/uc.socioambiental.org\/uc\/6577\" target=\"_blank\" rel=\"noopener noreferrer\">Reserva Extrativista Tapaj\u00f3s-Arapiuns<\/a>, reunindo 72 comunidades de Santar\u00e9m e Aveiro.<\/p>\n\n\n\n<p>As duas m\u00fasicas desta postagem foram compostas e gravadas para o evento. A faixa 1 \u00e9 uma m\u00fasica do compositor <a href=\"https:\/\/archive.org\/compress\/FlorestaAtiva2014\/formats=256KBPS%20MP3,JPEG\" target=\"_blank\" rel=\"noreferrer noopener\">Chico Malta<\/a>, de Alter-do-ch\u00e3o, aqui cantada pela <a href=\"https:\/\/cristinacaetano.wordpress.com\/\" target=\"_blank\" rel=\"noopener noreferrer\">Cristina Caetano<\/a>; e a faixa 2 foi composta e interpretada pelo Livaldo Sarmento. Os arranjos, instrumentos e grava\u00e7\u00e3o foram feitos por mim. Ou\u00e7a aqui:<\/p>\n\n\n\n<p><iframe loading=\"lazy\" src=\"https:\/\/archive.org\/embed\/FlorestaAtiva2014&amp;playlist=1\" width=\"500\" height=\"70\" frameborder=\"0\" allowfullscreen=\"allowfullscreen\"><\/iframe><\/p>\n\n\n\n<p>Se quiser baixar as m\u00fasicas, clique <a href=\"https:\/\/archive.org\/compress\/FlorestaAtiva2014\/formats=256KBPS%20MP3,JPEG,JPEG\" target=\"_blank\" rel=\"noreferrer noopener\">aqui (arquivo Zip)<\/a>.<\/p>\n\n\n\n<p>Voc\u00ea pode ver <a href=\"http:\/\/youtu.be\/x_dvFcsGVMg\" target=\"_blank\" rel=\"noopener noreferrer\">aqui<\/a> e <a href=\"http:\/\/youtu.be\/yK7OSuw9eKU\" target=\"_blank\" rel=\"noopener noreferrer\">aqui<\/a> v\u00eddeos sobre as duas primeiras etapas (Anum\u00e3 e Surucu\u00e1) da Copa da Floresta. E pra ficar a par de outras not\u00edcias da Copa, acompanhe o <a href=\"http:\/\/redemocoronga.org.br\/\" target=\"_blank\" rel=\"noopener noreferrer\">blog da Rede Mocoronga<\/a>.<\/p>\n","protected":false},"excerpt":{"rendered":"<p>A Copa da &#8220;Floresta Ativa&#8221; \u00e9 uma competi\u00e7\u00e3o esportiva promovida pelo projeto Sa\u00fade &amp; Alegria, e que t\u00e1 acontecendo desde o in\u00edcio de abril na Reserva Extrativista Tapaj\u00f3s-Arapiuns, reunindo 72 comunidades de Santar\u00e9m e Aveiro. As duas m\u00fasicas desta postagem foram compostas e gravadas para o evento. A faixa 1 \u00e9 uma m\u00fasica do compositor [&hellip;]<\/p>\n","protected":false},"author":1,"featured_media":0,"comment_status":"open","ping_status":"open","sticky":false,"template":"","format":"standard","meta":{"footnotes":""},"categories":[2],"tags":[25,54,32],"class_list":["post-180","post","type-post","status-publish","format-standard","hentry","category-musicas-audios","tag-cancao","tag-chico-malta","tag-santarem"],"_links":{"self":[{"href":"https:\/\/fabiocavalcante.com\/blog\/wp-json\/wp\/v2\/posts\/180","targetHints":{"allow":["GET"]}}],"collection":[{"href":"https:\/\/fabiocavalcante.com\/blog\/wp-json\/wp\/v2\/posts"}],"about":[{"href":"https:\/\/fabiocavalcante.com\/blog\/wp-json\/wp\/v2\/types\/post"}],"author":[{"embeddable":true,"href":"https:\/\/fabiocavalcante.com\/blog\/wp-json\/wp\/v2\/users\/1"}],"replies":[{"embeddable":true,"href":"https:\/\/fabiocavalcante.com\/blog\/wp-json\/wp\/v2\/comments?post=180"}],"version-history":[{"count":11,"href":"https:\/\/fabiocavalcante.com\/blog\/wp-json\/wp\/v2\/posts\/180\/revisions"}],"predecessor-version":[{"id":4335,"href":"https:\/\/fabiocavalcante.com\/blog\/wp-json\/wp\/v2\/posts\/180\/revisions\/4335"}],"wp:attachment":[{"href":"https:\/\/fabiocavalcante.com\/blog\/wp-json\/wp\/v2\/media?parent=180"}],"wp:term":[{"taxonomy":"category","embeddable":true,"href":"https:\/\/fabiocavalcante.com\/blog\/wp-json\/wp\/v2\/categories?post=180"},{"taxonomy":"post_tag","embeddable":true,"href":"https:\/\/fabiocavalcante.com\/blog\/wp-json\/wp\/v2\/tags?post=180"}],"curies":[{"name":"wp","href":"https:\/\/api.w.org\/{rel}","templated":true}]}}