{"id":181,"date":"2014-04-18T14:18:00","date_gmt":"2014-04-18T14:18:00","guid":{"rendered":"http:\/\/fabiocavalcante.com\/blog\/?p=181"},"modified":"2025-05-31T21:05:04","modified_gmt":"2025-05-31T21:05:04","slug":"cantos-dos-calouros-indigenas-da-ufopa","status":"publish","type":"post","link":"https:\/\/fabiocavalcante.com\/blog\/cantos-dos-calouros-indigenas-da-ufopa\/","title":{"rendered":"Cantos dos calouros ind\u00edgenas da UFOPA"},"content":{"rendered":"\n<p>No \u00faltimo dia 4 aconteceu uma recep\u00e7\u00e3o pros calouros ind\u00edgenas da&nbsp;<a href=\"http:\/\/www.ufopa.edu.br\/\" target=\"_blank\" rel=\"noreferrer noopener\">UFOPA<\/a>, que terminou com um ritual realizado por eles mesmos na entrada do campus Tapaj\u00f3s. Os cantos que reuni nesta postagem foram gravados neste ritual. <\/p>\n\n\n\n<p>A primeira faixa \u00e9 um \u201cc\u00e2ntico de agradecimento\u201d, comum a v\u00e1rias etnias. A segunda faixa (Surara e Ix\u00e9 iandep\u00e1 mak\u00fa) \u00e9 um canto&nbsp;<a href=\"http:\/\/pt.wikipedia.org\/wiki\/Boraris\" target=\"_blank\" rel=\"noreferrer noopener\">borari<\/a>, puxado por Adenilson Borari \u201cPor\u00f3\u201d, do DAIN\/UFOPA (Diret\u00f3rio Acad\u00eamico Estudantil Ind\u00edgena). A terceira faixa \u00e9 um canto&nbsp;<a href=\"http:\/\/pt.wikipedia.org\/wiki\/Wai_wai\" target=\"_blank\" rel=\"noreferrer noopener\">Wai wai<\/a>&nbsp;puxado pelos alunos Nilson Newsinu Wai Wai e Radson Tiotio Wai Wai; e no final tem um canto&nbsp;<a href=\"http:\/\/pt.wikipedia.org\/wiki\/Mundurucus\" target=\"_blank\" rel=\"noreferrer noopener\">Munduruku<\/a>, por Jair Boro Munduruku. Ou\u00e7am a\u00ed o som desses novos estudantes:<\/p>\n\n\n\n<p><iframe loading=\"lazy\" src=\"https:\/\/archive.org\/embed\/IndigenasUFOPA201403CantoWaiWai256kb&amp;playlist=1&amp;list_height=110\" width=\"500\" height=\"110\" frameborder=\"0\" webkitallowfullscreen=\"true\" mozallowfullscreen=\"true\" allowfullscreen=\"\"><\/iframe><\/p>\n\n\n\n<p>Se quiser baixar as quatro faixas, clique&nbsp;<a href=\"https:\/\/archive.org\/compress\/IndigenasUFOPA201403CantoWaiWai256kb\/formats=256KBPS%20MP3,JPEG,JPEG\" target=\"_blank\" rel=\"noreferrer noopener\">aqui (arquivo Zip)<\/a>. E abaixo est\u00e3o algumas imagens desse momento.<\/p>\n\n\n\n<figure class=\"wp-block-gallery has-nested-images columns-default is-cropped wp-block-gallery-1 is-layout-flex wp-block-gallery-is-layout-flex\">\n<figure class=\"wp-block-image size-large\"><a href=\"https:\/\/fabiocavalcante.com\/blog\/wp-content\/uploads\/2014\/04\/RecepcaoDeDiscentesIndigenasDaUfopa2014_01.jpg\"><img loading=\"lazy\" decoding=\"async\" width=\"1024\" height=\"768\" data-id=\"2051\" src=\"https:\/\/fabiocavalcante.com\/blog\/wp-content\/uploads\/2014\/04\/RecepcaoDeDiscentesIndigenasDaUfopa2014_01-1024x768.jpg\" alt=\"Roda com ind\u00edgenas durante ritual de recep\u00e7\u00e3o na Ufopa.\" class=\"wp-image-2051\" srcset=\"https:\/\/fabiocavalcante.com\/blog\/wp-content\/uploads\/2014\/04\/RecepcaoDeDiscentesIndigenasDaUfopa2014_01-1024x768.jpg 1024w, https:\/\/fabiocavalcante.com\/blog\/wp-content\/uploads\/2014\/04\/RecepcaoDeDiscentesIndigenasDaUfopa2014_01-300x225.jpg 300w, https:\/\/fabiocavalcante.com\/blog\/wp-content\/uploads\/2014\/04\/RecepcaoDeDiscentesIndigenasDaUfopa2014_01-768x576.jpg 768w, https:\/\/fabiocavalcante.com\/blog\/wp-content\/uploads\/2014\/04\/RecepcaoDeDiscentesIndigenasDaUfopa2014_01.jpg 1280w\" sizes=\"auto, (max-width: 1024px) 100vw, 1024px\" \/><\/a><\/figure>\n\n\n\n<figure class=\"wp-block-image size-large\"><a href=\"https:\/\/fabiocavalcante.com\/blog\/wp-content\/uploads\/2014\/04\/RecepcaoDeDiscentesIndigenasDaUfopa2014_02.jpg\"><img loading=\"lazy\" decoding=\"async\" width=\"1024\" height=\"768\" data-id=\"2052\" src=\"https:\/\/fabiocavalcante.com\/blog\/wp-content\/uploads\/2014\/04\/RecepcaoDeDiscentesIndigenasDaUfopa2014_02-1024x768.jpg\" alt=\"Roda com ind\u00edgenas durante ritual de recep\u00e7\u00e3o na Ufopa.\" class=\"wp-image-2052\" srcset=\"https:\/\/fabiocavalcante.com\/blog\/wp-content\/uploads\/2014\/04\/RecepcaoDeDiscentesIndigenasDaUfopa2014_02-1024x768.jpg 1024w, https:\/\/fabiocavalcante.com\/blog\/wp-content\/uploads\/2014\/04\/RecepcaoDeDiscentesIndigenasDaUfopa2014_02-300x225.jpg 300w, https:\/\/fabiocavalcante.com\/blog\/wp-content\/uploads\/2014\/04\/RecepcaoDeDiscentesIndigenasDaUfopa2014_02-768x576.jpg 768w, https:\/\/fabiocavalcante.com\/blog\/wp-content\/uploads\/2014\/04\/RecepcaoDeDiscentesIndigenasDaUfopa2014_02.jpg 1280w\" sizes=\"auto, (max-width: 1024px) 100vw, 1024px\" \/><\/a><\/figure>\n\n\n\n<figure class=\"wp-block-image size-large\"><a href=\"https:\/\/fabiocavalcante.com\/blog\/wp-content\/uploads\/2014\/04\/RecepcaoDeDiscentesIndigenasDaUfopa2014_03.png\"><img loading=\"lazy\" decoding=\"async\" width=\"640\" height=\"480\" data-id=\"2053\" src=\"https:\/\/fabiocavalcante.com\/blog\/wp-content\/uploads\/2014\/04\/RecepcaoDeDiscentesIndigenasDaUfopa2014_03.png\" alt=\"Roda com ind\u00edgenas durante ritual de recep\u00e7\u00e3o na Ufopa.\" class=\"wp-image-2053\" srcset=\"https:\/\/fabiocavalcante.com\/blog\/wp-content\/uploads\/2014\/04\/RecepcaoDeDiscentesIndigenasDaUfopa2014_03.png 640w, https:\/\/fabiocavalcante.com\/blog\/wp-content\/uploads\/2014\/04\/RecepcaoDeDiscentesIndigenasDaUfopa2014_03-300x225.png 300w\" sizes=\"auto, (max-width: 640px) 100vw, 640px\" \/><\/a><\/figure>\n\n\n\n<figure class=\"wp-block-image size-large\"><a href=\"https:\/\/fabiocavalcante.com\/blog\/wp-content\/uploads\/2014\/04\/RecepcaoDeDiscentesIndigenasDaUfopa2014_04.png\"><img loading=\"lazy\" decoding=\"async\" width=\"640\" height=\"480\" data-id=\"2054\" src=\"https:\/\/fabiocavalcante.com\/blog\/wp-content\/uploads\/2014\/04\/RecepcaoDeDiscentesIndigenasDaUfopa2014_04.png\" alt=\"Roda com ind\u00edgenas durante ritual de recep\u00e7\u00e3o na Ufopa.\" class=\"wp-image-2054\" srcset=\"https:\/\/fabiocavalcante.com\/blog\/wp-content\/uploads\/2014\/04\/RecepcaoDeDiscentesIndigenasDaUfopa2014_04.png 640w, https:\/\/fabiocavalcante.com\/blog\/wp-content\/uploads\/2014\/04\/RecepcaoDeDiscentesIndigenasDaUfopa2014_04-300x225.png 300w\" sizes=\"auto, (max-width: 640px) 100vw, 640px\" \/><\/a><\/figure>\n\n\n\n<figure class=\"wp-block-image size-large\"><a href=\"https:\/\/fabiocavalcante.com\/blog\/wp-content\/uploads\/2014\/04\/RecepcaoDeDiscentesIndigenasDaUfopa2014_05.png\"><img loading=\"lazy\" decoding=\"async\" width=\"640\" height=\"480\" data-id=\"2055\" src=\"https:\/\/fabiocavalcante.com\/blog\/wp-content\/uploads\/2014\/04\/RecepcaoDeDiscentesIndigenasDaUfopa2014_05.png\" alt=\"Roda com ind\u00edgenas durante ritual de recep\u00e7\u00e3o na Ufopa.\" class=\"wp-image-2055\" srcset=\"https:\/\/fabiocavalcante.com\/blog\/wp-content\/uploads\/2014\/04\/RecepcaoDeDiscentesIndigenasDaUfopa2014_05.png 640w, https:\/\/fabiocavalcante.com\/blog\/wp-content\/uploads\/2014\/04\/RecepcaoDeDiscentesIndigenasDaUfopa2014_05-300x225.png 300w\" sizes=\"auto, (max-width: 640px) 100vw, 640px\" \/><\/a><\/figure>\n<\/figure>\n","protected":false},"excerpt":{"rendered":"<p>No \u00faltimo dia 4 aconteceu uma recep\u00e7\u00e3o pros calouros ind\u00edgenas da&nbsp;UFOPA, que terminou com um ritual realizado por eles mesmos na entrada do campus Tapaj\u00f3s. Os cantos que reuni nesta postagem foram gravados neste ritual. A primeira faixa \u00e9 um \u201cc\u00e2ntico de agradecimento\u201d, comum a v\u00e1rias etnias. A segunda faixa (Surara e Ix\u00e9 iandep\u00e1 mak\u00fa) [&hellip;]<\/p>\n","protected":false},"author":1,"featured_media":674,"comment_status":"open","ping_status":"open","sticky":false,"template":"","format":"standard","meta":{"footnotes":""},"categories":[3,2],"tags":[31,17,70,32],"class_list":["post-181","post","type-post","status-publish","format-standard","has-post-thumbnail","hentry","category-folclore","category-musicas-audios","tag-ao-vivo","tag-folclore-paraense","tag-musica-indigena","tag-santarem"],"_links":{"self":[{"href":"https:\/\/fabiocavalcante.com\/blog\/wp-json\/wp\/v2\/posts\/181","targetHints":{"allow":["GET"]}}],"collection":[{"href":"https:\/\/fabiocavalcante.com\/blog\/wp-json\/wp\/v2\/posts"}],"about":[{"href":"https:\/\/fabiocavalcante.com\/blog\/wp-json\/wp\/v2\/types\/post"}],"author":[{"embeddable":true,"href":"https:\/\/fabiocavalcante.com\/blog\/wp-json\/wp\/v2\/users\/1"}],"replies":[{"embeddable":true,"href":"https:\/\/fabiocavalcante.com\/blog\/wp-json\/wp\/v2\/comments?post=181"}],"version-history":[{"count":18,"href":"https:\/\/fabiocavalcante.com\/blog\/wp-json\/wp\/v2\/posts\/181\/revisions"}],"predecessor-version":[{"id":4732,"href":"https:\/\/fabiocavalcante.com\/blog\/wp-json\/wp\/v2\/posts\/181\/revisions\/4732"}],"wp:featuredmedia":[{"embeddable":true,"href":"https:\/\/fabiocavalcante.com\/blog\/wp-json\/wp\/v2\/media\/674"}],"wp:attachment":[{"href":"https:\/\/fabiocavalcante.com\/blog\/wp-json\/wp\/v2\/media?parent=181"}],"wp:term":[{"taxonomy":"category","embeddable":true,"href":"https:\/\/fabiocavalcante.com\/blog\/wp-json\/wp\/v2\/categories?post=181"},{"taxonomy":"post_tag","embeddable":true,"href":"https:\/\/fabiocavalcante.com\/blog\/wp-json\/wp\/v2\/tags?post=181"}],"curies":[{"name":"wp","href":"https:\/\/api.w.org\/{rel}","templated":true}]}}