{"id":183,"date":"2013-11-06T16:20:00","date_gmt":"2013-11-06T16:20:00","guid":{"rendered":"http:\/\/fabiocavalcante.com\/blog\/?p=183"},"modified":"2025-05-31T21:05:43","modified_gmt":"2025-05-31T21:05:43","slug":"i-festival-de-musica-da-ufopa","status":"publish","type":"post","link":"https:\/\/fabiocavalcante.com\/blog\/i-festival-de-musica-da-ufopa\/","title":{"rendered":"I Festival de M\u00fasica da UFOPA"},"content":{"rendered":"\n<p>Essas&nbsp;grava\u00e7\u00f5es foram feitas durante o I Festival de M\u00fasica da&nbsp;<a rel=\"noreferrer noopener\" href=\"http:\/\/www.ufopa.edu.br\/\" target=\"_blank\">UFOPA<\/a>, que aconteceu dia primeiro de novembro, no campus Rondon. Foram gravadas do meio do p\u00fablico, e est\u00e3o, portanto, cheias dos ru\u00eddos do&nbsp;ambiente. Ou\u00e7am a\u00ed:<\/p>\n\n\n\n<p><iframe loading=\"lazy\" src=\"https:\/\/archive.org\/embed\/IFestivalDeMusicaDaUFOPA&amp;playlist=1\" width=\"500\" height=\"230\" frameborder=\"0\"><\/iframe><\/p>\n\n\n\n<p>O primeiro lugar ficou com \u201cDan\u00e7ar juntos\u201d (faixa 10), composta e interpretada por Clarice Senna, e que, indiscutivelmente, arrebatou a plateia \u2013 foi de longe a m\u00fasica mais aplaudida, por exemplo. O segundo e terceiro lugares ficaram, respectivamente, com \u201cSindicato Clandestino\u201d (faixa 4), da banda de metal Iron Jaraki, e o samba \u201cMeu menino\u201d (faixa 1), do grupo&nbsp;<a rel=\"noreferrer noopener\" href=\"https:\/\/www.facebook.com\/pages\/Grupo-Receita-de-Samba-Santar%C3%A9mPA\/148371251999364\" target=\"_blank\">Receita de Samba<\/a>.<\/p>\n\n\n\n<figure class=\"wp-block-gallery has-nested-images columns-default is-cropped wp-block-gallery-1 is-layout-flex wp-block-gallery-is-layout-flex\">\n<figure class=\"wp-block-image size-large\"><a href=\"https:\/\/fabiocavalcante.com\/blog\/wp-content\/uploads\/2013\/11\/IFestivalUFOPA01ClariceSena.jpg\"><img loading=\"lazy\" decoding=\"async\" width=\"1024\" height=\"680\" data-id=\"279\" src=\"https:\/\/fabiocavalcante.com\/blog\/wp-content\/uploads\/2013\/11\/IFestivalUFOPA01ClariceSena-1024x680.jpg\" alt=\"Apresenta\u00e7\u00e3o de Clarice Sena no palco do I Festival da Ufopa\" class=\"wp-image-279\" srcset=\"https:\/\/fabiocavalcante.com\/blog\/wp-content\/uploads\/2013\/11\/IFestivalUFOPA01ClariceSena.jpg 1024w, https:\/\/fabiocavalcante.com\/blog\/wp-content\/uploads\/2013\/11\/IFestivalUFOPA01ClariceSena-300x199.jpg 300w, https:\/\/fabiocavalcante.com\/blog\/wp-content\/uploads\/2013\/11\/IFestivalUFOPA01ClariceSena-768x510.jpg 768w\" sizes=\"auto, (max-width: 1024px) 100vw, 1024px\" \/><\/a><figcaption class=\"wp-element-caption\">Clarice Senna (foto de Luiz Mota)<\/figcaption><\/figure>\n\n\n\n<figure class=\"wp-block-image size-large\"><a href=\"https:\/\/fabiocavalcante.com\/blog\/wp-content\/uploads\/2013\/11\/IFestivalUFOPA02IronJaraki.jpg\"><img loading=\"lazy\" decoding=\"async\" width=\"1024\" height=\"680\" data-id=\"280\" src=\"https:\/\/fabiocavalcante.com\/blog\/wp-content\/uploads\/2013\/11\/IFestivalUFOPA02IronJaraki-1024x680.jpg\" alt=\"Apresenta\u00e7\u00e3o da banda Iron Jaraki no palco do I Festival da Ufopa\" class=\"wp-image-280\" srcset=\"https:\/\/fabiocavalcante.com\/blog\/wp-content\/uploads\/2013\/11\/IFestivalUFOPA02IronJaraki.jpg 1024w, https:\/\/fabiocavalcante.com\/blog\/wp-content\/uploads\/2013\/11\/IFestivalUFOPA02IronJaraki-300x199.jpg 300w, https:\/\/fabiocavalcante.com\/blog\/wp-content\/uploads\/2013\/11\/IFestivalUFOPA02IronJaraki-768x510.jpg 768w\" sizes=\"auto, (max-width: 1024px) 100vw, 1024px\" \/><\/a><figcaption class=\"wp-element-caption\">Iron Jaraki (foto por Luiz Mota)<\/figcaption><\/figure>\n\n\n\n<figure class=\"wp-block-image size-large\"><a href=\"https:\/\/fabiocavalcante.com\/blog\/wp-content\/uploads\/2013\/11\/IFestivalUFOPA03ReceitaDeSamba.jpg\"><img loading=\"lazy\" decoding=\"async\" width=\"1024\" height=\"680\" data-id=\"281\" src=\"https:\/\/fabiocavalcante.com\/blog\/wp-content\/uploads\/2013\/11\/IFestivalUFOPA03ReceitaDeSamba-1024x680.jpg\" alt=\"Apresenta\u00e7\u00e3o da banda Receita de Samba no palco do I Festival da Ufopa\" class=\"wp-image-281\" srcset=\"https:\/\/fabiocavalcante.com\/blog\/wp-content\/uploads\/2013\/11\/IFestivalUFOPA03ReceitaDeSamba.jpg 1024w, https:\/\/fabiocavalcante.com\/blog\/wp-content\/uploads\/2013\/11\/IFestivalUFOPA03ReceitaDeSamba-300x199.jpg 300w, https:\/\/fabiocavalcante.com\/blog\/wp-content\/uploads\/2013\/11\/IFestivalUFOPA03ReceitaDeSamba-768x510.jpg 768w\" sizes=\"auto, (max-width: 1024px) 100vw, 1024px\" \/><\/a><figcaption class=\"wp-element-caption\">Receita de Samba (foto por Luiz Mota)<\/figcaption><\/figure>\n<\/figure>\n\n\n\n<p>Se quiser baixar todas as m\u00fasicas, clique&nbsp;<a href=\"https:\/\/archive.org\/compress\/IFestivalDeMusicaDaUFOPA\/formats=256KBPS%20MP3,JPEG\">aqui (arquivo Zip)<\/a>.&nbsp;E esta \u00e9 a ficha t\u00e9cnica completa das m\u00fasicas apresentadas:<\/p>\n\n\n\n<ol class=\"wp-block-list\">\n<li><strong>Meu menino<\/strong> (<em>Marcelle Almeida<\/em>) \u2013 Grupo Receita de Samba.<br>Voz: <em>Marcelle Almeida<\/em>,<br>Viol\u00e3o 7 cordas: <em>Fabr\u00edcio Sombra<\/em>,<br>Cavaco: <em>Lu\u00edz Ac\u00e1cio<\/em>,<br>Sax soprano: <em>Isonilson Rocha<\/em>,<br>Trompete: <em>Willhison Sousa<\/em>,<br>Trombone:&nbsp;<em>Divaldo Filho<\/em>,<br>Percuss\u00f5es: <em>Erison Fonseca, Everson Cesar e Tadeu Xavier<\/em>.<\/li>\n\n\n\n<li><strong>Amores modernos<\/strong> (<em>Celso Lima<\/em>) \u2013 Banda Na hora.<br>Voz e viol\u00e3o: <em>Celso Lima<\/em>,<br>Baixo:&nbsp;<em>Rui Vila-boas<\/em>,<br>Bandolim: <em>Raul Silva<\/em>.<\/li>\n\n\n\n<li><strong>Glamours girls<\/strong> (<em>Felipe Manoel \/ Cl\u00f3vis Rodrigues<\/em>) \u2013 Ravenc.<br>Voz e viol\u00e3o: <em>Felipe Manoel<\/em>.<\/li>\n\n\n\n<li><strong>Sindicato clandestino<\/strong> (<em>Majd Aboul<\/em>) \u2013 Iron Jaraki.<br><em>Bob Gringer<\/em>: Vocal,<br><em>Majd Aboul<\/em>: Guitarra,<br>Bateria: <em>Rick Cisco<\/em>,<br><em>Nicolas Kolesne<\/em>: Baixo.<\/li>\n\n\n\n<li><strong>Um amor de verdade<\/strong> (<em>Ana Correa<\/em>).<br>Voz: <em>Ana Correa<\/em>,<br>Guitarra: <em>Carlos Melo e Diego<\/em>,<br>Bateria: <em>Derlon Nogueira<\/em>,<br>Baixo: <em>Gabriel Baena<\/em>.<\/li>\n\n\n\n<li><strong>Far away<\/strong> (<em>V\u00edtor Ferreira \/ Ilcinara Jordana<\/em>) \u2013 Banda Darth Verde.<br>Voz e viol\u00e3o: <em>Ilcinara Jordana<\/em>,<br>Guitarra: <em>V\u00edtor Ferreira<\/em>,<br>Baixo: <em>Fl\u00e1via Rodrigues<\/em>,<br>Bateria: <em>Derlon Nogueira<\/em>.<\/li>\n\n\n\n<li><strong>A tua estrela<\/strong> (<em>Paulo Victor Maranh\u00e3o<\/em>).<br>Voz: <em>M\u00e1rcia Maranh\u00e3o<\/em>,<br>Viol\u00e3o: <em>Paulo Maranh\u00e3o<\/em>,<br>Percuss\u00e3o: <em>Rafael<\/em>,<br>Baixo: <em>Neves<\/em>,<br>Flauta: <em>Sara<\/em>.<\/li>\n\n\n\n<li><strong>A verdade<\/strong> (<em>Rafael Siqueira<\/em>).<br>Voz: <em>Rafael Siqueira<\/em>,<br>Teclados: <em>Jo\u00e3o Paulo Rodrigues<\/em>.<\/li>\n\n\n\n<li><strong>O outro lado da vida<\/strong> (<em>R\u00f4mulo Lima<\/em>).<br>Viol\u00e3o e voz: <em>R\u00f4mulo Lim<\/em>a.<\/li>\n\n\n\n<li><strong>Dan\u00e7ar juntos<\/strong> (<em>Clarice Senna<\/em>).<br>Voz: <em>Clarice Senna<\/em>,<br>Viol\u00e3o: <em>Edm\u00e1rcio Paix\u00e3o<\/em>,<br>Baixo: <em>Rui Vila-boas<\/em>,<br>Percuss\u00e3o: <em>Everson C\u00e9sar<\/em>.<\/li>\n<\/ol>\n","protected":false},"excerpt":{"rendered":"<p>Essas&nbsp;grava\u00e7\u00f5es foram feitas durante o I Festival de M\u00fasica da&nbsp;UFOPA, que aconteceu dia primeiro de novembro, no campus Rondon. Foram gravadas do meio do p\u00fablico, e est\u00e3o, portanto, cheias dos ru\u00eddos do&nbsp;ambiente. Ou\u00e7am a\u00ed: O primeiro lugar ficou com \u201cDan\u00e7ar juntos\u201d (faixa 10), composta e interpretada por Clarice Senna, e que, indiscutivelmente, arrebatou a plateia [&hellip;]<\/p>\n","protected":false},"author":1,"featured_media":279,"comment_status":"open","ping_status":"open","sticky":false,"template":"","format":"standard","meta":{"footnotes":""},"categories":[2],"tags":[31,32],"class_list":["post-183","post","type-post","status-publish","format-standard","has-post-thumbnail","hentry","category-musicas-audios","tag-ao-vivo","tag-santarem"],"_links":{"self":[{"href":"https:\/\/fabiocavalcante.com\/blog\/wp-json\/wp\/v2\/posts\/183","targetHints":{"allow":["GET"]}}],"collection":[{"href":"https:\/\/fabiocavalcante.com\/blog\/wp-json\/wp\/v2\/posts"}],"about":[{"href":"https:\/\/fabiocavalcante.com\/blog\/wp-json\/wp\/v2\/types\/post"}],"author":[{"embeddable":true,"href":"https:\/\/fabiocavalcante.com\/blog\/wp-json\/wp\/v2\/users\/1"}],"replies":[{"embeddable":true,"href":"https:\/\/fabiocavalcante.com\/blog\/wp-json\/wp\/v2\/comments?post=183"}],"version-history":[{"count":18,"href":"https:\/\/fabiocavalcante.com\/blog\/wp-json\/wp\/v2\/posts\/183\/revisions"}],"predecessor-version":[{"id":4733,"href":"https:\/\/fabiocavalcante.com\/blog\/wp-json\/wp\/v2\/posts\/183\/revisions\/4733"}],"wp:featuredmedia":[{"embeddable":true,"href":"https:\/\/fabiocavalcante.com\/blog\/wp-json\/wp\/v2\/media\/279"}],"wp:attachment":[{"href":"https:\/\/fabiocavalcante.com\/blog\/wp-json\/wp\/v2\/media?parent=183"}],"wp:term":[{"taxonomy":"category","embeddable":true,"href":"https:\/\/fabiocavalcante.com\/blog\/wp-json\/wp\/v2\/categories?post=183"},{"taxonomy":"post_tag","embeddable":true,"href":"https:\/\/fabiocavalcante.com\/blog\/wp-json\/wp\/v2\/tags?post=183"}],"curies":[{"name":"wp","href":"https:\/\/api.w.org\/{rel}","templated":true}]}}