{"id":184,"date":"2013-10-07T17:00:00","date_gmt":"2013-10-07T17:00:00","guid":{"rendered":"http:\/\/fabiocavalcante.com\/blog\/?p=184"},"modified":"2025-05-31T20:32:50","modified_gmt":"2025-05-31T20:32:50","slug":"sebastiao-tapajos-ao-vivo-no-barrudada","status":"publish","type":"post","link":"https:\/\/fabiocavalcante.com\/blog\/sebastiao-tapajos-ao-vivo-no-barrudada\/","title":{"rendered":"Sebasti\u00e3o Tapaj\u00f3s ao vivo no Barrudada"},"content":{"rendered":"\n<p>Esta \u00e9 uma&nbsp;<a rel=\"noreferrer noopener\" href=\"http:\/\/pt.wikipedia.org\/wiki\/Bootleg\" target=\"_blank\">grava\u00e7\u00e3o&nbsp;<em>bootleg<\/em><\/a>&nbsp;que fiz de uma apresenta\u00e7\u00e3o do violonista&nbsp;<a rel=\"noreferrer noopener\" href=\"http:\/\/pt.wikipedia.org\/wiki\/Sebasti%C3%A3o_Tapaj%C3%B3s\" target=\"_blank\">Sebasti\u00e3o Tapaj\u00f3s<\/a>, durante a abertura do VI Simp\u00f3sio Brasil-Alemanha, no hotel Barrudada, Santar\u00e9m, no \u00faltimo 29. Ele foi acompanhado por S\u00e9rgio Abalos, no viol\u00e3o; Anderson Dourado, nos teclados; Dhionny Vianna, no contrabaixo, e Adriano Dourado na bateria. Esta grava\u00e7\u00e3o, infelizmente, n\u00e3o est\u00e1 completa, e o show teve no repert\u00f3rio, principalmente, as m\u00fasicas do novo CD do Sebasti\u00e3o \u2013 chamado \u201cAos da guitarrada\u201d, homenageando a&nbsp;<a rel=\"noreferrer noopener\" href=\"http:\/\/pt.wikipedia.org\/wiki\/Guitarrada\" target=\"_blank\">guitarrada<\/a>&nbsp;do Par\u00e1.<\/p>\n\n\n\n<p><iframe loading=\"lazy\" src=\"https:\/\/archive.org\/embed\/SebastioTapajsAoVivoNoBarrudada&amp;playlist=1\" width=\"500\" height=\"130\" frameborder=\"0\" allowfullscreen=\"allowfullscreen\"><\/iframe><\/p>\n\n\n\n<p>Se quiser baixar os \u00e1udios, clique&nbsp;<a href=\"https:\/\/archive.org\/compress\/SebastioTapajsAoVivoNoBarrudada\/formats=192KBPS%20MP3,JPEG\" target=\"_blank\" rel=\"noreferrer noopener\">aqui<\/a>.<\/p>\n\n\n\n<p>Tamb\u00e9m encontrei na internet uma vers\u00e3o de est\u00fadio de \u201cAos da guitarrada\u201d, a primeira faixa do&nbsp;<em>player<\/em>&nbsp;acima. Ou\u00e7a aqui:<\/p>\n\n\n\n<figure class=\"wp-block-embed is-type-rich is-provider-soundcloud wp-block-embed-soundcloud\"><div class=\"wp-block-embed__wrapper\">\n<iframe loading=\"lazy\" title=\"Aos da Guitarrada - Sebasti\u00e3o Tapaj\u00f3s by Neymessias\" width=\"500\" height=\"400\" scrolling=\"no\" frameborder=\"no\" src=\"https:\/\/w.soundcloud.com\/player\/?visual=true&#038;url=https%3A%2F%2Fapi.soundcloud.com%2Ftracks%2F106711128&#038;show_artwork=true&#038;maxheight=750&#038;maxwidth=500\"><\/iframe>\n<\/div><\/figure>\n","protected":false},"excerpt":{"rendered":"<p>Esta \u00e9 uma&nbsp;grava\u00e7\u00e3o&nbsp;bootleg&nbsp;que fiz de uma apresenta\u00e7\u00e3o do violonista&nbsp;Sebasti\u00e3o Tapaj\u00f3s, durante a abertura do VI Simp\u00f3sio Brasil-Alemanha, no hotel Barrudada, Santar\u00e9m, no \u00faltimo 29. Ele foi acompanhado por S\u00e9rgio Abalos, no viol\u00e3o; Anderson Dourado, nos teclados; Dhionny Vianna, no contrabaixo, e Adriano Dourado na bateria. Esta grava\u00e7\u00e3o, infelizmente, n\u00e3o est\u00e1 completa, e o show teve [&hellip;]<\/p>\n","protected":false},"author":1,"featured_media":282,"comment_status":"open","ping_status":"open","sticky":false,"template":"","format":"standard","meta":{"footnotes":""},"categories":[2],"tags":[31,32],"class_list":["post-184","post","type-post","status-publish","format-standard","has-post-thumbnail","hentry","category-musicas-audios","tag-ao-vivo","tag-santarem"],"_links":{"self":[{"href":"https:\/\/fabiocavalcante.com\/blog\/wp-json\/wp\/v2\/posts\/184","targetHints":{"allow":["GET"]}}],"collection":[{"href":"https:\/\/fabiocavalcante.com\/blog\/wp-json\/wp\/v2\/posts"}],"about":[{"href":"https:\/\/fabiocavalcante.com\/blog\/wp-json\/wp\/v2\/types\/post"}],"author":[{"embeddable":true,"href":"https:\/\/fabiocavalcante.com\/blog\/wp-json\/wp\/v2\/users\/1"}],"replies":[{"embeddable":true,"href":"https:\/\/fabiocavalcante.com\/blog\/wp-json\/wp\/v2\/comments?post=184"}],"version-history":[{"count":13,"href":"https:\/\/fabiocavalcante.com\/blog\/wp-json\/wp\/v2\/posts\/184\/revisions"}],"predecessor-version":[{"id":4712,"href":"https:\/\/fabiocavalcante.com\/blog\/wp-json\/wp\/v2\/posts\/184\/revisions\/4712"}],"wp:featuredmedia":[{"embeddable":true,"href":"https:\/\/fabiocavalcante.com\/blog\/wp-json\/wp\/v2\/media\/282"}],"wp:attachment":[{"href":"https:\/\/fabiocavalcante.com\/blog\/wp-json\/wp\/v2\/media?parent=184"}],"wp:term":[{"taxonomy":"category","embeddable":true,"href":"https:\/\/fabiocavalcante.com\/blog\/wp-json\/wp\/v2\/categories?post=184"},{"taxonomy":"post_tag","embeddable":true,"href":"https:\/\/fabiocavalcante.com\/blog\/wp-json\/wp\/v2\/tags?post=184"}],"curies":[{"name":"wp","href":"https:\/\/api.w.org\/{rel}","templated":true}]}}