{"id":185,"date":"2013-09-27T16:03:00","date_gmt":"2013-09-27T16:03:00","guid":{"rendered":"http:\/\/fabiocavalcante.com\/blog\/?p=185"},"modified":"2025-05-31T21:07:45","modified_gmt":"2025-05-31T21:07:45","slug":"caboquice-no-1","status":"publish","type":"post","link":"https:\/\/fabiocavalcante.com\/blog\/caboquice-no-1\/","title":{"rendered":"Caboquice n\u00ba 1"},"content":{"rendered":"\n<p>Mais uma m\u00fasica pro meu disco-sempre-em-constru\u00e7\u00e3o <i><b>Singles<\/b><\/i>. \u00c9 um arranjo para um trecho de dois compassos do chorinho &#8220;Naquele tempo&#8221; (de Pixinguinha e Benedito Lacerda), que fica se repetindo diversas vezes entre 4 vozes, em forma de c\u00e2none. O resultado \u00e9 esse a\u00ed embaixo, e o chamei de &#8220;Caboquice No. 1: com um trecho de Naquele tempo&#8221;.<\/p>\n\n\n\n<figure class=\"wp-block-audio\"><audio controls src=\"https:\/\/archive.org\/download\/FGC_Singles01\/02-CaboquiceNo1_NaqueleTempo_192kb.mp3\"><\/audio><\/figure>\n\n\n\n<p>A partitura est\u00e1 a\u00ed embaixo. Se quiser, baixe-a <a href=\"https:\/\/archive.org\/download\/CaboquiceN1ComUmTrechoDeNaqueleTempo\/CaboquiceN1ComUmTrechoDeNaqueleTempo.pdf\" target=\"_blank\" rel=\"noreferrer noopener\">aqui<\/a>.<\/p>\n\n\n\n<div class=\"wp-block-columns has-light-gray-background-color has-background is-layout-flex wp-container-core-columns-is-layout-28f84493 wp-block-columns-is-layout-flex\" style=\"border-top-color:var(--wp--preset--color--accent-6);border-top-width:1px;border-bottom-color:var(--wp--preset--color--accent-6);border-bottom-width:1px\">\n<div class=\"wp-block-column is-layout-flow wp-block-column-is-layout-flow\" style=\"flex-basis:33.33%\">\n<figure class=\"wp-block-image size-full has-custom-border\"><a href=\"https:\/\/archive.org\/download\/CaboquiceN1ComUmTrechoDeNaqueleTempo\/CaboquiceN1ComUmTrechoDeNaqueleTempo.pdf\" target=\"_blank\" rel=\"noopener\"><img loading=\"lazy\" decoding=\"async\" width=\"250\" height=\"354\" src=\"https:\/\/fabiocavalcante.com\/blog\/wp-content\/uploads\/2013\/09\/livro-composicoes-caboquice-n-1.webp\" alt=\"\" class=\"has-border-color has-accent-6-border-color wp-image-4706\" style=\"border-width:1px\" srcset=\"https:\/\/fabiocavalcante.com\/blog\/wp-content\/uploads\/2013\/09\/livro-composicoes-caboquice-n-1.webp 250w, https:\/\/fabiocavalcante.com\/blog\/wp-content\/uploads\/2013\/09\/livro-composicoes-caboquice-n-1-212x300.webp 212w\" sizes=\"auto, (max-width: 250px) 100vw, 250px\" \/><\/a><\/figure>\n<\/div>\n\n\n\n<div class=\"wp-block-column is-layout-flow wp-block-column-is-layout-flow\" style=\"flex-basis:66.66%\">\n<pre class=\"wp-block-preformatted\"><strong><a href=\"https:\/\/archive.org\/download\/CaboquiceN1ComUmTrechoDeNaqueleTempo\/CaboquiceN1ComUmTrechoDeNaqueleTempo.pdf\" target=\"_blank\" rel=\"noreferrer noopener nofollow\">Caboquice n\u00ba 1 \u2013 com um trecho de Naquele Tempo<\/a><\/strong> (<em>2013, Santar\u00e9m, Par\u00e1<\/em>). Pe\u00e7a para voz, marimba, viol\u00e3o e piano, baseada em um trecho do chorinho Naquele Tempo, de Pixinguinha e Benedito Lacerda.<\/pre>\n\n\n\n<figure class=\"wp-block-image size-full is-resized\"><a href=\"https:\/\/archive.org\/download\/CaboquiceN1ComUmTrechoDeNaqueleTempo\/CaboquiceN1ComUmTrechoDeNaqueleTempo.pdf\" target=\"_blank\" rel=\" noreferrer noopener\"><img loading=\"lazy\" decoding=\"async\" width=\"178\" height=\"173\" src=\"https:\/\/fabiocavalcante.com\/blog\/wp-content\/uploads\/2017\/12\/Icon-Download.png\" alt=\"\" class=\"wp-image-2669\" style=\"width:70px\"\/><\/a><\/figure>\n<\/div>\n<\/div>\n\n\n\n<figure class=\"wp-block-image size-large\"><img loading=\"lazy\" decoding=\"async\" width=\"1024\" height=\"584\" src=\"https:\/\/fabiocavalcante.com\/blog\/wp-content\/uploads\/2013\/09\/Printscreen-do-projeto-Caboquice-n-1-1024x584.jpg\" alt=\"\" class=\"wp-image-283\" srcset=\"https:\/\/fabiocavalcante.com\/blog\/wp-content\/uploads\/2013\/09\/Printscreen-do-projeto-Caboquice-n-1.jpg 1024w, https:\/\/fabiocavalcante.com\/blog\/wp-content\/uploads\/2013\/09\/Printscreen-do-projeto-Caboquice-n-1-300x171.jpg 300w, https:\/\/fabiocavalcante.com\/blog\/wp-content\/uploads\/2013\/09\/Printscreen-do-projeto-Caboquice-n-1-768x438.jpg 768w\" sizes=\"auto, (max-width: 1024px) 100vw, 1024px\" \/><figcaption class=\"wp-element-caption\">Montagem de &#8220;Caboquice n\u00ba 1&#8221; no Logic<\/figcaption><\/figure>\n","protected":false},"excerpt":{"rendered":"<p>Mais uma m\u00fasica pro meu disco-sempre-em-constru\u00e7\u00e3o Singles. \u00c9 um arranjo para um trecho de dois compassos do chorinho &#8220;Naquele tempo&#8221; (de Pixinguinha e Benedito Lacerda), que fica se repetindo diversas vezes entre 4 vozes, em forma de c\u00e2none. O resultado \u00e9 esse a\u00ed embaixo, e o chamei de &#8220;Caboquice No. 1: com um trecho de [&hellip;]<\/p>\n","protected":false},"author":1,"featured_media":0,"comment_status":"open","ping_status":"open","sticky":false,"template":"","format":"standard","meta":{"footnotes":""},"categories":[2,4],"tags":[29],"class_list":["post-185","post","type-post","status-publish","format-standard","hentry","category-musicas-audios","category-partituras","tag-single"],"_links":{"self":[{"href":"https:\/\/fabiocavalcante.com\/blog\/wp-json\/wp\/v2\/posts\/185","targetHints":{"allow":["GET"]}}],"collection":[{"href":"https:\/\/fabiocavalcante.com\/blog\/wp-json\/wp\/v2\/posts"}],"about":[{"href":"https:\/\/fabiocavalcante.com\/blog\/wp-json\/wp\/v2\/types\/post"}],"author":[{"embeddable":true,"href":"https:\/\/fabiocavalcante.com\/blog\/wp-json\/wp\/v2\/users\/1"}],"replies":[{"embeddable":true,"href":"https:\/\/fabiocavalcante.com\/blog\/wp-json\/wp\/v2\/comments?post=185"}],"version-history":[{"count":20,"href":"https:\/\/fabiocavalcante.com\/blog\/wp-json\/wp\/v2\/posts\/185\/revisions"}],"predecessor-version":[{"id":4736,"href":"https:\/\/fabiocavalcante.com\/blog\/wp-json\/wp\/v2\/posts\/185\/revisions\/4736"}],"wp:attachment":[{"href":"https:\/\/fabiocavalcante.com\/blog\/wp-json\/wp\/v2\/media?parent=185"}],"wp:term":[{"taxonomy":"category","embeddable":true,"href":"https:\/\/fabiocavalcante.com\/blog\/wp-json\/wp\/v2\/categories?post=185"},{"taxonomy":"post_tag","embeddable":true,"href":"https:\/\/fabiocavalcante.com\/blog\/wp-json\/wp\/v2\/tags?post=185"}],"curies":[{"name":"wp","href":"https:\/\/api.w.org\/{rel}","templated":true}]}}