{"id":186,"date":"2013-09-17T20:12:00","date_gmt":"2013-09-17T20:12:00","guid":{"rendered":"http:\/\/fabiocavalcante.com\/blog\/?p=186"},"modified":"2025-05-31T20:15:16","modified_gmt":"2025-05-31T20:15:16","slug":"ver-o-peso-cravo-carbono-ao-vivo-1998","status":"publish","type":"post","link":"https:\/\/fabiocavalcante.com\/blog\/ver-o-peso-cravo-carbono-ao-vivo-1998\/","title":{"rendered":"Ver-o-peso (Cravo Carbono, ao vivo, 1998)"},"content":{"rendered":"\n<figure class=\"wp-block-image aligncenter\"><a href=\"https:\/\/fabiocavalcante.com\/blog\/wp-content\/uploads\/2013\/09\/CravoCarbonoNoFestivalFeiraDoSom.jpg\" rel=\"noopener\"><img loading=\"lazy\" decoding=\"async\" width=\"300\" height=\"200\" src=\"https:\/\/fabiocavalcante.com\/blog\/wp-content\/uploads\/2013\/09\/CravoCarbonoNoFestivalFeiraDoSom-300x200.jpg\" alt=\"CravoCarbonoNoFestivalFeiraDoSom\" class=\"wp-image-284\" srcset=\"https:\/\/fabiocavalcante.com\/blog\/wp-content\/uploads\/2013\/09\/CravoCarbonoNoFestivalFeiraDoSom-300x200.jpg 300w, https:\/\/fabiocavalcante.com\/blog\/wp-content\/uploads\/2013\/09\/CravoCarbonoNoFestivalFeiraDoSom-768x512.jpg 768w, https:\/\/fabiocavalcante.com\/blog\/wp-content\/uploads\/2013\/09\/CravoCarbonoNoFestivalFeiraDoSom.jpg 960w\" sizes=\"auto, (max-width: 300px) 100vw, 300px\" \/><\/a><figcaption class=\"wp-element-caption\">Da esq. para dir.: F\u00e1bio, Pio Lobato, Bruno Rabelo e L\u00e1zaro.<\/figcaption><\/figure>\n\n\n\n<p>Uma boa lembran\u00e7a de 15 anos atr\u00e1s <i>catada<\/i>\u00a0na internet:\u00a0Em 1998 toquei com a banda <a href=\"http:\/\/pt.wikipedia.org\/wiki\/Cravo_Carbono\" target=\"_blank\" rel=\"noopener\">Cravo Carbono<\/a>\u00a0no Festival Feira do Som, produzido por <a href=\"http:\/\/feiradosom.wordpress.com\/edgar-augusto\/\" target=\"_blank\" rel=\"noopener\">Edgar Augusto<\/a>, na casa de shows Ol\u00ea Ol\u00e1, em Bel\u00e9m. A m\u00fasica era &#8220;Ver-o-peso&#8221;, que mais tarde estaria no disco Peixe Vivo (2001). <\/p>\n\n\n\n<p>A apresenta\u00e7\u00e3o contou com os m\u00fasicos descamisados, e o L\u00e1zaro, vocalista da banda, declamando o &#8220;Ave Maria&#8221; no meio da m\u00fasica, enquanto lan\u00e7ava peda\u00e7os de p\u00e3o para o p\u00fablico. <\/p>\n\n\n\n<p>Devido \u00e0s refer\u00eancias \u00e0 virgem de Nazar\u00e9 levamos um bom &#8220;Zero&#8221; do escritor Jo\u00e3o Carlos Pereira, que estava no j\u00fari.\u00a0A banda era formada por\u00a0L\u00e1zaro Magalh\u00e3es (vocal),\u00a0<a href=\"http:\/\/soundcloud.com\/piolobato\" target=\"_blank\" rel=\"noopener\">Pio Lobato<\/a> (guitarra) <a href=\"http:\/\/www.overmundo.com.br\/perfis\/bruno-rabelo\" target=\"_blank\" rel=\"noopener\">Bruno Rabelo<\/a> (guitarra),\u00a0Fabio Cavalcante (flauta),\u00a0Moriel Prado (contrabaixo), e\u00a0Vov\u00f4 (bateria).\u00a0Ou\u00e7a aqui:<\/p>\n\n\n\n<figure class=\"wp-block-audio\"><audio controls src=\"https:\/\/archive.org\/download\/TuitadasFGC05\/07-VerOPeso_CravoCarbono_128kb.mp3\"><\/audio><\/figure>\n\n\n\n<p><span style=\"font-size: x-small;\"><br><\/span><span style=\"font-size: x-small;\">Fontes: A foto no in\u00edcio veio de uma <a href=\"https:\/\/www.facebook.com\/photo.php?fbid=594689970596287\" target=\"_blank\" rel=\"noopener\">postagem no facebook<\/a> do Clemente Schwartz, e o \u00e1udio estava postado <a href=\"http:\/\/somdonorte.blogspot.com.br\/2010\/03\/musica-do-dia-ver-o-peso.html\" target=\"_blank\" rel=\"noopener\">nesta p\u00e1gina do blog Som do Norte<\/a>.<\/span><\/p>\n","protected":false},"excerpt":{"rendered":"<p>Uma boa lembran\u00e7a de 15 anos atr\u00e1s catada\u00a0na internet:\u00a0Em 1998 toquei com a banda Cravo Carbono\u00a0no Festival Feira do Som, produzido por Edgar Augusto, na casa de shows Ol\u00ea Ol\u00e1, em Bel\u00e9m. A m\u00fasica era &#8220;Ver-o-peso&#8221;, que mais tarde estaria no disco Peixe Vivo (2001). A apresenta\u00e7\u00e3o contou com os m\u00fasicos descamisados, e o L\u00e1zaro, [&hellip;]<\/p>\n","protected":false},"author":1,"featured_media":284,"comment_status":"open","ping_status":"open","sticky":false,"template":"","format":"standard","meta":{"footnotes":""},"categories":[2],"tags":[31,25],"class_list":["post-186","post","type-post","status-publish","format-standard","has-post-thumbnail","hentry","category-musicas-audios","tag-ao-vivo","tag-cancao"],"_links":{"self":[{"href":"https:\/\/fabiocavalcante.com\/blog\/wp-json\/wp\/v2\/posts\/186","targetHints":{"allow":["GET"]}}],"collection":[{"href":"https:\/\/fabiocavalcante.com\/blog\/wp-json\/wp\/v2\/posts"}],"about":[{"href":"https:\/\/fabiocavalcante.com\/blog\/wp-json\/wp\/v2\/types\/post"}],"author":[{"embeddable":true,"href":"https:\/\/fabiocavalcante.com\/blog\/wp-json\/wp\/v2\/users\/1"}],"replies":[{"embeddable":true,"href":"https:\/\/fabiocavalcante.com\/blog\/wp-json\/wp\/v2\/comments?post=186"}],"version-history":[{"count":7,"href":"https:\/\/fabiocavalcante.com\/blog\/wp-json\/wp\/v2\/posts\/186\/revisions"}],"predecessor-version":[{"id":4704,"href":"https:\/\/fabiocavalcante.com\/blog\/wp-json\/wp\/v2\/posts\/186\/revisions\/4704"}],"wp:featuredmedia":[{"embeddable":true,"href":"https:\/\/fabiocavalcante.com\/blog\/wp-json\/wp\/v2\/media\/284"}],"wp:attachment":[{"href":"https:\/\/fabiocavalcante.com\/blog\/wp-json\/wp\/v2\/media?parent=186"}],"wp:term":[{"taxonomy":"category","embeddable":true,"href":"https:\/\/fabiocavalcante.com\/blog\/wp-json\/wp\/v2\/categories?post=186"},{"taxonomy":"post_tag","embeddable":true,"href":"https:\/\/fabiocavalcante.com\/blog\/wp-json\/wp\/v2\/tags?post=186"}],"curies":[{"name":"wp","href":"https:\/\/api.w.org\/{rel}","templated":true}]}}