{"id":188,"date":"2013-06-22T14:56:00","date_gmt":"2013-06-22T14:56:00","guid":{"rendered":"http:\/\/fabiocavalcante.com\/blog\/?p=188"},"modified":"2025-05-29T03:14:12","modified_gmt":"2025-05-29T03:14:12","slug":"zezinho-vianna-cachoeira-do-arari-pa","status":"publish","type":"post","link":"https:\/\/fabiocavalcante.com\/blog\/zezinho-vianna-cachoeira-do-arari-pa\/","title":{"rendered":"Zezinho Vianna (Cachoeira do Arari, PA)"},"content":{"rendered":"\n<p>Jos\u00e9 Luciano Frade Vianna, mais conhecido como Zezinho (ou Zezus) Vianna, \u00e9 compositor e cantor de&nbsp;<a rel=\"noreferrer noopener\" href=\"http:\/\/pt.wikipedia.org\/wiki\/Cachoeira_do_Arari\" target=\"_blank\">Cachoeira do Arari<\/a>, na&nbsp;<a rel=\"noreferrer noopener\" href=\"http:\/\/pt.wikipedia.org\/wiki\/Ilha_de_Maraj%C3%B3\" target=\"_blank\">ilha do Maraj\u00f3<\/a>.&nbsp;O tema principal de suas m\u00fasicas \u00e9 a ilha, principalmente as cidades de Cachoeira do Arari, Soure e Ponta de Pedras. Algumas delas (como Saudade Louca e Invernada Marajoara) fazem parte do \u201crepert\u00f3rio b\u00e1sico\u201d de grande parte dos grupos parafolcl\u00f3ricos de Bel\u00e9m.<\/p>\n\n\n\n<p>O material dessa postagem foi enviado pelo&nbsp;<a href=\"https:\/\/open.spotify.com\/artist\/7cKWRupZws7hUlVMpZ9T7t\" target=\"_blank\" rel=\"noreferrer noopener\">Allan Carvalho<\/a>, que est\u00e1 produzindo um disco do compositor.&nbsp;As faixas foram&nbsp;recortadas de uma entrevista que o Allan fez com o Zezinho, durante a pr\u00e9-produ\u00e7\u00e3o do disco.<\/p>\n\n\n\n<p><iframe loading=\"lazy\" src=\"https:\/\/archive.org\/embed\/ZezinhoVianna_ViolaoEVoz&amp;playlist=1\" width=\"500\" height=\"328\" frameborder=\"0\" allowfullscreen=\"allowfullscreen\"><\/iframe><\/p>\n\n\n\n<p>Se quiser baixar as m\u00fasicas, clique&nbsp;<a href=\"https:\/\/archive.org\/compress\/ZezinhoVianna_ViolaoEVoz\/formats=192KBPS%20MP3,JPEG\" target=\"_blank\" rel=\"noreferrer noopener\">aqui (arquivo Zip)<\/a>.<\/p>\n\n\n\n<p>A\u00ed embaixo, Zezinho levando a sua Invernada Marajoara.<\/p>\n\n\n\n<p><iframe loading=\"lazy\" src=\"https:\/\/archive.org\/embed\/InvernadaMarajoada_ZezusVianna\" width=\"426\" height=\"320\" frameborder=\"0\" allowfullscreen=\"allowfullscreen\"><\/iframe><\/p>\n\n\n\n<p>E ou\u00e7a aqui uma pr\u00e9via do disco. A m\u00fasica \u00e9 \u201cCaboclo\u201d. O acompanhamento \u00e9 feito pelo Allan (viol\u00e3o e banjo), Douglas Dias (percuss\u00e3o)&nbsp;e Tony (flauta).<\/p>\n\n\n\n<figure class=\"wp-block-audio\"><audio controls src=\"https:\/\/archive.org\/download\/TuitadasFGC04\/10-Caboclo_ZezinhoVianna_256kb.mp3\"><\/audio><\/figure>\n","protected":false},"excerpt":{"rendered":"<p>Jos\u00e9 Luciano Frade Vianna, mais conhecido como Zezinho (ou Zezus) Vianna, \u00e9 compositor e cantor de&nbsp;Cachoeira do Arari, na&nbsp;ilha do Maraj\u00f3.&nbsp;O tema principal de suas m\u00fasicas \u00e9 a ilha, principalmente as cidades de Cachoeira do Arari, Soure e Ponta de Pedras. Algumas delas (como Saudade Louca e Invernada Marajoara) fazem parte do \u201crepert\u00f3rio b\u00e1sico\u201d de [&hellip;]<\/p>\n","protected":false},"author":1,"featured_media":285,"comment_status":"open","ping_status":"open","sticky":false,"template":"","format":"standard","meta":{"footnotes":""},"categories":[3,2,5],"tags":[17],"class_list":["post-188","post","type-post","status-publish","format-standard","has-post-thumbnail","hentry","category-folclore","category-musicas-audios","category-videos","tag-folclore-paraense"],"_links":{"self":[{"href":"https:\/\/fabiocavalcante.com\/blog\/wp-json\/wp\/v2\/posts\/188","targetHints":{"allow":["GET"]}}],"collection":[{"href":"https:\/\/fabiocavalcante.com\/blog\/wp-json\/wp\/v2\/posts"}],"about":[{"href":"https:\/\/fabiocavalcante.com\/blog\/wp-json\/wp\/v2\/types\/post"}],"author":[{"embeddable":true,"href":"https:\/\/fabiocavalcante.com\/blog\/wp-json\/wp\/v2\/users\/1"}],"replies":[{"embeddable":true,"href":"https:\/\/fabiocavalcante.com\/blog\/wp-json\/wp\/v2\/comments?post=188"}],"version-history":[{"count":10,"href":"https:\/\/fabiocavalcante.com\/blog\/wp-json\/wp\/v2\/posts\/188\/revisions"}],"predecessor-version":[{"id":4255,"href":"https:\/\/fabiocavalcante.com\/blog\/wp-json\/wp\/v2\/posts\/188\/revisions\/4255"}],"wp:featuredmedia":[{"embeddable":true,"href":"https:\/\/fabiocavalcante.com\/blog\/wp-json\/wp\/v2\/media\/285"}],"wp:attachment":[{"href":"https:\/\/fabiocavalcante.com\/blog\/wp-json\/wp\/v2\/media?parent=188"}],"wp:term":[{"taxonomy":"category","embeddable":true,"href":"https:\/\/fabiocavalcante.com\/blog\/wp-json\/wp\/v2\/categories?post=188"},{"taxonomy":"post_tag","embeddable":true,"href":"https:\/\/fabiocavalcante.com\/blog\/wp-json\/wp\/v2\/tags?post=188"}],"curies":[{"name":"wp","href":"https:\/\/api.w.org\/{rel}","templated":true}]}}