{"id":189,"date":"2013-06-18T19:33:00","date_gmt":"2013-06-18T19:33:00","guid":{"rendered":"http:\/\/fabiocavalcante.com\/blog\/?p=189"},"modified":"2025-06-13T00:04:35","modified_gmt":"2025-06-13T00:04:35","slug":"quem-vai-levar-mariazinha-para-passear-trilha-sonora","status":"publish","type":"post","link":"https:\/\/fabiocavalcante.com\/blog\/quem-vai-levar-mariazinha-para-passear-trilha-sonora\/","title":{"rendered":"Quem vai levar Mariazinha para passear? (Trilha Sonora)"},"content":{"rendered":"\n<p>\u201cQuem vai levar Mariazinha para passear?\u201d \u00e9 um curta de anima\u00e7\u00e3o que est\u00e1 sendo dirigido em Bel\u00e9m pelo querido amigo&nbsp;<a rel=\"noreferrer noopener\" href=\"http:\/\/www.youtube.com\/user\/andremardock\" target=\"_blank\">Andr\u00e9 Mardock<\/a>. O filme veio da pe\u00e7a hom\u00f4nima, escrita pela Ester S\u00e1 e pelo Maur\u00edcio Franco.&nbsp;Ele conta de hist\u00f3ria de dois anjos (001 e 002) que, caindo na terra, e esperando uma chuva passar, contam outra hist\u00f3ria: a do amor entre o deus Eros e Psiqu\u00ea.&nbsp;O Maur\u00edcio foi tamb\u00e9m o respons\u00e1vel pela cria\u00e7\u00e3o, em papel recortado, dos personagens e cen\u00e1rios lind\u00edssimos. Veja aqui algumas das coisas maravilhosas que ele fez!<\/p>\n\n\n\n<figure class=\"wp-block-gallery has-nested-images columns-2 is-cropped wp-block-gallery-1 is-layout-flex wp-block-gallery-is-layout-flex\">\n<figure class=\"wp-block-image size-large\"><a href=\"https:\/\/fabiocavalcante.com\/blog\/wp-content\/uploads\/2013\/06\/mariazinha_afrodite.jpg\"><img loading=\"lazy\" decoding=\"async\" width=\"800\" height=\"449\" data-id=\"286\" src=\"https:\/\/fabiocavalcante.com\/blog\/wp-content\/uploads\/2013\/06\/mariazinha_afrodite.jpg\" alt=\"A deusa Afrodite em cima da montanha, em arte feita com papel colorido recortado\" class=\"wp-image-286\" srcset=\"https:\/\/fabiocavalcante.com\/blog\/wp-content\/uploads\/2013\/06\/mariazinha_afrodite.jpg 800w, https:\/\/fabiocavalcante.com\/blog\/wp-content\/uploads\/2013\/06\/mariazinha_afrodite-300x168.jpg 300w, https:\/\/fabiocavalcante.com\/blog\/wp-content\/uploads\/2013\/06\/mariazinha_afrodite-768x431.jpg 768w\" sizes=\"auto, (max-width: 800px) 100vw, 800px\" \/><\/a><figcaption class=\"wp-element-caption\">Afrodite<\/figcaption><\/figure>\n\n\n\n<figure class=\"wp-block-image size-large\"><a href=\"https:\/\/fabiocavalcante.com\/blog\/wp-content\/uploads\/2013\/06\/mariazinha_ze-CC-81firo.jpg\"><img loading=\"lazy\" decoding=\"async\" width=\"800\" height=\"449\" data-id=\"287\" src=\"https:\/\/fabiocavalcante.com\/blog\/wp-content\/uploads\/2013\/06\/mariazinha_ze-CC-81firo.jpg\" alt=\"A deus Z\u00e9firo sobre o mar, em arte feita com papel colorido recortado\" class=\"wp-image-287\" srcset=\"https:\/\/fabiocavalcante.com\/blog\/wp-content\/uploads\/2013\/06\/mariazinha_ze-CC-81firo.jpg 800w, https:\/\/fabiocavalcante.com\/blog\/wp-content\/uploads\/2013\/06\/mariazinha_ze-CC-81firo-300x168.jpg 300w, https:\/\/fabiocavalcante.com\/blog\/wp-content\/uploads\/2013\/06\/mariazinha_ze-CC-81firo-768x431.jpg 768w\" sizes=\"auto, (max-width: 800px) 100vw, 800px\" \/><\/a><figcaption class=\"wp-element-caption\">Z\u00e9firo, com Eros<\/figcaption><\/figure>\n\n\n\n<figure class=\"wp-block-image size-large\"><a href=\"https:\/\/fabiocavalcante.com\/blog\/wp-content\/uploads\/2013\/06\/mariazinha_deussol.jpg\"><img loading=\"lazy\" decoding=\"async\" width=\"800\" height=\"449\" data-id=\"288\" src=\"https:\/\/fabiocavalcante.com\/blog\/wp-content\/uploads\/2013\/06\/mariazinha_deussol.jpg\" alt=\"Sol em arte feita com papel colorido recortado\" class=\"wp-image-288\" srcset=\"https:\/\/fabiocavalcante.com\/blog\/wp-content\/uploads\/2013\/06\/mariazinha_deussol.jpg 800w, https:\/\/fabiocavalcante.com\/blog\/wp-content\/uploads\/2013\/06\/mariazinha_deussol-300x168.jpg 300w, https:\/\/fabiocavalcante.com\/blog\/wp-content\/uploads\/2013\/06\/mariazinha_deussol-768x431.jpg 768w\" sizes=\"auto, (max-width: 800px) 100vw, 800px\" \/><\/a><figcaption class=\"wp-element-caption\">Deus Sol e Mariazinha\/Psiqu\u00ea.<\/figcaption><\/figure>\n<\/figure>\n\n\n\n<p>Esta \u00e9 a trilha que criei pro curta. Com exce\u00e7\u00e3o da \u00faltima faixa, que encerra o filme, as demais s\u00e3o temas bem curtos, geralmente servindo para pontuar o aparecimento de personagens. A partitura de \u201cMariazinha, the end\u201d, pode ser lida e baixada&nbsp;<a href=\"https:\/\/fabiocavalcante.com\/blog\/mariazinha-the-end\/\" target=\"_blank\" data-type=\"post\" data-id=\"140\" rel=\"noreferrer noopener\">aqui<\/a>.<\/p>\n\n\n\n<p><iframe loading=\"lazy\" src=\"https:\/\/archive.org\/embed\/QuemVaiLevarMariazinhaParaPassear&amp;playlist=1\" width=\"500\" height=\"270\" frameborder=\"0\" allowfullscreen=\"allowfullscreen\"><\/iframe><\/p>\n\n\n\n<p>Para baixar todas as faixas, clique&nbsp;<a href=\"https:\/\/archive.org\/compress\/QuemVaiLevarMariazinhaParaPassear\/formats=192KBPS%20MP3,JPEG\" target=\"_blank\" rel=\"noreferrer noopener\">aqui (arquivo Zip)<\/a>.<\/p>\n\n\n\n<p>Essa \u00e9 a partitura da m\u00fasica de encerramento, &#8220;Mariazinha, the end&#8221;.<\/p>\n\n\n\n<figure class=\"wp-block-image size-large has-custom-border\"><img loading=\"lazy\" decoding=\"async\" width=\"686\" height=\"1024\" src=\"https:\/\/fabiocavalcante.com\/blog\/wp-content\/uploads\/2012\/02\/MariazinhaTheEnd-686x1024.png\" alt=\"\" class=\"has-border-color has-accent-6-border-color wp-image-141\" style=\"border-width:1px\" srcset=\"https:\/\/fabiocavalcante.com\/blog\/wp-content\/uploads\/2012\/02\/MariazinhaTheEnd-686x1024.png 686w, https:\/\/fabiocavalcante.com\/blog\/wp-content\/uploads\/2012\/02\/MariazinhaTheEnd-201x300.png 201w, https:\/\/fabiocavalcante.com\/blog\/wp-content\/uploads\/2012\/02\/MariazinhaTheEnd-768x1146.png 768w, https:\/\/fabiocavalcante.com\/blog\/wp-content\/uploads\/2012\/02\/MariazinhaTheEnd-1029x1536.png 1029w, https:\/\/fabiocavalcante.com\/blog\/wp-content\/uploads\/2012\/02\/MariazinhaTheEnd-1372x2048.png 1372w\" sizes=\"auto, (max-width: 686px) 100vw, 686px\" \/><\/figure>\n\n\n\n<p>E a anima\u00e7\u00e3o, coordenada pelo&nbsp;<a rel=\"noreferrer noopener\" href=\"http:\/\/filmow.com\/andrei-miralha-a161639\/\" target=\"_blank\">Andrei Miralha<\/a>, est\u00e1 uma j\u00f3ia. O v\u00eddeo abaixo \u00e9 s\u00f3 um teste, j\u00e1 bem antigo, com a deusa Pers\u00e9fone. A m\u00fasica de fundo \u00e9 o \u201cNo reino de Hades\u201d.<\/p>\n\n\n\n<p><iframe loading=\"lazy\" src=\"https:\/\/archive.org\/embed\/TesteDePersfonequemVaiLevarMariazinhaPraPassear\" width=\"400\" height=\"300\" frameborder=\"0\" allowfullscreen=\"allowfullscreen\"><\/iframe><\/p>\n\n\n\n<div style=\"height:25px\" aria-hidden=\"true\" class=\"wp-block-spacer\"><\/div>\n\n\n\n<h6 class=\"wp-block-heading\">Atualiza\u00e7\u00e3o em 1\u00ba de janeiro de 2019.<\/h6>\n\n\n\n<p>Andr\u00e9 Mardock, o diretor de &#8220;Quem Vai levar Mariazinha para Passear?&#8221;, publicou o curta no canal dele no YouTube! Curta a\u00ed!<\/p>\n\n\n\n<figure class=\"wp-block-embed is-type-video is-provider-youtube wp-block-embed-youtube wp-embed-aspect-16-9 wp-has-aspect-ratio\"><div class=\"wp-block-embed__wrapper\">\n<iframe loading=\"lazy\" title=\"Curta &quot;Quem Vai levar Mariazinha para Passear?&quot;\" width=\"500\" height=\"281\" src=\"https:\/\/www.youtube.com\/embed\/M4LWQm9s79k?feature=oembed\" frameborder=\"0\" allow=\"accelerometer; autoplay; clipboard-write; encrypted-media; gyroscope; picture-in-picture; web-share\" referrerpolicy=\"strict-origin-when-cross-origin\" allowfullscreen><\/iframe>\n<\/div><\/figure>\n","protected":false},"excerpt":{"rendered":"<p>\u201cQuem vai levar Mariazinha para passear?\u201d \u00e9 um curta de anima\u00e7\u00e3o que est\u00e1 sendo dirigido em Bel\u00e9m pelo querido amigo&nbsp;Andr\u00e9 Mardock. O filme veio da pe\u00e7a hom\u00f4nima, escrita pela Ester S\u00e1 e pelo Maur\u00edcio Franco.&nbsp;Ele conta de hist\u00f3ria de dois anjos (001 e 002) que, caindo na terra, e esperando uma chuva passar, contam outra [&hellip;]<\/p>\n","protected":false},"author":1,"featured_media":286,"comment_status":"open","ping_status":"open","sticky":false,"template":"","format":"standard","meta":{"footnotes":""},"categories":[2,4,5],"tags":[40],"class_list":["post-189","post","type-post","status-publish","format-standard","has-post-thumbnail","hentry","category-musicas-audios","category-partituras","category-videos","tag-trilha-sonora"],"_links":{"self":[{"href":"https:\/\/fabiocavalcante.com\/blog\/wp-json\/wp\/v2\/posts\/189","targetHints":{"allow":["GET"]}}],"collection":[{"href":"https:\/\/fabiocavalcante.com\/blog\/wp-json\/wp\/v2\/posts"}],"about":[{"href":"https:\/\/fabiocavalcante.com\/blog\/wp-json\/wp\/v2\/types\/post"}],"author":[{"embeddable":true,"href":"https:\/\/fabiocavalcante.com\/blog\/wp-json\/wp\/v2\/users\/1"}],"replies":[{"embeddable":true,"href":"https:\/\/fabiocavalcante.com\/blog\/wp-json\/wp\/v2\/comments?post=189"}],"version-history":[{"count":12,"href":"https:\/\/fabiocavalcante.com\/blog\/wp-json\/wp\/v2\/posts\/189\/revisions"}],"predecessor-version":[{"id":4889,"href":"https:\/\/fabiocavalcante.com\/blog\/wp-json\/wp\/v2\/posts\/189\/revisions\/4889"}],"wp:featuredmedia":[{"embeddable":true,"href":"https:\/\/fabiocavalcante.com\/blog\/wp-json\/wp\/v2\/media\/286"}],"wp:attachment":[{"href":"https:\/\/fabiocavalcante.com\/blog\/wp-json\/wp\/v2\/media?parent=189"}],"wp:term":[{"taxonomy":"category","embeddable":true,"href":"https:\/\/fabiocavalcante.com\/blog\/wp-json\/wp\/v2\/categories?post=189"},{"taxonomy":"post_tag","embeddable":true,"href":"https:\/\/fabiocavalcante.com\/blog\/wp-json\/wp\/v2\/tags?post=189"}],"curies":[{"name":"wp","href":"https:\/\/api.w.org\/{rel}","templated":true}]}}