{"id":191,"date":"2013-06-06T13:30:00","date_gmt":"2013-06-06T13:30:00","guid":{"rendered":"http:\/\/fabiocavalcante.com\/blog\/?p=191"},"modified":"2025-05-31T20:02:17","modified_gmt":"2025-05-31T20:02:17","slug":"atrito-ii-13-de-junho-de-2008","status":"publish","type":"post","link":"https:\/\/fabiocavalcante.com\/blog\/atrito-ii-13-de-junho-de-2008\/","title":{"rendered":"Atrito II (13 de junho de 2008)"},"content":{"rendered":"\n<p><strong>Atrito<\/strong>&nbsp;foi um projeto idealizado em 2008 pelo&nbsp;<a href=\"https:\/\/www.facebook.com\/renatotorresmusica\" target=\"_blank\" rel=\"noreferrer noopener\">Renato Torres<\/a>, e realizado na&nbsp;<a href=\"https:\/\/www.facebook.com\/gtheodorobraga\/\" target=\"_blank\" rel=\"noreferrer noopener\">Galeria Theodoro Braga<\/a>, do Centur, em Bel\u00e9m. A convite dele, participei da segunda edi\u00e7\u00e3o, em junho daquele ano, ao lado da Daiane Gasparetto, do artista visual Ricardo Mac\u00eado e do poeta Paulo Vieira. <\/p>\n\n\n\n<p>Foi um encontro dividido em duas partes: uma performance coletiva, sem roteiro definido, com cada um dos participantes podendo (ou n\u00e3o) interferir ou se deixar interferir pelos demais; e um debate com o p\u00fablico no final. Para a performance, eu tinha \u00e0 disposi\u00e7\u00e3o um microfone e uma mesa de som com efeitos, e resolvi trabalhar basicamente com a microfonia, que era criada facilmente naquele espa\u00e7o. <\/p>\n\n\n\n<p>O v\u00eddeo abaixo \u00e9 um pequeno recorte da performance, e n\u00e3o mostra um monte de outras coisas interessantes que lembro ter acontecido \u2013 como o Ricardo rasgando os pap\u00e9is do Paulo Vieira.<\/p>\n\n\n\n<figure class=\"wp-block-embed is-type-video is-provider-youtube wp-block-embed-youtube wp-embed-aspect-4-3 wp-has-aspect-ratio\"><div class=\"wp-block-embed__wrapper\">\n<iframe loading=\"lazy\" title=\"Atrito II - F\u00e1bio Cavalcante, Daiane Gasperetto, Ricardo Mac\u00eado e Paulo Vieira (Centur, Bel\u00e9m, 2008)\" width=\"500\" height=\"375\" src=\"https:\/\/www.youtube.com\/embed\/516_EVWndzA?feature=oembed\" frameborder=\"0\" allow=\"accelerometer; autoplay; clipboard-write; encrypted-media; gyroscope; picture-in-picture; web-share\" referrerpolicy=\"strict-origin-when-cross-origin\" allowfullscreen><\/iframe>\n<\/div><\/figure>\n\n\n\n<p>O \u00e1lbum a seguir, com imagens de Ilton Ribeiro, registra outros momentos daquela noite.<\/p>\n\n\n\n<p><a data-flickr-embed=\"true\" data-header=\"true\" data-footer=\"true\" href=\"https:\/\/www.flickr.com\/photos\/fabiogcavalcante\/albums\/72157671114804175\" title=\"Projeto Atrito II\"><img loading=\"lazy\" decoding=\"async\" src=\"https:\/\/live.staticflickr.com\/8650\/28300943796_389471597e.jpg\" width=\"500\" height=\"375\" alt=\"Projeto Atrito II\"><\/a><script async=\"\" src=\"\/\/embedr.flickr.com\/assets\/client-code.js\" charset=\"utf-8\"><\/script><\/p>\n","protected":false},"excerpt":{"rendered":"<p>Atrito&nbsp;foi um projeto idealizado em 2008 pelo&nbsp;Renato Torres, e realizado na&nbsp;Galeria Theodoro Braga, do Centur, em Bel\u00e9m. A convite dele, participei da segunda edi\u00e7\u00e3o, em junho daquele ano, ao lado da Daiane Gasparetto, do artista visual Ricardo Mac\u00eado e do poeta Paulo Vieira. Foi um encontro dividido em duas partes: uma performance coletiva, sem roteiro [&hellip;]<\/p>\n","protected":false},"author":1,"featured_media":675,"comment_status":"open","ping_status":"open","sticky":false,"template":"","format":"standard","meta":{"footnotes":""},"categories":[5],"tags":[31],"class_list":["post-191","post","type-post","status-publish","format-standard","has-post-thumbnail","hentry","category-videos","tag-ao-vivo"],"_links":{"self":[{"href":"https:\/\/fabiocavalcante.com\/blog\/wp-json\/wp\/v2\/posts\/191","targetHints":{"allow":["GET"]}}],"collection":[{"href":"https:\/\/fabiocavalcante.com\/blog\/wp-json\/wp\/v2\/posts"}],"about":[{"href":"https:\/\/fabiocavalcante.com\/blog\/wp-json\/wp\/v2\/types\/post"}],"author":[{"embeddable":true,"href":"https:\/\/fabiocavalcante.com\/blog\/wp-json\/wp\/v2\/users\/1"}],"replies":[{"embeddable":true,"href":"https:\/\/fabiocavalcante.com\/blog\/wp-json\/wp\/v2\/comments?post=191"}],"version-history":[{"count":20,"href":"https:\/\/fabiocavalcante.com\/blog\/wp-json\/wp\/v2\/posts\/191\/revisions"}],"predecessor-version":[{"id":4692,"href":"https:\/\/fabiocavalcante.com\/blog\/wp-json\/wp\/v2\/posts\/191\/revisions\/4692"}],"wp:featuredmedia":[{"embeddable":true,"href":"https:\/\/fabiocavalcante.com\/blog\/wp-json\/wp\/v2\/media\/675"}],"wp:attachment":[{"href":"https:\/\/fabiocavalcante.com\/blog\/wp-json\/wp\/v2\/media?parent=191"}],"wp:term":[{"taxonomy":"category","embeddable":true,"href":"https:\/\/fabiocavalcante.com\/blog\/wp-json\/wp\/v2\/categories?post=191"},{"taxonomy":"post_tag","embeddable":true,"href":"https:\/\/fabiocavalcante.com\/blog\/wp-json\/wp\/v2\/tags?post=191"}],"curies":[{"name":"wp","href":"https:\/\/api.w.org\/{rel}","templated":true}]}}