{"id":194,"date":"2013-01-11T16:38:00","date_gmt":"2013-01-11T16:38:00","guid":{"rendered":"http:\/\/fabiocavalcante.com\/blog\/?p=194"},"modified":"2025-05-31T19:40:44","modified_gmt":"2025-05-31T19:40:44","slug":"juvenal-imbiriba-carimbo-do-arapiuns","status":"publish","type":"post","link":"https:\/\/fabiocavalcante.com\/blog\/juvenal-imbiriba-carimbo-do-arapiuns\/","title":{"rendered":"Juvenal Imbiriba &#8211; Carimb\u00f3 do Arapiuns"},"content":{"rendered":"\n<p>Juvenal Imbiriba nasceu na comunidade de S\u00e3o Pedro, no rio Arapiuns, em 1961. Hoje mora em Aminam, na mesma regi\u00e3o. Comp\u00f5e e toca viol\u00e3o desde jovem, e o ritmo que mais o agrada \u00e9 o carimb\u00f3. Eu o conheci em 2010, quando participei da organiza\u00e7\u00e3o da Feira Cultura Digital dos Bairros, aqui em Santar\u00e9m; onde ele tocou na noite de abertura (para saber sobre esse noite, clique<a href=\"http:\/\/feiraculturadigital.blogspot.com.br\/2010\/04\/nossas-lembrancas-e-chico-malta.html\" target=\"_blank\" rel=\"noreferrer noopener\">&nbsp;aqui<\/a>). E a ideia deste disco surgiu a partir de conversas com meu amigo Eduardo Nogueira, formando do curso de m\u00fasica da UEPA, que fez o TCC baseado nos carimb\u00f3s dele.<\/p>\n\n\n\n<p>Este \u00e9 o disco \u201cCarimb\u00f3 do Arapiuns\u201d resultante daquelas conversas, com 13 m\u00fasicas de Juvenal. Ele est\u00e1 acompanhado pelo percussionista Helder Gama \u201cCatraca\u201d, e por mim nos arranjos e solos (flauta, viol\u00e3o e <em>samples <\/em>de sax). Todas as composi\u00e7\u00e3o s\u00e3o do pr\u00f3prio Imbiriba, e ele toca o viol\u00e3o base tamb\u00e9m.<\/p>\n\n\n\n<p><iframe loading=\"lazy\" src=\"https:\/\/archive.org\/embed\/JuvenalImbiribaCarimbos&amp;playlist=1\" width=\"500\" height=\"293\" frameborder=\"0\" allowfullscreen=\"allowfullscreen\"><\/iframe><\/p>\n\n\n\n<p>O \u00e1lbum tamb\u00e9m est\u00e1 no YouTube, com letras e cifras de b\u00f4nus.<\/p>\n\n\n\n<figure class=\"wp-block-embed is-type-video is-provider-youtube wp-block-embed-youtube wp-embed-aspect-16-9 wp-has-aspect-ratio\"><div class=\"wp-block-embed__wrapper\">\n<iframe loading=\"lazy\" title=\"Carimb\u00f3 do Arapiuns - Juvenal Imbiriba (FGC Produ\u00e7\u00f5es, 2013)\" width=\"500\" height=\"281\" src=\"https:\/\/www.youtube.com\/embed\/TIgWvT4_Seg?feature=oembed\" frameborder=\"0\" allow=\"accelerometer; autoplay; clipboard-write; encrypted-media; gyroscope; picture-in-picture; web-share\" referrerpolicy=\"strict-origin-when-cross-origin\" allowfullscreen><\/iframe>\n<\/div><\/figure>\n\n\n\n<p>Se quiser baixar o \u00e1lbum completo, clique&nbsp;<a href=\"https:\/\/archive.org\/compress\/JuvenalImbiribaCarimbos\/formats=320KBPS%20MP3,JPEG\" target=\"_blank\" rel=\"noreferrer noopener\">aqui (arquivo zip)<\/a>.<\/p>\n\n\n\n<p>Imagens do dia da grava\u00e7\u00e3o est\u00e3o no \u00e1lbum de fotos abaixo.<\/p>\n\n\n\n<p><a data-flickr-embed=\"true\" data-header=\"true\" data-footer=\"true\" href=\"https:\/\/www.flickr.com\/photos\/fabiogcavalcante\/albums\/72157668250380614\" title=\"Grava\u00e7\u00e3o com Juvenal Imbiriba\"><img loading=\"lazy\" decoding=\"async\" src=\"https:\/\/live.staticflickr.com\/8622\/27730710253_db5ba5ca72.jpg\" width=\"500\" height=\"375\" alt=\"Grava\u00e7\u00e3o com Juvenal Imbiriba\"><\/a><script async=\"\" src=\"\/\/embedr.flickr.com\/assets\/client-code.js\" charset=\"utf-8\"><\/script><\/p>\n\n\n\n<p>E para saber e ouvir mais de Juvenal Imbiriba, visite a <a aria-label=\"p\u00e1gina do artista no s\u00edtio FGC Produ\u00e7\u00f5es (opens in a new tab)\" class=\"rank-math-link\" href=\"https:\/\/fgcproducoes.fabiocavalcante.com\/artistas\/juvenal-imbiriba\/\" target=\"_blank\" rel=\"noreferrer noopener\">p\u00e1gina do artista no s\u00edtio FGC Produ\u00e7\u00f5es<\/a>.<\/p>\n","protected":false},"excerpt":{"rendered":"<p>Juvenal Imbiriba nasceu na comunidade de S\u00e3o Pedro, no rio Arapiuns, em 1961. Hoje mora em Aminam, na mesma regi\u00e3o. Comp\u00f5e e toca viol\u00e3o desde jovem, e o ritmo que mais o agrada \u00e9 o carimb\u00f3. Eu o conheci em 2010, quando participei da organiza\u00e7\u00e3o da Feira Cultura Digital dos Bairros, aqui em Santar\u00e9m; onde [&hellip;]<\/p>\n","protected":false},"author":1,"featured_media":678,"comment_status":"open","ping_status":"open","sticky":false,"template":"","format":"standard","meta":{"footnotes":""},"categories":[3,2],"tags":[28,49,52,17,32],"class_list":["post-194","post","type-post","status-publish","format-standard","has-post-thumbnail","hentry","category-folclore","category-musicas-audios","tag-album","tag-arranjo","tag-carimbo","tag-folclore-paraense","tag-santarem"],"_links":{"self":[{"href":"https:\/\/fabiocavalcante.com\/blog\/wp-json\/wp\/v2\/posts\/194","targetHints":{"allow":["GET"]}}],"collection":[{"href":"https:\/\/fabiocavalcante.com\/blog\/wp-json\/wp\/v2\/posts"}],"about":[{"href":"https:\/\/fabiocavalcante.com\/blog\/wp-json\/wp\/v2\/types\/post"}],"author":[{"embeddable":true,"href":"https:\/\/fabiocavalcante.com\/blog\/wp-json\/wp\/v2\/users\/1"}],"replies":[{"embeddable":true,"href":"https:\/\/fabiocavalcante.com\/blog\/wp-json\/wp\/v2\/comments?post=194"}],"version-history":[{"count":15,"href":"https:\/\/fabiocavalcante.com\/blog\/wp-json\/wp\/v2\/posts\/194\/revisions"}],"predecessor-version":[{"id":4686,"href":"https:\/\/fabiocavalcante.com\/blog\/wp-json\/wp\/v2\/posts\/194\/revisions\/4686"}],"wp:featuredmedia":[{"embeddable":true,"href":"https:\/\/fabiocavalcante.com\/blog\/wp-json\/wp\/v2\/media\/678"}],"wp:attachment":[{"href":"https:\/\/fabiocavalcante.com\/blog\/wp-json\/wp\/v2\/media?parent=194"}],"wp:term":[{"taxonomy":"category","embeddable":true,"href":"https:\/\/fabiocavalcante.com\/blog\/wp-json\/wp\/v2\/categories?post=194"},{"taxonomy":"post_tag","embeddable":true,"href":"https:\/\/fabiocavalcante.com\/blog\/wp-json\/wp\/v2\/tags?post=194"}],"curies":[{"name":"wp","href":"https:\/\/api.w.org\/{rel}","templated":true}]}}