{"id":195,"date":"2012-12-04T20:21:00","date_gmt":"2012-12-04T20:21:00","guid":{"rendered":"http:\/\/fabiocavalcante.com\/blog\/?p=195"},"modified":"2025-05-31T19:37:53","modified_gmt":"2025-05-31T19:37:53","slug":"mestre-faustino-boi-urrou-la-no-terreiro-e-outras-toadas","status":"publish","type":"post","link":"https:\/\/fabiocavalcante.com\/blog\/mestre-faustino-boi-urrou-la-no-terreiro-e-outras-toadas\/","title":{"rendered":"Mestre Faustino &#8211; Boi Urrou L\u00e1 No Terreiro e outras toadas"},"content":{"rendered":"\n<p>Esta \u00e9 uma cole\u00e7\u00e3o com 8 toadas de Mestre Faustino, amo do boi Pai-do-campo, de Our\u00e9m, que gravei no dia 14 de setembro de 2010. Foram feitas no mesmo dia que as toadas com Cardoso (publicadas na <a href=\"https:\/\/fabiocavalcante.com\/blog\/homenagem-ao-mestre-cardoso-arquivos-ineditos\/\" target=\"_blank\" rel=\"noopener noreferrer\">postagem anterior<\/a>) quando estive em Our\u00e9m pra reunir material pro meu disco &#8220;<a href=\"https:\/\/fabiocavalcante.com\/musicas\/do-meio-do-seculo-xx-para-o-xxi\/\" target=\"_blank\" rel=\"noreferrer noopener\">Do meio do S\u00e9culo XX para o XXI<\/a>&#8220;. Participaram o pr\u00f3prio Faustino (caixa e voz), Tan-tan (on\u00e7a e coro) e Dona Paulina (esposa de Faustino, no caxixi e coro).<\/p>\n\n\n\n<p><iframe loading=\"lazy\" src=\"https:\/\/archive.org\/embed\/FaustinoBoiUrrouLaNoTerreiroEOutrasToadas&amp;playlist=1&amp;list_height=210\" width=\"500\" height=\"210\" frameborder=\"0\" webkitallowfullscreen=\"true\" mozallowfullscreen=\"true\" allowfullscreen=\"\"><\/iframe><\/p>\n\n\n\n<p>Para baixar essa cole\u00e7\u00e3o, clique <a href=\"https:\/\/archive.org\/compress\/FaustinoBoiUrrouLaNoTerreiroEOutrasToadas\/formats=192KBPS%20MP3,JPEG\" target=\"_blank\" rel=\"noreferrer noopener\">aqui (arquivo zip)<\/a>.<\/p>\n\n\n\n<p>E aqui vai uma historinha por tr\u00e1s de &#8220;Tava dormindo e sonhando&#8221;, a faixa 6 do <i>player<\/i> acima: A primeira vez que ouvi Faustino cantando essa toada foi em 2003. A letra era a mesma, mas a melodia era diferente. Achei ela linda e pedi pra ele cantar\u00a0<i>a capella<\/i>, pra eu gravar. \u00c9 a faixa 9.<\/p>\n\n\n\n<p>Em 2005 eu mesmo a gravei, no meu &#8220;FGC Vol. 3&#8221;.<\/p>\n\n\n\n<p><iframe style=\"border: 0; width: 100%; height: 120px;\" src=\"https:\/\/bandcamp.com\/EmbeddedPlayer\/album=2564381666\/size=large\/bgcol=ffffff\/linkcol=0687f5\/tracklist=false\/artwork=small\/track=3482430882\/transparent=true\/\" seamless=\"\"><a href=\"https:\/\/fabiocavalcante.bandcamp.com\/album\/fgc-vols-2-e-3\">FGC Vols. 2 e 3 by F\u00e1bio Cavalcante<\/a><\/iframe><\/p>\n\n\n\n<p>Depois disso, o Faustino me procurou preocupado, dizendo que queria grav\u00e1-la tamb\u00e9m, porque a melodia que cantei (e que ele havia cantado naquele 2003) n\u00e3o era a &#8220;correta&#8221;, &#8220;tradicional&#8221; do seu Boi. Ele havia misturado a melodia de outra m\u00fasica na letra de &#8220;Tava dormindo e sonhando&#8221;. Ent\u00e3o pronto! &#8211; Essa \u00e9 uma das toadas mais usuais do Pai-do-campo, e o canto &#8220;original&#8221;, entoado nas ruas e terreiros de Our\u00e9m, \u00e9 esse que est\u00e1 aqui agora.<\/p>\n\n\n\n<p>O \u00e1lbum abaixo s\u00e3o com imagens dessa grava\u00e7\u00e3o, feita na casa de <a href=\"http:\/\/www.overmundo.com.br\/perfis\/arlindo-matos\" target=\"_blank\" rel=\"noopener noreferrer\">Arlindo Matos<\/a>, em Our\u00e9m.<\/p>\n\n\n\n<p><a data-flickr-embed=\"true\" data-header=\"true\" data-footer=\"true\" href=\"https:\/\/www.flickr.com\/photos\/fabiogcavalcante\/albums\/72157668240493523\" title=\"Grava\u00e7\u00e3o com Mestre Faustino\"><img loading=\"lazy\" decoding=\"async\" src=\"https:\/\/live.staticflickr.com\/8693\/27718967074_1a047604d6_w.jpg\" width=\"500\" height=\"375\" alt=\"Grava\u00e7\u00e3o com Mestre Faustino\"><\/a><script async=\"\" src=\"\/\/embedr.flickr.com\/assets\/client-code.js\" charset=\"utf-8\"><\/script><\/p>\n\n\n\n<p>Se quiser ouvir e baixar outras toadas que gravei de Mestre Faustino, visite <a href=\"https:\/\/fgcproducoes.fabiocavalcante.com\/artistas\/mestre-faustino\/\" target=\"_blank\" rel=\"noreferrer noopener\">esta p\u00e1gina do s\u00edtio FGC Produ\u00e7\u00f5es<\/a>.<\/p>\n","protected":false},"excerpt":{"rendered":"<p>Esta \u00e9 uma cole\u00e7\u00e3o com 8 toadas de Mestre Faustino, amo do boi Pai-do-campo, de Our\u00e9m, que gravei no dia 14 de setembro de 2010. Foram feitas no mesmo dia que as toadas com Cardoso (publicadas na postagem anterior) quando estive em Our\u00e9m pra reunir material pro meu disco &#8220;Do meio do S\u00e9culo XX para [&hellip;]<\/p>\n","protected":false},"author":1,"featured_media":679,"comment_status":"open","ping_status":"open","sticky":false,"template":"","format":"standard","meta":{"footnotes":""},"categories":[3,2],"tags":[28,17,39],"class_list":["post-195","post","type-post","status-publish","format-standard","has-post-thumbnail","hentry","category-folclore","category-musicas-audios","tag-album","tag-folclore-paraense","tag-ourem"],"_links":{"self":[{"href":"https:\/\/fabiocavalcante.com\/blog\/wp-json\/wp\/v2\/posts\/195","targetHints":{"allow":["GET"]}}],"collection":[{"href":"https:\/\/fabiocavalcante.com\/blog\/wp-json\/wp\/v2\/posts"}],"about":[{"href":"https:\/\/fabiocavalcante.com\/blog\/wp-json\/wp\/v2\/types\/post"}],"author":[{"embeddable":true,"href":"https:\/\/fabiocavalcante.com\/blog\/wp-json\/wp\/v2\/users\/1"}],"replies":[{"embeddable":true,"href":"https:\/\/fabiocavalcante.com\/blog\/wp-json\/wp\/v2\/comments?post=195"}],"version-history":[{"count":15,"href":"https:\/\/fabiocavalcante.com\/blog\/wp-json\/wp\/v2\/posts\/195\/revisions"}],"predecessor-version":[{"id":4684,"href":"https:\/\/fabiocavalcante.com\/blog\/wp-json\/wp\/v2\/posts\/195\/revisions\/4684"}],"wp:featuredmedia":[{"embeddable":true,"href":"https:\/\/fabiocavalcante.com\/blog\/wp-json\/wp\/v2\/media\/679"}],"wp:attachment":[{"href":"https:\/\/fabiocavalcante.com\/blog\/wp-json\/wp\/v2\/media?parent=195"}],"wp:term":[{"taxonomy":"category","embeddable":true,"href":"https:\/\/fabiocavalcante.com\/blog\/wp-json\/wp\/v2\/categories?post=195"},{"taxonomy":"post_tag","embeddable":true,"href":"https:\/\/fabiocavalcante.com\/blog\/wp-json\/wp\/v2\/tags?post=195"}],"curies":[{"name":"wp","href":"https:\/\/api.w.org\/{rel}","templated":true}]}}