{"id":196,"date":"2012-11-27T17:45:00","date_gmt":"2012-11-27T17:45:00","guid":{"rendered":"http:\/\/fabiocavalcante.com\/blog\/?p=196"},"modified":"2025-05-29T03:15:24","modified_gmt":"2025-05-29T03:15:24","slug":"homenagem-ao-mestre-cardoso-arquivos-ineditos","status":"publish","type":"post","link":"https:\/\/fabiocavalcante.com\/blog\/homenagem-ao-mestre-cardoso-arquivos-ineditos\/","title":{"rendered":"Homenagem ao Mestre Cardoso (arquivos in\u00e9ditos)"},"content":{"rendered":"\n<p>Esta postagem \u00e9 uma homenagem ao Mestre Cardoso, amo do Ouro Fino de Our\u00e9m, que faleceu esse m\u00eas, dia 20, em decorr\u00eancia de um c\u00e2ncer que o debilitou lentamente desde maio, deixando-o com grande dificuldade para andar e cantar nas \u00faltimas semanas. S\u00e3o entrevistas e algumas m\u00fasicas ainda in\u00e9ditas, um tanto antigas, mas que finalmente edito e posto aqui na internet. \u00c9 um material que acredito ser delicioso, principalmente pra quem conhece o Cardoso e est\u00e1 a fim de saber mais dele, j\u00e1 que ele fala bastante sobre a sua vida e sua arte: as toadas, o auto do boi, matan\u00e7as, levanta\u00e7\u00f5es, seus m\u00e9todos de compor\u2026<\/p>\n\n\n\n<p>Essa primeira sequ\u00eancia \u00e9 com 4 m\u00fasicas que gravei no dia 14 de setembro de 2010, em Our\u00e9m, quando l\u00e1 estive para reunir material pro&nbsp;<a href=\"https:\/\/fabiocavalcante.com\/musicas\/do-meio-do-seculo-xx-para-o-xxi\/\" target=\"_blank\" rel=\"noreferrer noopener\">meu disco mais recente<\/a>. O tambor e o marac\u00e1 foram tocados pelo pr\u00f3prio Cardoso. A faixa 3, \u201cQue alegria!\u201d, trata de um acontecimento que ainda estava \u201cquente\u201d na \u00e9poca \u2013 o reencontro do Mestre com seus familiares, quase 60 anos depois de sair da sua terra natal (essa hist\u00f3ria est\u00e1 contada&nbsp;<a href=\"https:\/\/fabiocavalcante.com\/blog\/familiares-reconhecem-mestre-cardoso-no-blog-fgc\/\" target=\"_blank\" rel=\"noreferrer noopener\">aqui<\/a>).<\/p>\n\n\n\n<p><iframe loading=\"lazy\" src=\"https:\/\/archive.org\/embed\/MestreCardoso-AvioFrancsEOutrasToadas&amp;playlist=1\" width=\"500\" height=\"110\" frameborder=\"0\" allowfullscreen=\"allowfullscreen\"><\/iframe><\/p>\n\n\n\n<p>O&nbsp;<a rel=\"noreferrer noopener\" href=\"http:\/\/www.overmundo.com.br\/perfis\/arlindo-matos\" target=\"_blank\">Arlindo Matos<\/a>, na casa de quem foram feitas essas grava\u00e7\u00f5es, registrou em v\u00eddeo o momento que o Cardoso canta \u201cAvi\u00e3o Franc\u00eas\u201d, a toada que trata,&nbsp;assim como tantas outras do Mestre,&nbsp;de uma not\u00edcia \u201cinternacional\u201d:&nbsp;<a rel=\"noreferrer noopener\" href=\"http:\/\/pt.wikipedia.org\/wiki\/Voo_Air_France_447\" target=\"_blank\">a trag\u00e9dia com o Airbus A330 da Air France<\/a>, que havia ca\u00eddo no Atl\u00e2ntico no ano anterior. \u00c9 o video editado pelo Arlindo que eu coloco aqui:<\/p>\n\n\n\n<figure class=\"wp-block-embed is-type-video is-provider-youtube wp-block-embed-youtube wp-embed-aspect-4-3 wp-has-aspect-ratio\"><div class=\"wp-block-embed__wrapper\">\n<iframe loading=\"lazy\" title=\"Our\u00e9m - Mestre Cardoso - Avi\u00e3o Franc\u00eas\" width=\"500\" height=\"375\" src=\"https:\/\/www.youtube.com\/embed\/sRml_WcIxYM?feature=oembed\" frameborder=\"0\" allow=\"accelerometer; autoplay; clipboard-write; encrypted-media; gyroscope; picture-in-picture; web-share\" referrerpolicy=\"strict-origin-when-cross-origin\" allowfullscreen><\/iframe>\n<\/div><\/figure>\n\n\n\n<p>As entrevistas a seguir (exceto a da primeira faixa) foram todas feitas no programa \u201cSala de Reboco\u201d, que apresentei entre 2004 e 2006, na r\u00e1dio Temb\u00e9s FM, em Our\u00e9m. Muitas vezes o Cardoso fala das m\u00fasicas que iam ser apresentadas no dia da entrevista, mas os assuntos s\u00e3o os mais variados. Na segunda faixa (o Domin\u00f3) ele explica um jogo fant\u00e1stico no uso da mem\u00f3ria e da criatividade, que era praticado entre os amos de boi do seu Piau\u00ed \u2013 o Domin\u00f3, onde as pe\u00e7as eram substitu\u00eddas por toadas rimadas, que eram postas no terreiro ao inv\u00e9s de postas na mesa. Na terceira faixa (A vinda para o Par\u00e1), ele conta o caminho que fez, boa parte a p\u00e9, quando saiu de Parna\u00edba, aos 20 anos, at\u00e9 chegar em Our\u00e9m, em 1993. A primeira foi feita em casa em dezembro de 2003, pouco depois de conhec\u00ea-lo. Cardoso fala sobre seu in\u00edcio na arte do boi, sua sa\u00edda de Piau\u00ed, o costume de tirar licen\u00e7a para a brincadeira, o boi em Our\u00e9m, os personagens do auto, as dificuldades e o amor pela arte do boi-bumb\u00e1. Bem, os temas s\u00e3o diversos mesmo. Confira a seguir:<\/p>\n\n\n\n<p><iframe loading=\"lazy\" src=\"https:\/\/archive.org\/embed\/ConversasComMestreCardoso&amp;playlist=1\" width=\"500\" height=\"255\" frameborder=\"0\" allowfullscreen=\"allowfullscreen\"><\/iframe><\/p>\n\n\n\n<p>Reuni no \u00e1lbum abaixo as fotos que tirei do Mestre ao longo desses anos. A mais antiga \u00e9 da sua participa\u00e7\u00e3o na FEMPO, a Feira de M\u00fasica e Poesia de Our\u00e9m, em 2005. As mais recentes s\u00e3o do show que fizemos juntos em 2011, em Bel\u00e9m, n<a href=\"https:\/\/www.youtube.com\/playlist?list=PL8983F2F2801DAC5E\" target=\"_blank\" rel=\"noreferrer noopener\">o lan\u00e7amento do meu disco \u201cDo meio do s\u00e9culo XX para o XXI&#8221;<\/a>, todo com composi\u00e7\u00f5es do Mestre. No caminho,&nbsp;as brincadeiras nas ruas de Our\u00e9m, nas r\u00e1dios, no Teatro da Paz e nos arrast\u00f5es.<\/p>\n\n\n\n<div class=\"wp-block-group has-global-padding is-layout-constrained wp-block-group-is-layout-constrained\">\n<a data-flickr-embed=\"true\" data-header=\"true\" data-footer=\"true\" href=\"https:\/\/www.flickr.com\/photos\/fabiogcavalcante\/albums\/72157671241185625\" title=\"Mestre Cardoso - Lavrador de toadas, Compositor do mato (1933-2012)\"><img loading=\"lazy\" decoding=\"async\" src=\"https:\/\/live.staticflickr.com\/8027\/27779963734_749bdd45c6.jpg\" width=\"500\" height=\"375\" alt=\"Mestre Cardoso - Lavrador de toadas, Compositor do mato (1933-2012)\"\/><\/a><script async src=\"\/\/embedr.flickr.com\/assets\/client-code.js\" charset=\"utf-8\"><\/script>\n<\/div>\n\n\n\n<p>Quem quiser ouvir a obra do Cardoso pode acessar&nbsp;<a href=\"https:\/\/fgcproducoes.fabiocavalcante.com\/artistas\/mestre-cardoso\/\" target=\"_blank\" rel=\"noreferrer noopener\">esta p\u00e1gina no site da FGC Produc\u00f5es<\/a>. L\u00e1 est\u00e3o dispon\u00edveis, para ouvir e baixar, mais de 120 m\u00fasicas, al\u00e9m de outros v\u00eddeos e imagens. Aqui mesmo, no Blog FGC, publiquei diversas postagens sobre ele (com esta s\u00e3o 12). Elas est\u00e3o reunidas&nbsp;<a href=\"https:\/\/fabiocavalcante.com\/blog\/tag\/mestre-cardoso\/\" target=\"_blank\" rel=\"noreferrer noopener\">aqui<\/a>.<\/p>\n\n\n\n<figure class=\"wp-block-image aligncenter size-large\"><img loading=\"lazy\" decoding=\"async\" width=\"640\" height=\"480\" src=\"https:\/\/fabiocavalcante.com\/blog\/wp-content\/uploads\/2012\/11\/cardoso_indumentaria.jpg\" alt=\"Chap\u00e9u, marac\u00e1 e jaqueta de Mestre Cardoso, amo do boi Ouro Fino, de Our\u00e9m.\" class=\"wp-image-296\" srcset=\"https:\/\/fabiocavalcante.com\/blog\/wp-content\/uploads\/2012\/11\/cardoso_indumentaria.jpg 640w, https:\/\/fabiocavalcante.com\/blog\/wp-content\/uploads\/2012\/11\/cardoso_indumentaria-300x225.jpg 300w\" sizes=\"auto, (max-width: 640px) 100vw, 640px\" \/><figcaption class=\"wp-element-caption\">Os apetrechos do Mestre<\/figcaption><\/figure>\n","protected":false},"excerpt":{"rendered":"<p>Esta postagem \u00e9 uma homenagem ao Mestre Cardoso, amo do Ouro Fino de Our\u00e9m, que faleceu esse m\u00eas, dia 20, em decorr\u00eancia de um c\u00e2ncer que o debilitou lentamente desde maio, deixando-o com grande dificuldade para andar e cantar nas \u00faltimas semanas. S\u00e3o entrevistas e algumas m\u00fasicas ainda in\u00e9ditas, um tanto antigas, mas que finalmente [&hellip;]<\/p>\n","protected":false},"author":1,"featured_media":684,"comment_status":"open","ping_status":"open","sticky":false,"template":"","format":"standard","meta":{"footnotes":""},"categories":[3,2,5],"tags":[17,35,39],"class_list":["post-196","post","type-post","status-publish","format-standard","has-post-thumbnail","hentry","category-folclore","category-musicas-audios","category-videos","tag-folclore-paraense","tag-mestre-cardoso","tag-ourem"],"_links":{"self":[{"href":"https:\/\/fabiocavalcante.com\/blog\/wp-json\/wp\/v2\/posts\/196","targetHints":{"allow":["GET"]}}],"collection":[{"href":"https:\/\/fabiocavalcante.com\/blog\/wp-json\/wp\/v2\/posts"}],"about":[{"href":"https:\/\/fabiocavalcante.com\/blog\/wp-json\/wp\/v2\/types\/post"}],"author":[{"embeddable":true,"href":"https:\/\/fabiocavalcante.com\/blog\/wp-json\/wp\/v2\/users\/1"}],"replies":[{"embeddable":true,"href":"https:\/\/fabiocavalcante.com\/blog\/wp-json\/wp\/v2\/comments?post=196"}],"version-history":[{"count":12,"href":"https:\/\/fabiocavalcante.com\/blog\/wp-json\/wp\/v2\/posts\/196\/revisions"}],"predecessor-version":[{"id":4260,"href":"https:\/\/fabiocavalcante.com\/blog\/wp-json\/wp\/v2\/posts\/196\/revisions\/4260"}],"wp:featuredmedia":[{"embeddable":true,"href":"https:\/\/fabiocavalcante.com\/blog\/wp-json\/wp\/v2\/media\/684"}],"wp:attachment":[{"href":"https:\/\/fabiocavalcante.com\/blog\/wp-json\/wp\/v2\/media?parent=196"}],"wp:term":[{"taxonomy":"category","embeddable":true,"href":"https:\/\/fabiocavalcante.com\/blog\/wp-json\/wp\/v2\/categories?post=196"},{"taxonomy":"post_tag","embeddable":true,"href":"https:\/\/fabiocavalcante.com\/blog\/wp-json\/wp\/v2\/tags?post=196"}],"curies":[{"name":"wp","href":"https:\/\/api.w.org\/{rel}","templated":true}]}}