{"id":197,"date":"2012-11-20T02:12:00","date_gmt":"2012-11-20T02:12:00","guid":{"rendered":"http:\/\/fabiocavalcante.com\/blog\/?p=197"},"modified":"2025-05-31T19:34:49","modified_gmt":"2025-05-31T19:34:49","slug":"cabocla-mariana-na-praia-de-ponta-de-pedras","status":"publish","type":"post","link":"https:\/\/fabiocavalcante.com\/blog\/cabocla-mariana-na-praia-de-ponta-de-pedras\/","title":{"rendered":"Cabocla Mariana na praia de Ponta de Pedras"},"content":{"rendered":"\n<p>A convite da Prof. <a href=\"https:\/\/ufopaedu.academia.edu\/CarlaRamos\" target=\"_blank\" rel=\"noreferrer noopener\">Carla Ramos<\/a>, que coordena o projeto \u201cMapeamento das Casas e Terreiros de Religi\u00f5es de Matriz Afro-brasileira na cidade de Santar\u00e9m\/Par\u00e1\u201d, da UFOPA, fui \u00e0&nbsp;<a href=\"https:\/\/www.google.com.br\/search?q=ponta+de+pedras+santar%C3%A9m+par%C3%A1&amp;hl=pt-BR&amp;prmd=imvns&amp;source=lnms&amp;tbm=isch\" target=\"_blank\" rel=\"noopener noreferrer\">praia de Ponta de Pedras<\/a> (Santar\u00e9m\/PA) na&nbsp;noite de 10 de novembro de 2012, durante uma festa em homenagem \u00e0 <a href=\"http:\/\/minhaumbandaquerida.blogspot.com.br\/2010\/11\/cabocla-mariana.html\" target=\"_blank\" rel=\"noopener noreferrer\">Cabocla Mariana<\/a>, que reuniu diversas casas de religi\u00f5es afro-brasileiras de Santar\u00e9m. Deixo aqui dispon\u00edveis alguns dos batuques que tive o prazer de ouvir e gravar por l\u00e1.<\/p>\n\n\n\n<p><iframe loading=\"lazy\" src=\"https:\/\/archive.org\/embed\/MaeMarianaEmPontaDePedras&amp;playlist=1&amp;list_height=370\" width=\"500\" height=\"370\" frameborder=\"0\" webkitallowfullscreen=\"true\" mozallowfullscreen=\"true\" allowfullscreen=\"\"><\/iframe><\/p>\n\n\n\n<p>O \u00e1lbum a seguir s\u00e3o com imagens dessa noite.<\/p>\n\n\n\n<p><a data-flickr-embed=\"true\" data-header=\"true\" data-footer=\"true\" href=\"https:\/\/www.flickr.com\/photos\/fabiogcavalcante\/albums\/72157671140386035\" title=\"Festa para M\u00e3e Mariana\"><img loading=\"lazy\" decoding=\"async\" src=\"https:\/\/live.staticflickr.com\/8899\/28268254891_45c21199c6.jpg\" width=\"500\" height=\"375\" alt=\"Festa para M\u00e3e Mariana\"><\/a><script async=\"\" src=\"\/\/embedr.flickr.com\/assets\/client-code.js\" charset=\"utf-8\"><\/script><\/p>\n\n\n\n<p>Se quiser baixar todas as m\u00fasicas, clique <a href=\"https:\/\/archive.org\/compress\/MaeMarianaEmPontaDePedras\/formats=192KBPS%20MP3,JPEG\" target=\"_blank\" rel=\"noreferrer noopener\">aqui (arquivo zip)<\/a>.<\/p>\n","protected":false},"excerpt":{"rendered":"<p>A convite da Prof. Carla Ramos, que coordena o projeto \u201cMapeamento das Casas e Terreiros de Religi\u00f5es de Matriz Afro-brasileira na cidade de Santar\u00e9m\/Par\u00e1\u201d, da UFOPA, fui \u00e0&nbsp;praia de Ponta de Pedras (Santar\u00e9m\/PA) na&nbsp;noite de 10 de novembro de 2012, durante uma festa em homenagem \u00e0 Cabocla Mariana, que reuniu diversas casas de religi\u00f5es afro-brasileiras [&hellip;]<\/p>\n","protected":false},"author":1,"featured_media":687,"comment_status":"open","ping_status":"open","sticky":false,"template":"","format":"standard","meta":{"footnotes":""},"categories":[3,2],"tags":[31,17,32],"class_list":["post-197","post","type-post","status-publish","format-standard","has-post-thumbnail","hentry","category-folclore","category-musicas-audios","tag-ao-vivo","tag-folclore-paraense","tag-santarem"],"_links":{"self":[{"href":"https:\/\/fabiocavalcante.com\/blog\/wp-json\/wp\/v2\/posts\/197","targetHints":{"allow":["GET"]}}],"collection":[{"href":"https:\/\/fabiocavalcante.com\/blog\/wp-json\/wp\/v2\/posts"}],"about":[{"href":"https:\/\/fabiocavalcante.com\/blog\/wp-json\/wp\/v2\/types\/post"}],"author":[{"embeddable":true,"href":"https:\/\/fabiocavalcante.com\/blog\/wp-json\/wp\/v2\/users\/1"}],"replies":[{"embeddable":true,"href":"https:\/\/fabiocavalcante.com\/blog\/wp-json\/wp\/v2\/comments?post=197"}],"version-history":[{"count":10,"href":"https:\/\/fabiocavalcante.com\/blog\/wp-json\/wp\/v2\/posts\/197\/revisions"}],"predecessor-version":[{"id":4682,"href":"https:\/\/fabiocavalcante.com\/blog\/wp-json\/wp\/v2\/posts\/197\/revisions\/4682"}],"wp:featuredmedia":[{"embeddable":true,"href":"https:\/\/fabiocavalcante.com\/blog\/wp-json\/wp\/v2\/media\/687"}],"wp:attachment":[{"href":"https:\/\/fabiocavalcante.com\/blog\/wp-json\/wp\/v2\/media?parent=197"}],"wp:term":[{"taxonomy":"category","embeddable":true,"href":"https:\/\/fabiocavalcante.com\/blog\/wp-json\/wp\/v2\/categories?post=197"},{"taxonomy":"post_tag","embeddable":true,"href":"https:\/\/fabiocavalcante.com\/blog\/wp-json\/wp\/v2\/tags?post=197"}],"curies":[{"name":"wp","href":"https:\/\/api.w.org\/{rel}","templated":true}]}}