{"id":198,"date":"2012-09-22T15:31:00","date_gmt":"2012-09-22T15:31:00","guid":{"rendered":"http:\/\/fabiocavalcante.com\/blog\/?p=198"},"modified":"2025-05-29T03:28:29","modified_gmt":"2025-05-29T03:28:29","slug":"gamba-de-aveiro","status":"publish","type":"post","link":"https:\/\/fabiocavalcante.com\/blog\/gamba-de-aveiro\/","title":{"rendered":"Gamb\u00e1 de Aveiro"},"content":{"rendered":"\n<p>O Gamb\u00e1 \u00e9 celebrado na vila de Pinhel (munic\u00edpio de&nbsp;<a href=\"http:\/\/pt.wikipedia.org\/wiki\/Aveiro_(Par%C3%A1)\" target=\"_blank\" rel=\"noreferrer noopener\">Aveiro\/PA<\/a>) nos \u00faltimos dias do m\u00eas de junho, em homenagem a&nbsp;<a href=\"http:\/\/pt.wikipedia.org\/wiki\/S%C3%A3o_Benedito\" target=\"_blank\" rel=\"noreferrer noopener\">S\u00e3o Benedito<\/a>. O termo \u201cGamb\u00e1\u201d significa tanto a dan\u00e7a, quanto o ritmo, a festa e o principal instrumento usado na festividade \u2013 o tambor de tronco oco. Al\u00e9m dos tambores, as toadas do Gamb\u00e1 de Aveiro s\u00e3o acompanhadas por tocadores de caixa, reco-reco e ganz\u00e1.<\/p>\n\n\n\n<p>Os 25 gamb\u00e1s desta postagem foram gravados em 29 de julho de 2007, no projeto do selo \u201cMatrizes Ancestrais\u201d, do&nbsp;<a rel=\"noreferrer noopener\" href=\"http:\/\/blogdoiap.blogspot.com\/\" target=\"_blank\">Instituto de Artes do Par\u00e1 (IAP)<\/a>, coordenado por Walter Freitas e Walter Figueredo, e que buscava mapear e registrar as festividades tradicionais paraenses. Al\u00e9m das folias, na \u00faltima faixa dessa cole\u00e7\u00e3o voc\u00ea ouve uma ladainha com os moradores de Pinhel, que tamb\u00e9m tive a oportunidade de gravar. A ladainha, \u00e9 importante dizer, tamb\u00e9m \u00e9 parte integrante desta festividade. Os m\u00fasicos s\u00e3o:&nbsp;Teodoro da Silva (tambor),&nbsp;Edgar Carvalho (tambor),&nbsp;Reimar Carvalho (tambor),&nbsp;Belinho Deodato (reco-reco),&nbsp;Tiago Deodato (mestre cantor e caixa),&nbsp;Altino dos Santos (mestre cantor e caixa) e&nbsp;Maciel Xavier Cardoso (mestre cantor e caixa).<\/p>\n\n\n\n<p><iframe loading=\"lazy\" src=\"https:\/\/archive.org\/embed\/GambaDeAveiro&amp;playlist=1\" width=\"500\" height=\"400\" frameborder=\"0\" allowfullscreen=\"allowfullscreen\"><\/iframe><\/p>\n\n\n\n<p>Essas grava\u00e7\u00f5es foram lan\u00e7adas em CD pelo IAP, em abril de 2008.<\/p>\n\n\n\n<figure class=\"wp-block-image size-large is-resized\"><img loading=\"lazy\" decoding=\"async\" width=\"373\" height=\"339\" src=\"https:\/\/fabiocavalcante.com\/blog\/wp-content\/uploads\/2012\/09\/gamba_capa.jpg\" alt=\"Capa do \u00e1lbum Gamb\u00e1 de Aveiro, lan\u00e7ado pelo Instituto de Artes do Par\u00e1\" class=\"wp-image-298\" style=\"width:373px;height:339px\" srcset=\"https:\/\/fabiocavalcante.com\/blog\/wp-content\/uploads\/2012\/09\/gamba_capa.jpg 373w, https:\/\/fabiocavalcante.com\/blog\/wp-content\/uploads\/2012\/09\/gamba_capa-300x273.jpg 300w\" sizes=\"auto, (max-width: 373px) 100vw, 373px\" \/><figcaption class=\"wp-element-caption\">Capa do \u00e1lbum Gamba de Aveiro (IAP, 2008)<\/figcaption><\/figure>\n\n\n\n<p>Para baixar as toadas (com a ladainha) em um \u00fanico arquivo, clique&nbsp;<a href=\"https:\/\/archive.org\/compress\/GambaDeAveiro\/formats=192KBPS%20MP3,JPEG\" data-type=\"URL\" data-id=\"http:\/\/archive.org\/download\/GambaDeAveiro\/FGCProd_GambaDeAveiro.zip\" target=\"_blank\" rel=\"noreferrer noopener\">aqui (arquivo zip)<\/a>.&nbsp;E para saber mais sobre o Gamb\u00e1, visite tamb\u00e9m&nbsp;<a href=\"http:\/\/redemocoronga.org.br\/2010\/07\/05\/festa-do-gamba\/\" target=\"_blank\" rel=\"noreferrer noopener\">esta p\u00e1gina, na Rede Mocoronga<\/a>.<\/p>\n","protected":false},"excerpt":{"rendered":"<p>O Gamb\u00e1 \u00e9 celebrado na vila de Pinhel (munic\u00edpio de&nbsp;Aveiro\/PA) nos \u00faltimos dias do m\u00eas de junho, em homenagem a&nbsp;S\u00e3o Benedito. O termo \u201cGamb\u00e1\u201d significa tanto a dan\u00e7a, quanto o ritmo, a festa e o principal instrumento usado na festividade \u2013 o tambor de tronco oco. Al\u00e9m dos tambores, as toadas do Gamb\u00e1 de Aveiro [&hellip;]<\/p>\n","protected":false},"author":1,"featured_media":0,"comment_status":"open","ping_status":"open","sticky":false,"template":"","format":"standard","meta":{"footnotes":""},"categories":[3,2],"tags":[28,17],"class_list":["post-198","post","type-post","status-publish","format-standard","hentry","category-folclore","category-musicas-audios","tag-album","tag-folclore-paraense"],"_links":{"self":[{"href":"https:\/\/fabiocavalcante.com\/blog\/wp-json\/wp\/v2\/posts\/198","targetHints":{"allow":["GET"]}}],"collection":[{"href":"https:\/\/fabiocavalcante.com\/blog\/wp-json\/wp\/v2\/posts"}],"about":[{"href":"https:\/\/fabiocavalcante.com\/blog\/wp-json\/wp\/v2\/types\/post"}],"author":[{"embeddable":true,"href":"https:\/\/fabiocavalcante.com\/blog\/wp-json\/wp\/v2\/users\/1"}],"replies":[{"embeddable":true,"href":"https:\/\/fabiocavalcante.com\/blog\/wp-json\/wp\/v2\/comments?post=198"}],"version-history":[{"count":8,"href":"https:\/\/fabiocavalcante.com\/blog\/wp-json\/wp\/v2\/posts\/198\/revisions"}],"predecessor-version":[{"id":4347,"href":"https:\/\/fabiocavalcante.com\/blog\/wp-json\/wp\/v2\/posts\/198\/revisions\/4347"}],"wp:attachment":[{"href":"https:\/\/fabiocavalcante.com\/blog\/wp-json\/wp\/v2\/media?parent=198"}],"wp:term":[{"taxonomy":"category","embeddable":true,"href":"https:\/\/fabiocavalcante.com\/blog\/wp-json\/wp\/v2\/categories?post=198"},{"taxonomy":"post_tag","embeddable":true,"href":"https:\/\/fabiocavalcante.com\/blog\/wp-json\/wp\/v2\/tags?post=198"}],"curies":[{"name":"wp","href":"https:\/\/api.w.org\/{rel}","templated":true}]}}