{"id":199,"date":"2012-06-07T15:58:00","date_gmt":"2012-06-07T15:58:00","guid":{"rendered":"http:\/\/fabiocavalcante.com\/blog\/?p=199"},"modified":"2025-05-31T20:58:10","modified_gmt":"2025-05-31T20:58:10","slug":"catalendas","status":"publish","type":"post","link":"https:\/\/fabiocavalcante.com\/blog\/catalendas\/","title":{"rendered":"Catalendas (Trilha Sonora Original)"},"content":{"rendered":"\n<p>A nova trilha sonora que fiz pro programa &#8220;<a href=\"http:\/\/tvbrasil.ebc.com.br\/catalendas\" target=\"_blank\" rel=\"noreferrer noopener\">Catalendas<\/a>&#8221; (cria\u00e7\u00e3o do <a href=\"https:\/\/www.facebook.com\/pages\/category\/Performing-Arts-School\/In-Bust-Teatro-com-Bonecos-275711035866743\/\" target=\"_blank\" rel=\"noreferrer noopener\">In Bust Teatro com Bonecos<\/a>, dirigida por&nbsp;Roger Paes e produzido pela <a href=\"http:\/\/www.portalcultura.com.br\/\" target=\"_blank\" rel=\"noreferrer noopener\">TV Cultura do Par\u00e1<\/a>), e que esse ano voltar\u00e1 com epis\u00f3dios in\u00e9ditos, est\u00e1 dispon\u00edvel na internet neste \u00e1lbum que preparei junto com a trilha anterior, de 2002.<\/p>\n\n\n\n<figure class=\"wp-block-embed is-type-rich is-provider-spotify wp-block-embed-spotify\"><div class=\"wp-block-embed__wrapper\">\n<iframe title=\"Spotify Embed: Catalendas (Trilha Sonora Original) [Remasterizado]\" style=\"border-radius: 12px\" width=\"100%\" height=\"352\" frameborder=\"0\" allowfullscreen allow=\"autoplay; clipboard-write; encrypted-media; fullscreen; picture-in-picture\" loading=\"lazy\" src=\"https:\/\/open.spotify.com\/embed\/album\/3DpKyRnJedmdU28eVA29Au?si=NIy9aSgbTpSa-xpjiurMeA&#038;utm_source=oembed\"><\/iframe>\n<\/div><\/figure>\n\n\n\n<p class=\"has-text-align-center\">OU\u00c7A NA SUA PLATAFORMA PREFERIDA:<\/p>\n\n\n\n<ul class=\"wp-block-social-links has-visible-labels is-content-justification-center is-layout-flex wp-container-core-social-links-is-layout-a89b3969 wp-block-social-links-is-layout-flex\"><li class=\"wp-social-link wp-social-link-spotify  wp-block-social-link\"><a rel=\"noopener nofollow\" target=\"_blank\" href=\"https:\/\/open.spotify.com\/album\/3DpKyRnJedmdU28eVA29Au\" class=\"wp-block-social-link-anchor\"><svg width=\"24\" height=\"24\" viewBox=\"0 0 24 24\" version=\"1.1\" xmlns=\"http:\/\/www.w3.org\/2000\/svg\" aria-hidden=\"true\" focusable=\"false\"><path d=\"M12,2C6.477,2,2,6.477,2,12c0,5.523,4.477,10,10,10c5.523,0,10-4.477,10-10C22,6.477,17.523,2,12,2 M16.586,16.424 c-0.18,0.295-0.563,0.387-0.857,0.207c-2.348-1.435-5.304-1.76-8.785-0.964c-0.335,0.077-0.67-0.133-0.746-0.469 c-0.077-0.335,0.132-0.67,0.469-0.746c3.809-0.871,7.077-0.496,9.713,1.115C16.673,15.746,16.766,16.13,16.586,16.424 M17.81,13.7 c-0.226,0.367-0.706,0.482-1.072,0.257c-2.687-1.652-6.785-2.131-9.965-1.166C6.36,12.917,5.925,12.684,5.8,12.273 C5.675,11.86,5.908,11.425,6.32,11.3c3.632-1.102,8.147-0.568,11.234,1.328C17.92,12.854,18.035,13.335,17.81,13.7 M17.915,10.865 c-3.223-1.914-8.54-2.09-11.618-1.156C5.804,9.859,5.281,9.58,5.131,9.086C4.982,8.591,5.26,8.069,5.755,7.919 c3.532-1.072,9.404-0.865,13.115,1.338c0.445,0.264,0.59,0.838,0.327,1.282C18.933,10.983,18.359,11.129,17.915,10.865\"><\/path><\/svg><span class=\"wp-block-social-link-label\">Spotify<\/span><\/a><\/li>\n\n<li class=\"wp-social-link wp-social-link-youtube  wp-block-social-link\"><a rel=\"noopener nofollow\" target=\"_blank\" href=\"https:\/\/www.youtube.com\/playlist?list=OLAK5uy_m2KjCTQkzBUgnvQFqulnZWWsQaXZOSA_0\" class=\"wp-block-social-link-anchor\"><svg width=\"24\" height=\"24\" viewBox=\"0 0 24 24\" version=\"1.1\" xmlns=\"http:\/\/www.w3.org\/2000\/svg\" aria-hidden=\"true\" focusable=\"false\"><path d=\"M21.8,8.001c0,0-0.195-1.378-0.795-1.985c-0.76-0.797-1.613-0.801-2.004-0.847c-2.799-0.202-6.997-0.202-6.997-0.202 h-0.009c0,0-4.198,0-6.997,0.202C4.608,5.216,3.756,5.22,2.995,6.016C2.395,6.623,2.2,8.001,2.2,8.001S2,9.62,2,11.238v1.517 c0,1.618,0.2,3.237,0.2,3.237s0.195,1.378,0.795,1.985c0.761,0.797,1.76,0.771,2.205,0.855c1.6,0.153,6.8,0.201,6.8,0.201 s4.203-0.006,7.001-0.209c0.391-0.047,1.243-0.051,2.004-0.847c0.6-0.607,0.795-1.985,0.795-1.985s0.2-1.618,0.2-3.237v-1.517 C22,9.62,21.8,8.001,21.8,8.001z M9.935,14.594l-0.001-5.62l5.404,2.82L9.935,14.594z\"><\/path><\/svg><span class=\"wp-block-social-link-label\">YouTube<\/span><\/a><\/li>\n\n<li class=\"wp-social-link wp-social-link-amazon  wp-block-social-link\"><a rel=\"noopener nofollow\" target=\"_blank\" href=\"https:\/\/music.amazon.com\/albums\/B07KNSW3G2\" class=\"wp-block-social-link-anchor\"><svg width=\"24\" height=\"24\" viewBox=\"0 0 24 24\" version=\"1.1\" xmlns=\"http:\/\/www.w3.org\/2000\/svg\" aria-hidden=\"true\" focusable=\"false\"><path d=\"M13.582,8.182C11.934,8.367,9.78,8.49,8.238,9.166c-1.781,0.769-3.03,2.337-3.03,4.644 c0,2.953,1.86,4.429,4.253,4.429c2.02,0,3.125-0.477,4.685-2.065c0.516,0.747,0.685,1.109,1.629,1.894 c0.212,0.114,0.483,0.103,0.672-0.066l0.006,0.006c0.567-0.505,1.599-1.401,2.18-1.888c0.231-0.188,0.19-0.496,0.009-0.754 c-0.52-0.718-1.072-1.303-1.072-2.634V8.305c0-1.876,0.133-3.599-1.249-4.891C15.23,2.369,13.422,2,12.04,2 C9.336,2,6.318,3.01,5.686,6.351C5.618,6.706,5.877,6.893,6.109,6.945l2.754,0.298C9.121,7.23,9.308,6.977,9.357,6.72 c0.236-1.151,1.2-1.706,2.284-1.706c0.584,0,1.249,0.215,1.595,0.738c0.398,0.584,0.346,1.384,0.346,2.061V8.182z M13.049,14.088 c-0.451,0.8-1.169,1.291-1.967,1.291c-1.09,0-1.728-0.83-1.728-2.061c0-2.42,2.171-2.86,4.227-2.86v0.615 C13.582,12.181,13.608,13.104,13.049,14.088z M20.683,19.339C18.329,21.076,14.917,22,11.979,22c-4.118,0-7.826-1.522-10.632-4.057 c-0.22-0.199-0.024-0.471,0.241-0.317c3.027,1.762,6.771,2.823,10.639,2.823c2.608,0,5.476-0.541,8.115-1.66 C20.739,18.62,21.072,19.051,20.683,19.339z M21.336,21.043c-0.194,0.163-0.379,0.076-0.293-0.139 c0.284-0.71,0.92-2.298,0.619-2.684c-0.301-0.386-1.99-0.183-2.749-0.092c-0.23,0.027-0.266-0.173-0.059-0.319 c1.348-0.946,3.555-0.673,3.811-0.356C22.925,17.773,22.599,19.986,21.336,21.043z\"><\/path><\/svg><span class=\"wp-block-social-link-label\">Amazon<\/span><\/a><\/li>\n\n<li class=\"wp-social-link wp-social-link-bandcamp  wp-block-social-link\"><a rel=\"noopener nofollow\" target=\"_blank\" href=\"https:\/\/fabiocavalcante.bandcamp.com\/album\/catalendas-trilha-sonora-original-remasterizado\" class=\"wp-block-social-link-anchor\"><svg width=\"24\" height=\"24\" viewBox=\"0 0 24 24\" version=\"1.1\" xmlns=\"http:\/\/www.w3.org\/2000\/svg\" aria-hidden=\"true\" focusable=\"false\"><path d=\"M15.27 17.289 3 17.289 8.73 6.711 21 6.711 15.27 17.289\"><\/path><\/svg><span class=\"wp-block-social-link-label\">Bandcamp<\/span><\/a><\/li>\n\n<li class=\"wp-social-link wp-social-link-chain  wp-block-social-link\"><a rel=\"noopener nofollow\" target=\"_blank\" href=\"https:\/\/songwhip.com\/fabiocavalcante\/catalendas-trilha-sonora-original-remasterizado\" class=\"wp-block-social-link-anchor\"><svg width=\"24\" height=\"24\" viewBox=\"0 0 24 24\" version=\"1.1\" xmlns=\"http:\/\/www.w3.org\/2000\/svg\" aria-hidden=\"true\" focusable=\"false\"><path d=\"M15.6,7.2H14v1.5h1.6c2,0,3.7,1.7,3.7,3.7s-1.7,3.7-3.7,3.7H14v1.5h1.6c2.8,0,5.2-2.3,5.2-5.2,0-2.9-2.3-5.2-5.2-5.2zM4.7,12.4c0-2,1.7-3.7,3.7-3.7H10V7.2H8.4c-2.9,0-5.2,2.3-5.2,5.2,0,2.9,2.3,5.2,5.2,5.2H10v-1.5H8.4c-2,0-3.7-1.7-3.7-3.7zm4.6.9h5.3v-1.5H9.3v1.5z\"><\/path><\/svg><span class=\"wp-block-social-link-label\">Outros<\/span><\/a><\/li><\/ul>\n\n\n\n<p>Ele pode ser ouvido tamb\u00e9m nessas e noutras plataformas: <a aria-label=\"Spotify (opens in a new tab)\" class=\"rank-math-link\" href=\"https:\/\/open.spotify.com\/album\/3DpKyRnJedmdU28eVA29Au\" target=\"_blank\" rel=\"noreferrer noopener\">Spotify<\/a>, <a aria-label=\"Deezer (opens in a new tab)\" class=\"rank-math-link\" href=\"https:\/\/www.deezer.com\/br\/album\/79220532\" target=\"_blank\" rel=\"noreferrer noopener\">Deezer<\/a>, <a aria-label=\"Apple Music (opens in a new tab)\" class=\"rank-math-link\" href=\"https:\/\/geo.itunes.apple.com\/br\/album\/catalendas-trilha-sonora-original-remasterizado\/1443270126?mt=1&amp;app=music\" target=\"_blank\" rel=\"noreferrer noopener\">Apple Music<\/a>, <a aria-label=\"Amazon (opens in a new tab)\" class=\"rank-math-link\" href=\"https:\/\/www.amazon.com\/Catalendas-Trilha-Sonora-Original-Remasterizado\/dp\/B07KNSW3G2\/ref=sr_1_1\" target=\"_blank\" rel=\"noreferrer noopener\">Amazon<\/a>.<\/p>\n\n\n\n<p>A arte da capa \u00e9 da <a rel=\"noreferrer noopener\" href=\"https:\/\/lucianaleal.art.br\/\" target=\"_blank\">Luciana Leal<\/a>. As imagens a seguir s\u00e3o do processo de feitura dela.<\/p>\n\n\n\n<figure class=\"wp-block-gallery has-nested-images columns-default is-cropped wp-block-gallery-1 is-layout-flex wp-block-gallery-is-layout-flex\">\n<figure class=\"wp-block-image size-large\"><a href=\"https:\/\/fabiocavalcante.com\/blog\/wp-content\/uploads\/2019\/02\/Catalendas-ConstrucaoDaCapa1.jpg\"><img loading=\"lazy\" decoding=\"async\" width=\"800\" height=\"800\" data-id=\"1220\" src=\"https:\/\/fabiocavalcante.com\/blog\/wp-content\/uploads\/2019\/02\/Catalendas-ConstrucaoDaCapa1.jpg\" alt=\"\" class=\"wp-image-1220\" srcset=\"https:\/\/fabiocavalcante.com\/blog\/wp-content\/uploads\/2019\/02\/Catalendas-ConstrucaoDaCapa1.jpg 800w, https:\/\/fabiocavalcante.com\/blog\/wp-content\/uploads\/2019\/02\/Catalendas-ConstrucaoDaCapa1-150x150.jpg 150w, https:\/\/fabiocavalcante.com\/blog\/wp-content\/uploads\/2019\/02\/Catalendas-ConstrucaoDaCapa1-300x300.jpg 300w, https:\/\/fabiocavalcante.com\/blog\/wp-content\/uploads\/2019\/02\/Catalendas-ConstrucaoDaCapa1-768x768.jpg 768w\" sizes=\"auto, (max-width: 800px) 100vw, 800px\" \/><\/a><figcaption class=\"wp-element-caption\">Arte de Luciana Leal<\/figcaption><\/figure>\n\n\n\n<figure class=\"wp-block-image size-large\"><a href=\"https:\/\/fabiocavalcante.com\/blog\/wp-content\/uploads\/2019\/02\/Catalendas-ConstrucaoDaCapa2.jpg\"><img loading=\"lazy\" decoding=\"async\" width=\"800\" height=\"800\" data-id=\"1221\" src=\"https:\/\/fabiocavalcante.com\/blog\/wp-content\/uploads\/2019\/02\/Catalendas-ConstrucaoDaCapa2.jpg\" alt=\"\" class=\"wp-image-1221\" srcset=\"https:\/\/fabiocavalcante.com\/blog\/wp-content\/uploads\/2019\/02\/Catalendas-ConstrucaoDaCapa2.jpg 800w, https:\/\/fabiocavalcante.com\/blog\/wp-content\/uploads\/2019\/02\/Catalendas-ConstrucaoDaCapa2-150x150.jpg 150w, https:\/\/fabiocavalcante.com\/blog\/wp-content\/uploads\/2019\/02\/Catalendas-ConstrucaoDaCapa2-300x300.jpg 300w, https:\/\/fabiocavalcante.com\/blog\/wp-content\/uploads\/2019\/02\/Catalendas-ConstrucaoDaCapa2-768x768.jpg 768w\" sizes=\"auto, (max-width: 800px) 100vw, 800px\" \/><\/a><\/figure>\n\n\n\n<figure class=\"wp-block-image size-large\"><a href=\"https:\/\/fabiocavalcante.com\/blog\/wp-content\/uploads\/2019\/02\/Catalendas-ConstrucaoDaCapa3.jpg\"><img loading=\"lazy\" decoding=\"async\" width=\"800\" height=\"800\" data-id=\"1222\" src=\"https:\/\/fabiocavalcante.com\/blog\/wp-content\/uploads\/2019\/02\/Catalendas-ConstrucaoDaCapa3.jpg\" alt=\"\" class=\"wp-image-1222\" srcset=\"https:\/\/fabiocavalcante.com\/blog\/wp-content\/uploads\/2019\/02\/Catalendas-ConstrucaoDaCapa3.jpg 800w, https:\/\/fabiocavalcante.com\/blog\/wp-content\/uploads\/2019\/02\/Catalendas-ConstrucaoDaCapa3-150x150.jpg 150w, https:\/\/fabiocavalcante.com\/blog\/wp-content\/uploads\/2019\/02\/Catalendas-ConstrucaoDaCapa3-300x300.jpg 300w, https:\/\/fabiocavalcante.com\/blog\/wp-content\/uploads\/2019\/02\/Catalendas-ConstrucaoDaCapa3-768x768.jpg 768w\" sizes=\"auto, (max-width: 800px) 100vw, 800px\" \/><\/a><figcaption class=\"wp-element-caption\">Capa<\/figcaption><\/figure>\n<\/figure>\n\n\n\n<p>O \u201cCatalendas\u201d t\u00eam um canal no YouTube com diversos programas dispon\u00edveis, al\u00e9m de entrevistas. \u00c9 o local perfeito pra conhec\u00ea-lo ou rev\u00ea-lo. Visite-o&nbsp;<a href=\"https:\/\/www.youtube.com\/channel\/UCCxqtheCZ1VtnD-TK9is7TA\" target=\"_blank\" rel=\"noreferrer noopener\">aqui<\/a>.&nbsp;<\/p>\n\n\n\n<p>O v\u00eddeo a seguir \u00e9 da abertura da temporada 2012.<\/p>\n\n\n\n<figure class=\"wp-block-embed is-type-video is-provider-youtube wp-block-embed-youtube wp-embed-aspect-16-9 wp-has-aspect-ratio\"><div class=\"wp-block-embed__wrapper\">\n<iframe loading=\"lazy\" title=\"Catalendas II (F\u00e1bio Cavalcante) - V\u00eddeo de abertura da Temporada 2013\" width=\"500\" height=\"281\" src=\"https:\/\/www.youtube.com\/embed\/qt90MAT4sGo?feature=oembed\" frameborder=\"0\" allow=\"accelerometer; autoplay; clipboard-write; encrypted-media; gyroscope; picture-in-picture; web-share\" referrerpolicy=\"strict-origin-when-cross-origin\" allowfullscreen><\/iframe>\n<\/div><\/figure>\n\n\n\n<p>O songbook da trilha cont\u00e9m as transcri\u00e7\u00f5es das 24 grava\u00e7\u00f5es originais. S\u00e3o diversas forma\u00e7\u00f5es, de solos instrumentais (como &#8220;Festa no interior II&#8221;, para sax alto, e &#8220;Primeira dan\u00e7a negra&#8221;, para sax soprano) ao quinteto de sopros e cordas em &#8220;Lendas&#8221;. O livro t\u00e1 dispon\u00edvel na <a rel=\"noreferrer noopener\" href=\"https:\/\/www.amazon.com.br\/dp\/B087NTY3G2\/\" target=\"_blank\">Amazon<\/a> e na <a rel=\"noreferrer noopener\" href=\"https:\/\/www.sheetmusicplus.com\/title\/catalendas-original-soundtrack-digital-sheet-music\/21758352\" target=\"_blank\">SheetMusicPlus<\/a>.<\/p>\n\n\n\n<div class=\"wp-block-columns has-light-gray-background-color has-background is-layout-flex wp-container-core-columns-is-layout-28f84493 wp-block-columns-is-layout-flex\" style=\"border-top-color:var(--wp--preset--color--accent-6);border-top-width:1px;border-bottom-color:var(--wp--preset--color--accent-6);border-bottom-width:1px\">\n<div class=\"wp-block-column is-layout-flow wp-block-column-is-layout-flow\" style=\"flex-basis:33.33%\">\n<figure class=\"wp-block-image size-full has-custom-border\"><a href=\"https:\/\/www.amazon.com.br\/dp\/B087NTY3G2\" target=\"_blank\" rel=\"noopener\"><img loading=\"lazy\" decoding=\"async\" width=\"250\" height=\"353\" src=\"https:\/\/fabiocavalcante.com\/blog\/wp-content\/uploads\/2020\/07\/Catalendas-songbook.jpg\" alt=\"Capa do songbook da trilha sonora do programa Catalendas\" class=\"has-border-color has-accent-6-border-color wp-image-1548\" style=\"border-width:1px\" srcset=\"https:\/\/fabiocavalcante.com\/blog\/wp-content\/uploads\/2020\/07\/Catalendas-songbook.jpg 250w, https:\/\/fabiocavalcante.com\/blog\/wp-content\/uploads\/2020\/07\/Catalendas-songbook-212x300.jpg 212w\" sizes=\"auto, (max-width: 250px) 100vw, 250px\" \/><\/a><\/figure>\n<\/div>\n\n\n\n<div class=\"wp-block-column is-layout-flow wp-block-column-is-layout-flow\" style=\"flex-basis:66.66%\">\n<pre class=\"wp-block-preformatted\"><strong><a href=\"https:\/\/www.amazon.com.br\/dp\/B087NTY3G2\" target=\"_blank\" rel=\"noreferrer noopener nofollow\">Catalendas [Trilha Sonora Original] \u2013 Songbook<\/a><\/strong> (<em>2013, Santar\u00e9m, Par\u00e1<\/em>). Trilha Sonora do programa infantil produzido pela TV Cultura do Par\u00e1. Transcri\u00e7\u00e3o dos arranjos de 24 m\u00fasicas para forma\u00e7\u00f5es diversas.<\/pre>\n\n\n\n<figure class=\"wp-block-image size-full is-resized\"><a href=\"https:\/\/www.amazon.com.br\/dp\/B07GBT8TBH\" target=\"_blank\" rel=\"noopener\"><img loading=\"lazy\" decoding=\"async\" width=\"300\" height=\"80\" src=\"https:\/\/fabiocavalcante.com\/blog\/wp-content\/uploads\/2017\/12\/DisponivelNaAmazon-300x80-1.png\" alt=\"\" class=\"wp-image-2667\" style=\"width:150px;height:40px\"\/><\/a><\/figure>\n<\/div>\n<\/div>\n\n\n\n<p>Segue uma amostra com duas partituras e suas respectivas grava\u00e7\u00f5es &#8211; &#8220;Festa no interior II&#8221;, e &#8220;Terceira dan\u00e7a do \u00edndio&#8221;. <\/p>\n\n\n\n<figure class=\"wp-block-embed is-type-rich is-provider-spotify wp-block-embed-spotify wp-embed-aspect-21-9 wp-has-aspect-ratio\"><div class=\"wp-block-embed__wrapper\">\n<iframe title=\"Spotify Embed: Festa no Interior II (Remasterizado)\" style=\"border-radius: 12px\" width=\"100%\" height=\"152\" frameborder=\"0\" allowfullscreen allow=\"autoplay; clipboard-write; encrypted-media; fullscreen; picture-in-picture\" loading=\"lazy\" src=\"https:\/\/open.spotify.com\/embed\/track\/4ue6hmSKNecfYjACela79l?si=270c45b6afd448c9&#038;utm_source=oembed\"><\/iframe>\n<\/div><\/figure>\n\n\n\n<figure class=\"wp-block-image size-large\"><img loading=\"lazy\" decoding=\"async\" width=\"724\" height=\"1024\" src=\"https:\/\/fabiocavalcante.com\/blog\/wp-content\/uploads\/2020\/05\/Songbook_do_Catalendas-Festa_no_interior_II-724x1024.png\" alt=\"Partitura completa da m\u00fasica Festa no interior II, da trilha sonora do programa infantil Catalendas\" class=\"wp-image-1349\" srcset=\"https:\/\/fabiocavalcante.com\/blog\/wp-content\/uploads\/2020\/05\/Songbook_do_Catalendas-Festa_no_interior_II-724x1024.png 724w, https:\/\/fabiocavalcante.com\/blog\/wp-content\/uploads\/2020\/05\/Songbook_do_Catalendas-Festa_no_interior_II-212x300.png 212w, https:\/\/fabiocavalcante.com\/blog\/wp-content\/uploads\/2020\/05\/Songbook_do_Catalendas-Festa_no_interior_II-768x1087.png 768w, https:\/\/fabiocavalcante.com\/blog\/wp-content\/uploads\/2020\/05\/Songbook_do_Catalendas-Festa_no_interior_II.png 1080w\" sizes=\"auto, (max-width: 724px) 100vw, 724px\" \/><\/figure>\n\n\n\n<figure class=\"wp-block-embed is-type-rich is-provider-spotify wp-block-embed-spotify wp-embed-aspect-21-9 wp-has-aspect-ratio\"><div class=\"wp-block-embed__wrapper\">\n<iframe title=\"Spotify Embed: Terceira Dan\u00e7a do \u00cdndio (Remasterizado)\" style=\"border-radius: 12px\" width=\"100%\" height=\"152\" frameborder=\"0\" allowfullscreen allow=\"autoplay; clipboard-write; encrypted-media; fullscreen; picture-in-picture\" loading=\"lazy\" src=\"https:\/\/open.spotify.com\/embed\/track\/67C52lCHbWisZUF41g02vk?si=de3b778d8cb64816&#038;utm_source=oembed\"><\/iframe>\n<\/div><\/figure>\n\n\n\n<figure class=\"wp-block-image size-large\"><img loading=\"lazy\" decoding=\"async\" width=\"724\" height=\"1024\" src=\"https:\/\/fabiocavalcante.com\/blog\/wp-content\/uploads\/2020\/05\/Songbook_do_Catalendas-Terceira-dan\u00e7a-do-\u00edndio-724x1024.png\" alt=\"Partitura completa da m\u00fasica Terceira dan\u00e7a do \u00edndio, da trilha sonora do programa infantil Catalendas\" class=\"wp-image-1350\" srcset=\"https:\/\/fabiocavalcante.com\/blog\/wp-content\/uploads\/2020\/05\/Songbook_do_Catalendas-Terceira-dan\u00e7a-do-\u00edndio-724x1024.png 724w, https:\/\/fabiocavalcante.com\/blog\/wp-content\/uploads\/2020\/05\/Songbook_do_Catalendas-Terceira-dan\u00e7a-do-\u00edndio-212x300.png 212w, https:\/\/fabiocavalcante.com\/blog\/wp-content\/uploads\/2020\/05\/Songbook_do_Catalendas-Terceira-dan\u00e7a-do-\u00edndio-768x1087.png 768w, https:\/\/fabiocavalcante.com\/blog\/wp-content\/uploads\/2020\/05\/Songbook_do_Catalendas-Terceira-dan\u00e7a-do-\u00edndio.png 1080w\" sizes=\"auto, (max-width: 724px) 100vw, 724px\" \/><\/figure>\n\n\n\n<p>Pra esta mesma &#8220;Terceira dan\u00e7a do \u00edndio&#8221; (a\u00ed de cima) eu fiz uma regrava\u00e7\u00e3o recente com teclado e flauta doce contralto, postada no v\u00eddeo a\u00ed de baixo. <\/p>\n\n\n\n<figure class=\"wp-block-embed is-type-video is-provider-youtube wp-block-embed-youtube wp-embed-aspect-16-9 wp-has-aspect-ratio\"><div class=\"wp-block-embed__wrapper\">\n<iframe loading=\"lazy\" title=\"Terceira dan\u00e7a do \u00edndio [vers\u00e3o com flauta doce contralto e teclado] - F\u00e1bio Cavalcante\" width=\"500\" height=\"281\" src=\"https:\/\/www.youtube.com\/embed\/wcJQnarLcuk?feature=oembed\" frameborder=\"0\" allow=\"accelerometer; autoplay; clipboard-write; encrypted-media; gyroscope; picture-in-picture; web-share\" referrerpolicy=\"strict-origin-when-cross-origin\" allowfullscreen><\/iframe>\n<\/div><\/figure>\n\n\n\n<p>E no embalo da feitura do songbook, preparei tamb\u00e9m este &#8220;songvideo&#8221; pra trilha do Catalendas. Est\u00e3o nele as 24 faixas do \u00e1lbum, e com um b\u00f4nus: correm juntas as cifras e as partituras das melodias principais. \u00c9 tamb\u00e9m o primeiro \u00e1lbum completo que disponibilizo no YouTube, que (sem querer!) deixei bem atrasado em rela\u00e7\u00e3o \u00e0s outras plataformas (vou tentar tirar esse atraso o mais breve poss\u00edvel!). Veja, ou\u00e7a, curta e toque junto com o resultado:<\/p>\n\n\n\n<figure class=\"wp-block-embed is-type-video is-provider-youtube wp-block-embed-youtube wp-embed-aspect-16-9 wp-has-aspect-ratio\"><div class=\"wp-block-embed__wrapper\">\n<iframe loading=\"lazy\" title=\"Catalendas (Trilha Sonora Original) [\u00c1lbum Completo Remasterizado] - F\u00e1bio Cavalcante\" width=\"500\" height=\"281\" src=\"https:\/\/www.youtube.com\/embed\/GnjhkC5HI74?start=773&#038;feature=oembed\" frameborder=\"0\" allow=\"accelerometer; autoplay; clipboard-write; encrypted-media; gyroscope; picture-in-picture; web-share\" referrerpolicy=\"strict-origin-when-cross-origin\" allowfullscreen><\/iframe>\n<\/div><\/figure>\n","protected":false},"excerpt":{"rendered":"<p>A nova trilha sonora que fiz pro programa &#8220;Catalendas&#8221; (cria\u00e7\u00e3o do In Bust Teatro com Bonecos, dirigida por&nbsp;Roger Paes e produzido pela TV Cultura do Par\u00e1), e que esse ano voltar\u00e1 com epis\u00f3dios in\u00e9ditos, est\u00e1 dispon\u00edvel na internet neste \u00e1lbum que preparei junto com a trilha anterior, de 2002. OU\u00c7A NA SUA PLATAFORMA PREFERIDA: Ele [&hellip;]<\/p>\n","protected":false},"author":1,"featured_media":0,"comment_status":"open","ping_status":"open","sticky":false,"template":"","format":"standard","meta":{"footnotes":""},"categories":[2],"tags":[28,53,40],"class_list":["post-199","post","type-post","status-publish","format-standard","hentry","category-musicas-audios","tag-album","tag-catalendas","tag-trilha-sonora"],"_links":{"self":[{"href":"https:\/\/fabiocavalcante.com\/blog\/wp-json\/wp\/v2\/posts\/199","targetHints":{"allow":["GET"]}}],"collection":[{"href":"https:\/\/fabiocavalcante.com\/blog\/wp-json\/wp\/v2\/posts"}],"about":[{"href":"https:\/\/fabiocavalcante.com\/blog\/wp-json\/wp\/v2\/types\/post"}],"author":[{"embeddable":true,"href":"https:\/\/fabiocavalcante.com\/blog\/wp-json\/wp\/v2\/users\/1"}],"replies":[{"embeddable":true,"href":"https:\/\/fabiocavalcante.com\/blog\/wp-json\/wp\/v2\/comments?post=199"}],"version-history":[{"count":22,"href":"https:\/\/fabiocavalcante.com\/blog\/wp-json\/wp\/v2\/posts\/199\/revisions"}],"predecessor-version":[{"id":4726,"href":"https:\/\/fabiocavalcante.com\/blog\/wp-json\/wp\/v2\/posts\/199\/revisions\/4726"}],"wp:attachment":[{"href":"https:\/\/fabiocavalcante.com\/blog\/wp-json\/wp\/v2\/media?parent=199"}],"wp:term":[{"taxonomy":"category","embeddable":true,"href":"https:\/\/fabiocavalcante.com\/blog\/wp-json\/wp\/v2\/categories?post=199"},{"taxonomy":"post_tag","embeddable":true,"href":"https:\/\/fabiocavalcante.com\/blog\/wp-json\/wp\/v2\/tags?post=199"}],"curies":[{"name":"wp","href":"https:\/\/api.w.org\/{rel}","templated":true}]}}