{"id":200,"date":"2012-05-29T00:54:00","date_gmt":"2012-05-29T00:54:00","guid":{"rendered":"http:\/\/fabiocavalcante.com\/blog\/?p=200"},"modified":"2025-06-12T23:27:17","modified_gmt":"2025-06-12T23:27:17","slug":"do-meio-do-seculo-xx-para-o-xxi","status":"publish","type":"post","link":"https:\/\/fabiocavalcante.com\/blog\/do-meio-do-seculo-xx-para-o-xxi\/","title":{"rendered":"Do meio do S\u00e9culo XX para o XXI"},"content":{"rendered":"\n<p>Gravado entre agosto de 2010 e junho de 2011, em Our\u00e9m e Santar\u00e9m\/PA, este \u00e1lbum \u00e9 resultado de um Edital Pr\u00eamio SECULT de M\u00fasica, e todas as m\u00fasicas dele s\u00e3o de autoria de Jos\u00e9 Ribamar Cardoso (Mestre Cardoso), amo do Boi Ouro Fino de Our\u00e9m. Cardoso tamb\u00e9m participa\u00e7\u00f5es especiais nas faixas 1, 4 (voz), na faixas 10 (percuss\u00e3o), e na faixa 11 (percuss\u00e3o e voz). <\/p>\n\n\n\n<figure class=\"wp-block-embed is-type-rich is-provider-spotify wp-block-embed-spotify\"><div class=\"wp-block-embed__wrapper\">\n<iframe title=\"Spotify Embed: Do Meio do S\u00e9culo XX para o XXI\" style=\"border-radius: 12px\" width=\"100%\" height=\"352\" frameborder=\"0\" allowfullscreen allow=\"autoplay; clipboard-write; encrypted-media; fullscreen; picture-in-picture\" loading=\"lazy\" src=\"https:\/\/open.spotify.com\/embed\/album\/0wGoRaop9HqCzaFYi8iST2?si=08mHakHnR_G6GgWBTWdHzQ&#038;utm_source=oembed\"><\/iframe>\n<\/div><\/figure>\n\n\n\n<p class=\"has-text-align-center\">OU\u00c7A NA SUA PLATAFORMA PREFERIDA:<\/p>\n\n\n\n<ul class=\"wp-block-social-links has-visible-labels is-content-justification-center is-layout-flex wp-container-core-social-links-is-layout-a89b3969 wp-block-social-links-is-layout-flex\"><li class=\"wp-social-link wp-social-link-spotify  wp-block-social-link\"><a rel=\"noopener nofollow\" target=\"_blank\" href=\"https:\/\/open.spotify.com\/album\/0wGoRaop9HqCzaFYi8iST2\" class=\"wp-block-social-link-anchor\"><svg width=\"24\" height=\"24\" viewBox=\"0 0 24 24\" version=\"1.1\" xmlns=\"http:\/\/www.w3.org\/2000\/svg\" aria-hidden=\"true\" focusable=\"false\"><path d=\"M12,2C6.477,2,2,6.477,2,12c0,5.523,4.477,10,10,10c5.523,0,10-4.477,10-10C22,6.477,17.523,2,12,2 M16.586,16.424 c-0.18,0.295-0.563,0.387-0.857,0.207c-2.348-1.435-5.304-1.76-8.785-0.964c-0.335,0.077-0.67-0.133-0.746-0.469 c-0.077-0.335,0.132-0.67,0.469-0.746c3.809-0.871,7.077-0.496,9.713,1.115C16.673,15.746,16.766,16.13,16.586,16.424 M17.81,13.7 c-0.226,0.367-0.706,0.482-1.072,0.257c-2.687-1.652-6.785-2.131-9.965-1.166C6.36,12.917,5.925,12.684,5.8,12.273 C5.675,11.86,5.908,11.425,6.32,11.3c3.632-1.102,8.147-0.568,11.234,1.328C17.92,12.854,18.035,13.335,17.81,13.7 M17.915,10.865 c-3.223-1.914-8.54-2.09-11.618-1.156C5.804,9.859,5.281,9.58,5.131,9.086C4.982,8.591,5.26,8.069,5.755,7.919 c3.532-1.072,9.404-0.865,13.115,1.338c0.445,0.264,0.59,0.838,0.327,1.282C18.933,10.983,18.359,11.129,17.915,10.865\"><\/path><\/svg><span class=\"wp-block-social-link-label\">Spotify<\/span><\/a><\/li>\n\n<li class=\"wp-social-link wp-social-link-youtube  wp-block-social-link\"><a rel=\"noopener nofollow\" target=\"_blank\" href=\"https:\/\/youtube.com\/playlist?list=OLAK5uy_mQTEDpO4RcuHpPdF6DrAeVuDfscht4l0A\" class=\"wp-block-social-link-anchor\"><svg width=\"24\" height=\"24\" viewBox=\"0 0 24 24\" version=\"1.1\" xmlns=\"http:\/\/www.w3.org\/2000\/svg\" aria-hidden=\"true\" focusable=\"false\"><path d=\"M21.8,8.001c0,0-0.195-1.378-0.795-1.985c-0.76-0.797-1.613-0.801-2.004-0.847c-2.799-0.202-6.997-0.202-6.997-0.202 h-0.009c0,0-4.198,0-6.997,0.202C4.608,5.216,3.756,5.22,2.995,6.016C2.395,6.623,2.2,8.001,2.2,8.001S2,9.62,2,11.238v1.517 c0,1.618,0.2,3.237,0.2,3.237s0.195,1.378,0.795,1.985c0.761,0.797,1.76,0.771,2.205,0.855c1.6,0.153,6.8,0.201,6.8,0.201 s4.203-0.006,7.001-0.209c0.391-0.047,1.243-0.051,2.004-0.847c0.6-0.607,0.795-1.985,0.795-1.985s0.2-1.618,0.2-3.237v-1.517 C22,9.62,21.8,8.001,21.8,8.001z M9.935,14.594l-0.001-5.62l5.404,2.82L9.935,14.594z\"><\/path><\/svg><span class=\"wp-block-social-link-label\">YouTube<\/span><\/a><\/li>\n\n<li class=\"wp-social-link wp-social-link-amazon  wp-block-social-link\"><a rel=\"noopener nofollow\" target=\"_blank\" href=\"https:\/\/music.amazon.com\/albums\/B085HRZQ4Z\" class=\"wp-block-social-link-anchor\"><svg width=\"24\" height=\"24\" viewBox=\"0 0 24 24\" version=\"1.1\" xmlns=\"http:\/\/www.w3.org\/2000\/svg\" aria-hidden=\"true\" focusable=\"false\"><path d=\"M13.582,8.182C11.934,8.367,9.78,8.49,8.238,9.166c-1.781,0.769-3.03,2.337-3.03,4.644 c0,2.953,1.86,4.429,4.253,4.429c2.02,0,3.125-0.477,4.685-2.065c0.516,0.747,0.685,1.109,1.629,1.894 c0.212,0.114,0.483,0.103,0.672-0.066l0.006,0.006c0.567-0.505,1.599-1.401,2.18-1.888c0.231-0.188,0.19-0.496,0.009-0.754 c-0.52-0.718-1.072-1.303-1.072-2.634V8.305c0-1.876,0.133-3.599-1.249-4.891C15.23,2.369,13.422,2,12.04,2 C9.336,2,6.318,3.01,5.686,6.351C5.618,6.706,5.877,6.893,6.109,6.945l2.754,0.298C9.121,7.23,9.308,6.977,9.357,6.72 c0.236-1.151,1.2-1.706,2.284-1.706c0.584,0,1.249,0.215,1.595,0.738c0.398,0.584,0.346,1.384,0.346,2.061V8.182z M13.049,14.088 c-0.451,0.8-1.169,1.291-1.967,1.291c-1.09,0-1.728-0.83-1.728-2.061c0-2.42,2.171-2.86,4.227-2.86v0.615 C13.582,12.181,13.608,13.104,13.049,14.088z M20.683,19.339C18.329,21.076,14.917,22,11.979,22c-4.118,0-7.826-1.522-10.632-4.057 c-0.22-0.199-0.024-0.471,0.241-0.317c3.027,1.762,6.771,2.823,10.639,2.823c2.608,0,5.476-0.541,8.115-1.66 C20.739,18.62,21.072,19.051,20.683,19.339z M21.336,21.043c-0.194,0.163-0.379,0.076-0.293-0.139 c0.284-0.71,0.92-2.298,0.619-2.684c-0.301-0.386-1.99-0.183-2.749-0.092c-0.23,0.027-0.266-0.173-0.059-0.319 c1.348-0.946,3.555-0.673,3.811-0.356C22.925,17.773,22.599,19.986,21.336,21.043z\"><\/path><\/svg><span class=\"wp-block-social-link-label\">Amazon<\/span><\/a><\/li>\n\n<li class=\"wp-social-link wp-social-link-bandcamp  wp-block-social-link\"><a rel=\"noopener nofollow\" target=\"_blank\" href=\"https:\/\/fabiocavalcante.bandcamp.com\/album\/do-meio-do-s-culo-xx-para-o-xxi\" class=\"wp-block-social-link-anchor\"><svg width=\"24\" height=\"24\" viewBox=\"0 0 24 24\" version=\"1.1\" xmlns=\"http:\/\/www.w3.org\/2000\/svg\" aria-hidden=\"true\" focusable=\"false\"><path d=\"M15.27 17.289 3 17.289 8.73 6.711 21 6.711 15.27 17.289\"><\/path><\/svg><span class=\"wp-block-social-link-label\">Bandcamp<\/span><\/a><\/li>\n\n<li class=\"wp-social-link wp-social-link-chain  wp-block-social-link\"><a rel=\"noopener nofollow\" target=\"_blank\" href=\"https:\/\/songwhip.com\/fabiocavalcante\/do-meio-do-seculo-xx-para-o-xxi\" class=\"wp-block-social-link-anchor\"><svg width=\"24\" height=\"24\" viewBox=\"0 0 24 24\" version=\"1.1\" xmlns=\"http:\/\/www.w3.org\/2000\/svg\" aria-hidden=\"true\" focusable=\"false\"><path d=\"M15.6,7.2H14v1.5h1.6c2,0,3.7,1.7,3.7,3.7s-1.7,3.7-3.7,3.7H14v1.5h1.6c2.8,0,5.2-2.3,5.2-5.2,0-2.9-2.3-5.2-5.2-5.2zM4.7,12.4c0-2,1.7-3.7,3.7-3.7H10V7.2H8.4c-2.9,0-5.2,2.3-5.2,5.2,0,2.9,2.3,5.2,5.2,5.2H10v-1.5H8.4c-2,0-3.7-1.7-3.7-3.7zm4.6.9h5.3v-1.5H9.3v1.5z\"><\/path><\/svg><span class=\"wp-block-social-link-label\">Link<\/span><\/a><\/li><\/ul>\n\n\n\n<p>Projeto Gr\u00e1fico e fotos s\u00e3o de Luciana Leal, e as fotos usadas s\u00e3o reprodu\u00e7\u00f5es de pe\u00e7as arqueol\u00f3gicas, em cer\u00e2mica, da cole\u00e7\u00e3o do Laborat\u00f3rio de Arqueologia Curt Nimuendaj\u00fa, de Santar\u00e9m.&nbsp;<a href=\"https:\/\/fabiocavalcante.com\/blog\/capas-para-o-do-meio-do-seculo-xx\/\">Nesta outra postagem<\/a> est\u00e3o outras propostas (7!) que a Luciana pra capa do disco.<\/p>\n\n\n\n<p>No livreto abaixo est\u00e3o todas as letras do \u00e1lbum.<\/p>\n\n\n\n<div class=\"wp-block-columns has-light-gray-background-color has-background is-layout-flex wp-container-core-columns-is-layout-28f84493 wp-block-columns-is-layout-flex\" style=\"border-top-color:var(--wp--preset--color--accent-6);border-top-width:1px;border-bottom-color:var(--wp--preset--color--accent-6);border-bottom-width:1px\">\n<div class=\"wp-block-column is-layout-flow wp-block-column-is-layout-flow\" style=\"flex-basis:33.33%\">\n<figure class=\"wp-block-image size-full has-custom-border\"><a href=\"https:\/\/fabiocavalcante.com\/blog\/wp-content\/uploads\/2022\/06\/FGCDoMeioDoSeculoXXparaXXI_Letras.pdf\" target=\"_blank\" rel=\"noopener\"><img loading=\"lazy\" decoding=\"async\" width=\"250\" height=\"354\" src=\"https:\/\/fabiocavalcante.com\/blog\/wp-content\/uploads\/2022\/06\/DoMeioDoSeculoXXparaXXI_Letras.jpg\" alt=\"\" class=\"has-border-color has-accent-6-border-color wp-image-2983\" style=\"border-width:1px\" srcset=\"https:\/\/fabiocavalcante.com\/blog\/wp-content\/uploads\/2022\/06\/DoMeioDoSeculoXXparaXXI_Letras.jpg 250w, https:\/\/fabiocavalcante.com\/blog\/wp-content\/uploads\/2022\/06\/DoMeioDoSeculoXXparaXXI_Letras-212x300.jpg 212w\" sizes=\"auto, (max-width: 250px) 100vw, 250px\" \/><\/a><\/figure>\n<\/div>\n\n\n\n<div class=\"wp-block-column is-layout-flow wp-block-column-is-layout-flow\" style=\"flex-basis:66.66%\">\n<pre class=\"wp-block-preformatted\"><strong><a href=\"https:\/\/fabiocavalcante.com\/blog\/wp-content\/uploads\/2022\/06\/FGCDoMeioDoSeculoXXparaXXI_Letras.pdf\" target=\"_blank\" rel=\"noreferrer noopener nofollow\">Do Meio do S\u00e9culo XX para o XXI - Letras<\/a><\/strong>&nbsp;(<em>2011, Santar\u00e9m, Par\u00e1<\/em>).  Caderno com todas as letras do disco \u201cDo meio do s\u00e9culo XX para o XXI\u201d.<\/pre>\n\n\n\n<figure class=\"wp-block-image size-full is-resized\"><a href=\"https:\/\/fabiocavalcante.com\/blog\/wp-content\/uploads\/2022\/06\/FGCDoMeioDoSeculoXXparaXXI_Letras.pdf\" target=\"_blank\" rel=\" noreferrer noopener\"><img loading=\"lazy\" decoding=\"async\" width=\"178\" height=\"173\" src=\"https:\/\/fabiocavalcante.com\/blog\/wp-content\/uploads\/2017\/12\/Icon-Download.png\" alt=\"\" class=\"wp-image-2669\" style=\"width:70px\"\/><\/a><\/figure>\n<\/div>\n<\/div>\n\n\n\n<p>A seguir est\u00e3o os v\u00eddeos da apresenta\u00e7\u00e3o feita no lan\u00e7amento do \u00e1lbum, em 1\u00b0 de outubro de 2011, no Centro Cultural SESC Boulevard, em Bel\u00e9m. Contei com as participa\u00e7\u00f5es especial\u00edssimas do <a href=\"https:\/\/open.spotify.com\/artist\/7cKWRupZws7hUlVMpZ9T7t?si=BCJKw-j8Sg24k9zj2ZRoSw\" target=\"_blank\" rel=\"noreferrer noopener\">Allan Carvalho<\/a> (voz e viol\u00e3o em &#8220;Soldado americano&#8221; e &#8220;O mundo \u00e9 moderno&#8221;), do Felix Faccon (banjo e voz em &#8220;Mandei fazer um bal\u00e3o&#8221;), e do <a href=\"https:\/\/fgcproducoes.fabiocavalcante.com\/artistas\/mestre-cardoso\/\" target=\"_blank\" rel=\"noreferrer noopener\">Mestre Cardoso<\/a>. A filmagem foi feita pelo Andr\u00e9 Mardock e pelo Elrick Lima, a capta\u00e7\u00e3o do \u00e1udio pelo Fabr\u00edcio Rocha. A edi\u00e7\u00e3o \u00e9 minha.<\/p>\n\n\n\n<figure class=\"wp-block-embed is-type-video is-provider-youtube wp-block-embed-youtube wp-embed-aspect-16-9 wp-has-aspect-ratio\"><div class=\"wp-block-embed__wrapper\">\n<iframe loading=\"lazy\" title=\"Reuni a vaqueirada (ao vivo) - F\u00e1bio Cavalcante [Do meio do S\u00e9culo XX para o XXI; Bel\u00e9m, 2011 #1]\" width=\"500\" height=\"281\" src=\"https:\/\/www.youtube.com\/embed\/V19ZxpggaMI?list=PL8983F2F2801DAC5E\" frameborder=\"0\" allow=\"accelerometer; autoplay; clipboard-write; encrypted-media; gyroscope; picture-in-picture; web-share\" referrerpolicy=\"strict-origin-when-cross-origin\" allowfullscreen><\/iframe>\n<\/div><\/figure>\n\n\n\n<p>Se quiser somente o \u00e1udio dessa apresenta\u00e7\u00e3o, ou\u00e7a-o no player abaixo. Para baix\u00e1-lo, clique&nbsp;<a href=\"https:\/\/archive.org\/compress\/DoMeioDoSeculoXXParaOXXI_AoVivoSesc2011\/formats=192KBPS%20MP3,JPEG\" target=\"_blank\" rel=\"noreferrer noopener\">aqui<\/a>.<\/p>\n\n\n\n<p><iframe loading=\"lazy\" src=\"https:\/\/archive.org\/embed\/DoMeioDoSeculoXXParaOXXI_AoVivoSesc2011&amp;playlist=1\" width=\"500\" height=\"150\" frameborder=\"0\" allowfullscreen=\"allowfullscreen\"><\/iframe><\/p>\n\n\n\n<p>Morando em Santar\u00e9m, a quase 800 km de Bel\u00e9m, consegui fazer essa apresenta\u00e7\u00e3o em parte gra\u00e7as ao apoio que tive do selo&nbsp;<a rel=\"noreferrer noopener\" href=\"http:\/\/www.namusic.com.br\/\" target=\"_blank\">N\u00e1 music<\/a>&nbsp;(do produtor N\u00e1 Figueredo), do Sesc Boulevard, e dos amigos&nbsp;<a rel=\"noreferrer noopener\" href=\"http:\/\/www.overmundo.com.br\/perfis\/arlindo-matos\" target=\"_blank\">Arlindo Matos<\/a>&nbsp;(de Our\u00e9m, presidente da Funda\u00e7\u00e3o Funcartemm), Marco Campelo, Andr\u00e9 Mardock, e da minha esposa&nbsp;<a rel=\"noreferrer noopener\" href=\"http:\/\/lucianaleal.art.br\/\" target=\"_blank\">Luciana Leal<\/a>.<\/p>\n\n\n\n<p>As imagens no \u00e1lbum a seguir (tamb\u00e9m do Andr\u00e9 Mardock e Elrick Lima) s\u00e3o desta noite.<\/p>\n\n\n\n<p class=\"has-text-align-center\"><a data-flickr-embed=\"true\" data-header=\"true\" data-footer=\"true\" href=\"https:\/\/www.flickr.com\/photos\/fabiogcavalcante\/albums\/72157670072997530\" title=\"Lan\u00e7amento do disco Do Meio do S\u00e9culo XX para o XXI\"><img loading=\"lazy\" decoding=\"async\" src=\"https:\/\/live.staticflickr.com\/7669\/28242351572_8f17d0c11c.jpg\" width=\"500\" height=\"375\" alt=\"Lan\u00e7amento do disco Do Meio do S\u00e9culo XX para o XXI\"><\/a><script async=\"\" src=\"\/\/embedr.flickr.com\/assets\/client-code.js\" charset=\"utf-8\"><\/script><\/p>\n\n\n\n<p>E aqui est\u00e1 uma mat\u00e9ria no Di\u00e1rio do Par\u00e1, do dia 20\/11\/2011, sobre o lan\u00e7amento do CD \u201c<a href=\"https:\/\/fabiocavalcante.com\/discos\/do-meio-do-seculo-xx-para-o-xxi\/\" target=\"_blank\" rel=\"noreferrer noopener\">Do meio do s\u00e9culo XX para o XXI<\/a>\u201d (e do CD  \u201c<a href=\"https:\/\/fabiocavalcante.com\/discos\/musicas-de-dominio-publico-do-folclore-santareno\/\" target=\"_blank\" rel=\"noreferrer noopener\">M\u00fasicas de Dom\u00ednio P\u00fablico do Folclore Santareno<\/a>\u201d tamb\u00e9m, que foi lan\u00e7ado quase na mesma \u00e9poca)<\/p>\n\n\n\n<figure class=\"wp-block-image size-full has-custom-border\"><img loading=\"lazy\" decoding=\"async\" width=\"738\" height=\"1280\" src=\"https:\/\/fabiocavalcante.com\/blog\/wp-content\/uploads\/2012\/01\/diario_comcardoso.jpeg\" alt=\"\" class=\"has-border-color has-accent-6-border-color wp-image-57\" style=\"border-width:1px\" srcset=\"https:\/\/fabiocavalcante.com\/blog\/wp-content\/uploads\/2012\/01\/diario_comcardoso.jpeg 738w, https:\/\/fabiocavalcante.com\/blog\/wp-content\/uploads\/2012\/01\/diario_comcardoso-173x300.jpeg 173w, https:\/\/fabiocavalcante.com\/blog\/wp-content\/uploads\/2012\/01\/diario_comcardoso-590x1024.jpeg 590w\" sizes=\"auto, (max-width: 738px) 100vw, 738px\" \/><\/figure>\n","protected":false},"excerpt":{"rendered":"<p>Gravado entre agosto de 2010 e junho de 2011, em Our\u00e9m e Santar\u00e9m\/PA, este \u00e1lbum \u00e9 resultado de um Edital Pr\u00eamio SECULT de M\u00fasica, e todas as m\u00fasicas dele s\u00e3o de autoria de Jos\u00e9 Ribamar Cardoso (Mestre Cardoso), amo do Boi Ouro Fino de Our\u00e9m. Cardoso tamb\u00e9m participa\u00e7\u00f5es especiais nas faixas 1, 4 (voz), na [&hellip;]<\/p>\n","protected":false},"author":1,"featured_media":300,"comment_status":"open","ping_status":"open","sticky":false,"template":"","format":"standard","meta":{"footnotes":""},"categories":[2,5],"tags":[85,31,18,35,39],"class_list":["post-200","post","type-post","status-publish","format-standard","has-post-thumbnail","hentry","category-musicas-audios","category-videos","tag-allan-carvalho","tag-ao-vivo","tag-controlador-midi","tag-mestre-cardoso","tag-ourem"],"_links":{"self":[{"href":"https:\/\/fabiocavalcante.com\/blog\/wp-json\/wp\/v2\/posts\/200","targetHints":{"allow":["GET"]}}],"collection":[{"href":"https:\/\/fabiocavalcante.com\/blog\/wp-json\/wp\/v2\/posts"}],"about":[{"href":"https:\/\/fabiocavalcante.com\/blog\/wp-json\/wp\/v2\/types\/post"}],"author":[{"embeddable":true,"href":"https:\/\/fabiocavalcante.com\/blog\/wp-json\/wp\/v2\/users\/1"}],"replies":[{"embeddable":true,"href":"https:\/\/fabiocavalcante.com\/blog\/wp-json\/wp\/v2\/comments?post=200"}],"version-history":[{"count":22,"href":"https:\/\/fabiocavalcante.com\/blog\/wp-json\/wp\/v2\/posts\/200\/revisions"}],"predecessor-version":[{"id":4878,"href":"https:\/\/fabiocavalcante.com\/blog\/wp-json\/wp\/v2\/posts\/200\/revisions\/4878"}],"wp:featuredmedia":[{"embeddable":true,"href":"https:\/\/fabiocavalcante.com\/blog\/wp-json\/wp\/v2\/media\/300"}],"wp:attachment":[{"href":"https:\/\/fabiocavalcante.com\/blog\/wp-json\/wp\/v2\/media?parent=200"}],"wp:term":[{"taxonomy":"category","embeddable":true,"href":"https:\/\/fabiocavalcante.com\/blog\/wp-json\/wp\/v2\/categories?post=200"},{"taxonomy":"post_tag","embeddable":true,"href":"https:\/\/fabiocavalcante.com\/blog\/wp-json\/wp\/v2\/tags?post=200"}],"curies":[{"name":"wp","href":"https:\/\/api.w.org\/{rel}","templated":true}]}}