{"id":201,"date":"2012-03-27T07:55:00","date_gmt":"2012-03-27T07:55:00","guid":{"rendered":"http:\/\/fabiocavalcante.com\/blog\/?p=201"},"modified":"2025-05-31T10:28:06","modified_gmt":"2025-05-31T10:28:06","slug":"rios-do-mundo","status":"publish","type":"post","link":"https:\/\/fabiocavalcante.com\/blog\/rios-do-mundo\/","title":{"rendered":"Rios do mundo"},"content":{"rendered":"\n<p>Aqui est\u00e3o reunidos 8 arranjos para coro a 4 vozes que preparei para o projeto &#8216;Rios do mundo&#8217;, dos compositores <a href=\"https:\/\/open.spotify.com\/artist\/7cKWRupZws7hUlVMpZ9T7t\">Allan Carvalho<\/a> e <a href=\"https:\/\/www.facebook.com\/pages\/category\/Artist\/Ronaldo-Silva-580683375309159\/\">Ronaldo Silva<\/a>. Eles foram feitos para os encartes dos discos &#8216;Boi Malhadinho&#8217; e &#8216;Bandeira de ouro&#8217;, previstos para serem lan\u00e7ados ainda este semestre.<\/p>\n\n\n\n<div class=\"wp-block-columns has-light-gray-background-color has-background is-layout-flex wp-container-core-columns-is-layout-28f84493 wp-block-columns-is-layout-flex\" style=\"border-top-color:var(--wp--preset--color--accent-6);border-top-width:1px;border-bottom-color:var(--wp--preset--color--accent-6);border-bottom-width:1px\">\n<div class=\"wp-block-column is-layout-flow wp-block-column-is-layout-flow\" style=\"flex-basis:33.33%\">\n<figure class=\"wp-block-image size-full has-custom-border\"><a href=\"https:\/\/archive.org\/download\/RiosDoMundo\/RiosDoMundo_ArranjosSATB_FGC2012.pdf\" target=\"_blank\" rel=\"noopener\"><img loading=\"lazy\" decoding=\"async\" width=\"250\" height=\"353\" src=\"https:\/\/fabiocavalcante.com\/blog\/wp-content\/uploads\/2012\/03\/livro-riosdomundo.jpg\" alt=\"\" class=\"has-border-color has-accent-6-border-color wp-image-4662\" style=\"border-width:1px\" srcset=\"https:\/\/fabiocavalcante.com\/blog\/wp-content\/uploads\/2012\/03\/livro-riosdomundo.jpg 250w, https:\/\/fabiocavalcante.com\/blog\/wp-content\/uploads\/2012\/03\/livro-riosdomundo-212x300.jpg 212w\" sizes=\"auto, (max-width: 250px) 100vw, 250px\" \/><\/a><\/figure>\n<\/div>\n\n\n\n<div class=\"wp-block-column is-layout-flow wp-block-column-is-layout-flow\" style=\"flex-basis:66.66%\">\n<pre class=\"wp-block-preformatted\"><strong><a href=\"https:\/\/archive.org\/download\/RiosDoMundo\/RiosDoMundo_ArranjosSATB_FGC2012.pdf\" target=\"_blank\" rel=\"noreferrer noopener nofollow\">Rios do Mundo<\/a><\/strong> (<em>2012, Santar\u00e9m, Par\u00e1<\/em>). Arranjos para coro a 4 vozes de m\u00fasicas de Allan Pinheiro de Carvalho e Ronaldo Silva, tiradas dos discos Boi Malhadinho e Bandeira de Ouro.<\/pre>\n\n\n\n<figure class=\"wp-block-image size-full is-resized\"><a href=\"https:\/\/archive.org\/download\/RiosDoMundo\/RiosDoMundo_ArranjosSATB_FGC2012.pdf\" target=\"_blank\" rel=\" noreferrer noopener\"><img loading=\"lazy\" decoding=\"async\" width=\"178\" height=\"173\" src=\"https:\/\/fabiocavalcante.com\/blog\/wp-content\/uploads\/2017\/12\/Icon-Download.png\" alt=\"\" class=\"wp-image-2669\" style=\"width:70px\"\/><\/a><\/figure>\n<\/div>\n<\/div>\n\n\n\n<p>Se quiser baixar o livro, clique <a href=\"http:\/\/archive.org\/download\/RiosDoMundo\/RiosDoMundo_ArranjosSATB_FGC2012.pdf\" target=\"_blank\" rel=\"noreferrer noopener\">aqui<\/a>.<\/p>\n\n\n\n<p>O \u00e1udio abaixo \u00e9 do arranjo para Manjeric\u00e3o (mas com sons de piano).<\/p>\n\n\n\n<figure class=\"wp-block-audio\"><audio controls src=\"https:\/\/archive.org\/download\/TuitadasFGC03\/18-Manjericao_ArranjoCoral_192kb.mp3.mp3\"><\/audio><\/figure>\n\n\n\n<p>E esse outro \u00e9 Canoa voadeira.<\/p>\n\n\n\n<figure class=\"wp-block-audio\"><audio controls src=\"https:\/\/archive.org\/download\/TuitadasFGC03\/17-CanoaVoadeira_ArranjoCoral_192kb.mp3\"><\/audio><\/figure>\n","protected":false},"excerpt":{"rendered":"<p>Aqui est\u00e3o reunidos 8 arranjos para coro a 4 vozes que preparei para o projeto &#8216;Rios do mundo&#8217;, dos compositores Allan Carvalho e Ronaldo Silva. Eles foram feitos para os encartes dos discos &#8216;Boi Malhadinho&#8217; e &#8216;Bandeira de ouro&#8217;, previstos para serem lan\u00e7ados ainda este semestre. Rios do Mundo (2012, Santar\u00e9m, Par\u00e1). Arranjos para coro [&hellip;]<\/p>\n","protected":false},"author":1,"featured_media":0,"comment_status":"open","ping_status":"open","sticky":false,"template":"","format":"standard","meta":{"footnotes":""},"categories":[4],"tags":[85,49],"class_list":["post-201","post","type-post","status-publish","format-standard","hentry","category-partituras","tag-allan-carvalho","tag-arranjo"],"_links":{"self":[{"href":"https:\/\/fabiocavalcante.com\/blog\/wp-json\/wp\/v2\/posts\/201","targetHints":{"allow":["GET"]}}],"collection":[{"href":"https:\/\/fabiocavalcante.com\/blog\/wp-json\/wp\/v2\/posts"}],"about":[{"href":"https:\/\/fabiocavalcante.com\/blog\/wp-json\/wp\/v2\/types\/post"}],"author":[{"embeddable":true,"href":"https:\/\/fabiocavalcante.com\/blog\/wp-json\/wp\/v2\/users\/1"}],"replies":[{"embeddable":true,"href":"https:\/\/fabiocavalcante.com\/blog\/wp-json\/wp\/v2\/comments?post=201"}],"version-history":[{"count":10,"href":"https:\/\/fabiocavalcante.com\/blog\/wp-json\/wp\/v2\/posts\/201\/revisions"}],"predecessor-version":[{"id":4663,"href":"https:\/\/fabiocavalcante.com\/blog\/wp-json\/wp\/v2\/posts\/201\/revisions\/4663"}],"wp:attachment":[{"href":"https:\/\/fabiocavalcante.com\/blog\/wp-json\/wp\/v2\/media?parent=201"}],"wp:term":[{"taxonomy":"category","embeddable":true,"href":"https:\/\/fabiocavalcante.com\/blog\/wp-json\/wp\/v2\/categories?post=201"},{"taxonomy":"post_tag","embeddable":true,"href":"https:\/\/fabiocavalcante.com\/blog\/wp-json\/wp\/v2\/tags?post=201"}],"curies":[{"name":"wp","href":"https:\/\/api.w.org\/{rel}","templated":true}]}}