{"id":202,"date":"2012-03-12T17:46:00","date_gmt":"2012-03-12T17:46:00","guid":{"rendered":"http:\/\/fabiocavalcante.com\/blog\/?p=202"},"modified":"2025-05-29T03:15:45","modified_gmt":"2025-05-29T03:15:45","slug":"e-o-filho-do-boto","status":"publish","type":"post","link":"https:\/\/fabiocavalcante.com\/blog\/e-o-filho-do-boto\/","title":{"rendered":"\u00c9 o Filho do Boto!"},"content":{"rendered":"\n<p>Est\u00e1 no ar a mais nova produ\u00e7\u00e3o da&nbsp;<a href=\"https:\/\/fgcproducoes.fabiocavalcante.com\/artistas\/fabio-cavalcante\/so-h\/\" target=\"_blank\" rel=\"noreferrer noopener\">S\u00f3 H<\/a>: \u201c\u00c9 o Filho do Boto!\u201d. Dessa vez com um novo \u201cparceiro-cavalcante\u201d: o Mauri. Ele entrou com sua voz na narra\u00e7\u00e3o, e ajudou a&nbsp;<a href=\"http:\/\/lucianaleal.art.br\/\" target=\"_blank\" rel=\"noreferrer noopener\">Luciana<\/a>&nbsp;a produzir e manipular os cen\u00e1rios e personagens. Confira aqui a nossa vers\u00e3o pra lenda do Boto:<\/p>\n\n\n\n<figure class=\"wp-block-embed is-type-video is-provider-youtube wp-block-embed-youtube wp-embed-aspect-4-3 wp-has-aspect-ratio\"><div class=\"wp-block-embed__wrapper\">\n<iframe loading=\"lazy\" title=\"\u00c9 o Filho do Boto! (curta-metragem)\" width=\"500\" height=\"375\" src=\"https:\/\/www.youtube.com\/embed\/WyFhq6pKTT8?feature=oembed\" frameborder=\"0\" allow=\"accelerometer; autoplay; clipboard-write; encrypted-media; gyroscope; picture-in-picture; web-share\" referrerpolicy=\"strict-origin-when-cross-origin\" allowfullscreen><\/iframe>\n<\/div><\/figure>\n\n\n\n<p>Dedicamos nosso filmeco ao Frederico.<\/p>\n\n\n\n<figure class=\"wp-block-image aligncenter size-large is-resized\"><img loading=\"lazy\" decoding=\"async\" width=\"1000\" height=\"756\" src=\"https:\/\/fabiocavalcante.com\/blog\/wp-content\/uploads\/2012\/03\/botomkof.jpg\" alt=\"Quatro cenas da filmagem da anima\u00e7\u00e3o \u00c9 o Filho do Boto!\" class=\"wp-image-301\" style=\"width:500px;height:378px\" srcset=\"https:\/\/fabiocavalcante.com\/blog\/wp-content\/uploads\/2012\/03\/botomkof.jpg 1000w, https:\/\/fabiocavalcante.com\/blog\/wp-content\/uploads\/2012\/03\/botomkof-300x227.jpg 300w, https:\/\/fabiocavalcante.com\/blog\/wp-content\/uploads\/2012\/03\/botomkof-768x581.jpg 768w\" sizes=\"auto, (max-width: 1000px) 100vw, 1000px\" \/><figcaption class=\"wp-element-caption\">Cenas da filmagem<\/figcaption><\/figure>\n\n\n\n<p>E este \u00e9 o texto narrado (meu e da Luciana):<\/p>\n\n\n\n<blockquote class=\"wp-block-quote is-layout-flow wp-block-quote-is-layout-flow\">\n<p>\u201cEra uma vez no rio Perer\u00e9<br>Um bicho travesso de pele lisinha<br>Que tinha nascido num igarap\u00e9<br>Mas ficava de p\u00e9 atr\u00e1s de mocinha<\/p>\n\n\n\n<p>Em noite de festa n\u00e3o ficava \u00e0 toa<br>Atento, esse bicho espiava escondido<br>Depois entrava na festa, na boa<br>E j\u00e1 se juntava \u00e0 de melhor vestido<\/p>\n\n\n\n<p>Atento, o povo vigiava a mocinha<br>Mas o bicho, esperto, era liso e fugia<br>Levava a mo\u00e7a com ele, sozinha<br>E a mo\u00e7a, de virgem, virava vadia<\/p>\n\n\n\n<p>Depois de namorada, ela adormecia<br>E no meio do mato, o bicho sumia<br>A mo\u00e7a acordava sozinha e assustada<br>Voltava pra casa e os pais j\u00e1 diziam:<br>\u2018Pelo que fizeste, n\u00e3o ser\u00e1s perdoada.\u2019<\/p>\n\n\n\n<p>Dentro do bucho crescia um garoto<br>Que todos diziam: \u2018\u00e9 o filho do Boto!\u2019 &#8220;<\/p>\n<\/blockquote>\n","protected":false},"excerpt":{"rendered":"<p>Est\u00e1 no ar a mais nova produ\u00e7\u00e3o da&nbsp;S\u00f3 H: \u201c\u00c9 o Filho do Boto!\u201d. Dessa vez com um novo \u201cparceiro-cavalcante\u201d: o Mauri. Ele entrou com sua voz na narra\u00e7\u00e3o, e ajudou a&nbsp;Luciana&nbsp;a produzir e manipular os cen\u00e1rios e personagens. Confira aqui a nossa vers\u00e3o pra lenda do Boto: Dedicamos nosso filmeco ao Frederico. E este [&hellip;]<\/p>\n","protected":false},"author":1,"featured_media":301,"comment_status":"open","ping_status":"open","sticky":false,"template":"","format":"standard","meta":{"footnotes":""},"categories":[3,5],"tags":[],"class_list":["post-202","post","type-post","status-publish","format-standard","has-post-thumbnail","hentry","category-folclore","category-videos"],"_links":{"self":[{"href":"https:\/\/fabiocavalcante.com\/blog\/wp-json\/wp\/v2\/posts\/202","targetHints":{"allow":["GET"]}}],"collection":[{"href":"https:\/\/fabiocavalcante.com\/blog\/wp-json\/wp\/v2\/posts"}],"about":[{"href":"https:\/\/fabiocavalcante.com\/blog\/wp-json\/wp\/v2\/types\/post"}],"author":[{"embeddable":true,"href":"https:\/\/fabiocavalcante.com\/blog\/wp-json\/wp\/v2\/users\/1"}],"replies":[{"embeddable":true,"href":"https:\/\/fabiocavalcante.com\/blog\/wp-json\/wp\/v2\/comments?post=202"}],"version-history":[{"count":8,"href":"https:\/\/fabiocavalcante.com\/blog\/wp-json\/wp\/v2\/posts\/202\/revisions"}],"predecessor-version":[{"id":4263,"href":"https:\/\/fabiocavalcante.com\/blog\/wp-json\/wp\/v2\/posts\/202\/revisions\/4263"}],"wp:featuredmedia":[{"embeddable":true,"href":"https:\/\/fabiocavalcante.com\/blog\/wp-json\/wp\/v2\/media\/301"}],"wp:attachment":[{"href":"https:\/\/fabiocavalcante.com\/blog\/wp-json\/wp\/v2\/media?parent=202"}],"wp:term":[{"taxonomy":"category","embeddable":true,"href":"https:\/\/fabiocavalcante.com\/blog\/wp-json\/wp\/v2\/categories?post=202"},{"taxonomy":"post_tag","embeddable":true,"href":"https:\/\/fabiocavalcante.com\/blog\/wp-json\/wp\/v2\/tags?post=202"}],"curies":[{"name":"wp","href":"https:\/\/api.w.org\/{rel}","templated":true}]}}