{"id":205,"date":"2011-10-17T20:09:00","date_gmt":"2011-10-17T20:09:00","guid":{"rendered":"http:\/\/fabiocavalcante.com\/blog\/?p=205"},"modified":"2025-05-31T02:01:01","modified_gmt":"2025-05-31T02:01:01","slug":"comissao-das-colonias-do-glorioso-sao-benedito-de-braganca","status":"publish","type":"post","link":"https:\/\/fabiocavalcante.com\/blog\/comissao-das-colonias-do-glorioso-sao-benedito-de-braganca\/","title":{"rendered":"Comiss\u00e3o das Col\u00f4nias do Glorioso S\u00e3o Benedito de Bragan\u00e7a"},"content":{"rendered":"\n<p>Os registros desta postagem foram feitos com a \u201cComiss\u00e3o das Col\u00f4nias do Glorioso S\u00e3o Benedito de Bragan\u00e7a\u201d, na cidade de Our\u00e9m, em 2004 e 2006. As comiss\u00f5es (elas s\u00e3o tr\u00eas: a das col\u00f4nias, a das praias, e a dos campos) percorrem diversas cidades do nordeste paraense, esmolando de maio a dezembro, todos os anos. Nas casas onde s\u00e3o chamadas, recebem hospedagem e alimenta\u00e7\u00e3o (geralmente por um dia), um lugar para montar o altar do Santo Preto, al\u00e9m de oferendas diversas (de dinheiro a animais) que s\u00e3o enviadas para a igreja de Bragan\u00e7a.<\/p>\n\n\n\n<p>As caminhadas e estadias das Comiss\u00f5es s\u00e3o cheias de cantorias, acompanhadas por tambores, reco-reco, on\u00e7a e pandeiros. Canta-se todos os dias, do levantar at\u00e9 pra l\u00e1 das 9 da noite. O repert\u00f3rio \u00e9 esse:<\/p>\n\n\n\n<ol class=\"wp-block-list\">\n<li><strong>Alvorada<\/strong>, \u00e0s cinco da manh\u00e3,<\/li>\n\n\n\n<li><strong>Agradecimento de mesa<\/strong>, ap\u00f3s o almo\u00e7o,<\/li>\n\n\n\n<li><strong>Ave maria<\/strong>, \u00e0s 6 da tarde,<\/li>\n\n\n\n<li><strong>Bendito<\/strong>, depois do jantar e<\/li>\n\n\n\n<li>a\u00a0<strong>Ladainha<\/strong>, \u00e0 noite. Al\u00e9m das folias de chegada e de despedida, ao entrar e sair de uma casa.<\/li>\n<\/ol>\n\n\n\n<p>As grava\u00e7\u00f5es a seguir aconteceram em diferentes resid\u00eancias de Our\u00e9m, entre os dias 29 de julho e 2 de agosto de 2004. Neste ano, a comiss\u00e3o era formada por: Floriano Gon\u00e7alves (encarregado), Oswaldo (2\u00b0 encarregado), Nazareno, Evaldo, Cearencinho, Giovani (rezadores), Celso, Waldecir (tamboleiros) e Mariano (tamboleiro e contralto). A faixa 5 \u00e9 uma grava\u00e7\u00e3o completa da Ladainha, que as comiss\u00f5es rezam sem falta todas as noites, reunindo o povo, misturando portugu\u00eas e latim, improvisando versos, e contraponteando com at\u00e9 3 vozes (chamadas de contralto, \u201cvoz do rezador\u201d (a do meio), e baixo).<\/p>\n\n\n\n<p><iframe loading=\"lazy\" src=\"https:\/\/archive.org\/embed\/GSBBEmOurem2004&amp;playlist=1\" width=\"500\" height=\"255\" frameborder=\"0\" allowfullscreen=\"allowfullscreen\"><\/iframe><\/p>\n\n\n\n<p>Se quiser baixar todas as m\u00fasicas acima em um \u00fanico arquivo, clique&nbsp;<a href=\"https:\/\/archive.org\/compress\/GSBBEmOurem2004\/formats=192KBPS%20MP3,JPEG\" target=\"_blank\" rel=\"noreferrer noopener\">aqui (arquivo zip)<\/a>.<\/p>\n\n\n\n<p>Ao trocar de hospedagem, as comiss\u00f5es abrem passagem nas ruas com dois porta-bandeiras movimentando estandartes. Logo atr\u00e1s vem o santo (geralmente nos bra\u00e7os de algu\u00e9m da casa de onde acabaram de sair), protegido por um guarda-chuva levado por um membro da comiss\u00e3o. O batuque vem por \u00faltimo, e apesar de n\u00e3o serem numerosos, ele \u00e9 muito forte. Os instrumentos s\u00e3o bem constru\u00eddos, pintados com as cores da Marujada (vermelho, azul e branco), e aud\u00edveis de muito longe.<\/p>\n\n\n\n<p>O v\u00eddeo a seguir foi feito em 2006, e mostra uma folia de chegada e uma folia de despedida, tamb\u00e9m em Our\u00e9m.<\/p>\n\n\n\n<figure class=\"wp-block-embed is-type-video is-provider-youtube wp-block-embed-youtube wp-embed-aspect-4-3 wp-has-aspect-ratio\"><div class=\"wp-block-embed__wrapper\">\n<iframe loading=\"lazy\" title=\"Glorioso S\u00e3o Benedito de Bragan\u00e7a (Comiss\u00e3o da Marujada de Bragan\u00e7a em Our\u00e9m, 2006)\" width=\"500\" height=\"375\" src=\"https:\/\/www.youtube.com\/embed\/qxdfyVY_SpQ?feature=oembed\" frameborder=\"0\" allow=\"accelerometer; autoplay; clipboard-write; encrypted-media; gyroscope; picture-in-picture; web-share\" referrerpolicy=\"strict-origin-when-cross-origin\" allowfullscreen><\/iframe>\n<\/div><\/figure>\n\n\n\n<p>Em 2006, os membros da comiss\u00e3o eram: Zezinho (encarregado), Floriano Gon\u00e7alves, Joaquim Silva, Manoel Corr\u00eaa de Lima, Raimundo, Lu\u00eds Maria e Rafael. As grava\u00e7\u00f5es a seguir foram feitas com este grupo, entre 14 e 16 agosto.<\/p>\n\n\n\n<p><iframe loading=\"lazy\" src=\"https:\/\/archive.org\/embed\/GSBBEmOurem2006&amp;playlist=1\" width=\"500\" height=\"130\" frameborder=\"0\" allowfullscreen=\"allowfullscreen\"><\/iframe><\/p>\n\n\n\n<p>Para baixar as m\u00fasicas acima, clique&nbsp;<a href=\"https:\/\/archive.org\/compress\/GSBBEmOurem2006\/formats=192KBPS%20MP3,JPEG\" target=\"_blank\" rel=\"noreferrer noopener\">aqui (arquivo zip)<\/a>.<\/p>\n\n\n\n<figure class=\"wp-block-image aligncenter size-large is-resized\"><img loading=\"lazy\" decoding=\"async\" width=\"800\" height=\"600\" src=\"https:\/\/fabiocavalcante.com\/blog\/wp-content\/uploads\/2011\/10\/06chegada-2525283-252529.jpg\" alt=\"Membros da Comiss\u00e3o da Marujada de Bragan\u00e7a, em pose para foto\" class=\"wp-image-308\" style=\"width:600px;height:450px\" srcset=\"https:\/\/fabiocavalcante.com\/blog\/wp-content\/uploads\/2011\/10\/06chegada-2525283-252529.jpg 800w, https:\/\/fabiocavalcante.com\/blog\/wp-content\/uploads\/2011\/10\/06chegada-2525283-252529-300x225.jpg 300w, https:\/\/fabiocavalcante.com\/blog\/wp-content\/uploads\/2011\/10\/06chegada-2525283-252529-768x576.jpg 768w\" sizes=\"auto, (max-width: 800px) 100vw, 800px\" \/><figcaption class=\"wp-element-caption\">Em p\u00e9: Floriano Gon\u00e7alves, Lu\u00eds Maria, Zezinho (encarregado), Joaquim Silva e Manoel Corr\u00eaa de Lima. Abaixados: Rafael, ? e Raimundo.<\/figcaption><\/figure>\n\n\n\n<p>Outras imagens da passagem da comiss\u00e3o de S\u00e3o Benedito por Our\u00e9m, em 2006, podem ser vistas no \u00e1lbum a seguir (clique na imagem).<\/p>\n\n\n\n<p><a data-flickr-embed=\"true\" data-header=\"true\" data-footer=\"true\" href=\"https:\/\/www.flickr.com\/photos\/fabiogcavalcante\/albums\/72157670011650430\" title=\"S\u00e3o Benedito de Bragan\u00e7a em Our\u00e9m\"><img loading=\"lazy\" decoding=\"async\" src=\"https:\/\/live.staticflickr.com\/8633\/28314139375_e11b842ebc_w.jpg\" width=\"500\" height=\"375\" alt=\"S\u00e3o Benedito de Bragan\u00e7a em Our\u00e9m\"><\/a><script async=\"\" src=\"\/\/embedr.flickr.com\/assets\/client-code.js\" charset=\"utf-8\"><\/script><\/p>\n\n\n\n<div style=\"height:20px\" aria-hidden=\"true\" class=\"wp-block-spacer\"><\/div>\n\n\n\n<p>Esmolando desde o m\u00eas de maio, as comiss\u00f5es dos campos e das col\u00f4nias retornam \u00e0 sede de Bragan\u00e7a em novembro, e no dia 8 de dezembro chega, tradicionalmente, a das praias. Em Bragan\u00e7a elas v\u00e3o \u00e0s casas dos devotos do munic\u00edpio, at\u00e9 chegar o dia em que as imagens devem ser levadas e entregues \u00e0 igreja.<\/p>\n\n\n\n<p>As festividades da Marujada come\u00e7am dia 18, \u00e0s 5 da manh\u00e3, com a alvorada. Depois v\u00eam ensaios, festejos, arrast\u00f5es, cavalhada\u2026 uma festa maravilhosa, ao ritmo de retumb\u00e3o, xote, chorados, valsas. E para ouvir algumas m\u00fasicas que s\u00e3o tocadas no barrac\u00e3o da Marujada, visite&nbsp;<a href=\"https:\/\/fabiocavalcante.com\/blog\/musicas-da-marujada-de-braganca-2007\/\">esta outra postagem<\/a>.<\/p>\n","protected":false},"excerpt":{"rendered":"<p>Os registros desta postagem foram feitos com a \u201cComiss\u00e3o das Col\u00f4nias do Glorioso S\u00e3o Benedito de Bragan\u00e7a\u201d, na cidade de Our\u00e9m, em 2004 e 2006. As comiss\u00f5es (elas s\u00e3o tr\u00eas: a das col\u00f4nias, a das praias, e a dos campos) percorrem diversas cidades do nordeste paraense, esmolando de maio a dezembro, todos os anos. Nas [&hellip;]<\/p>\n","protected":false},"author":1,"featured_media":307,"comment_status":"open","ping_status":"open","sticky":false,"template":"","format":"standard","meta":{"footnotes":""},"categories":[3,2,5],"tags":[31,17,27,39],"class_list":["post-205","post","type-post","status-publish","format-standard","has-post-thumbnail","hentry","category-folclore","category-musicas-audios","category-videos","tag-ao-vivo","tag-folclore-paraense","tag-marujada-de-braganca","tag-ourem"],"_links":{"self":[{"href":"https:\/\/fabiocavalcante.com\/blog\/wp-json\/wp\/v2\/posts\/205","targetHints":{"allow":["GET"]}}],"collection":[{"href":"https:\/\/fabiocavalcante.com\/blog\/wp-json\/wp\/v2\/posts"}],"about":[{"href":"https:\/\/fabiocavalcante.com\/blog\/wp-json\/wp\/v2\/types\/post"}],"author":[{"embeddable":true,"href":"https:\/\/fabiocavalcante.com\/blog\/wp-json\/wp\/v2\/users\/1"}],"replies":[{"embeddable":true,"href":"https:\/\/fabiocavalcante.com\/blog\/wp-json\/wp\/v2\/comments?post=205"}],"version-history":[{"count":16,"href":"https:\/\/fabiocavalcante.com\/blog\/wp-json\/wp\/v2\/posts\/205\/revisions"}],"predecessor-version":[{"id":4643,"href":"https:\/\/fabiocavalcante.com\/blog\/wp-json\/wp\/v2\/posts\/205\/revisions\/4643"}],"wp:featuredmedia":[{"embeddable":true,"href":"https:\/\/fabiocavalcante.com\/blog\/wp-json\/wp\/v2\/media\/307"}],"wp:attachment":[{"href":"https:\/\/fabiocavalcante.com\/blog\/wp-json\/wp\/v2\/media?parent=205"}],"wp:term":[{"taxonomy":"category","embeddable":true,"href":"https:\/\/fabiocavalcante.com\/blog\/wp-json\/wp\/v2\/categories?post=205"},{"taxonomy":"post_tag","embeddable":true,"href":"https:\/\/fabiocavalcante.com\/blog\/wp-json\/wp\/v2\/tags?post=205"}],"curies":[{"name":"wp","href":"https:\/\/api.w.org\/{rel}","templated":true}]}}