{"id":206,"date":"2011-07-29T19:24:00","date_gmt":"2011-07-29T19:24:00","guid":{"rendered":"http:\/\/fabiocavalcante.com\/blog\/?p=206"},"modified":"2025-05-31T21:14:52","modified_gmt":"2025-05-31T21:14:52","slug":"capas-para-o-do-meio-do-seculo-xx","status":"publish","type":"post","link":"https:\/\/fabiocavalcante.com\/blog\/capas-para-o-do-meio-do-seculo-xx\/","title":{"rendered":"Capas para o &#8220;Do meio do s\u00e9culo XX&#8230;&#8221;"},"content":{"rendered":"\n<p>Estou terminando mais um disco, o \u201cDo meio para o s\u00e9culo XX para o XXI\u201d, com m\u00fasicas de autoria do&nbsp;<a href=\"https:\/\/fgcproducoes.fabiocavalcante.com\/artistas\/mestre-cardoso\/\" target=\"_blank\" rel=\"noreferrer noopener\">Mestre Cardoso<\/a>. Esta \u00e9 a capa que a&nbsp;<a href=\"http:\/\/lucianaleal.art.br\/\" target=\"_blank\" rel=\"noreferrer noopener\">Luciana Leal<\/a>&nbsp;est\u00e1 finalizando pra ele. A foto \u00e9 de uma cabe\u00e7a de on\u00e7a \u2013 uma pe\u00e7a arqueol\u00f3gica em cer\u00e2mica Tapaj\u00f3s, da cole\u00e7\u00e3o do Laborat\u00f3rio de Arqueologia Curt Nimuendaj\u00fa, de Santar\u00e9m.<\/p>\n\n\n\n<figure class=\"wp-block-image size-large\"><img loading=\"lazy\" decoding=\"async\" width=\"900\" height=\"392\" src=\"https:\/\/fabiocavalcante.com\/blog\/wp-content\/uploads\/2011\/07\/seculoXXcapa.jpg\" alt=\"Capa do \u00e1lbum Do meio do S\u00e9culo XX para o XXI, de F\u00e1bio Cavalcante\" class=\"wp-image-309\" srcset=\"https:\/\/fabiocavalcante.com\/blog\/wp-content\/uploads\/2011\/07\/seculoXXcapa.jpg 900w, https:\/\/fabiocavalcante.com\/blog\/wp-content\/uploads\/2011\/07\/seculoXXcapa-300x131.jpg 300w, https:\/\/fabiocavalcante.com\/blog\/wp-content\/uploads\/2011\/07\/seculoXXcapa-768x335.jpg 768w\" sizes=\"auto, (max-width: 900px) 100vw, 900px\" \/><figcaption class=\"wp-element-caption\">Arte da capa de Luciana Leal<\/figcaption><\/figure>\n\n\n\n<p>E a\u00ed embaixo est\u00e3o outras propostas que a Lu fez antes de nos decidirmos por esta a\u00ed de cima. O telefone, o rel\u00f3gio e as m\u00e1quinas de escrever das 4 primeiras propostas s\u00e3o objetos do museu Jo\u00e3o Fona, de Santar\u00e9m; e todas as fotos, assim como a da cabe\u00e7a de on\u00e7a, foram tiradas pela Luciana.<\/p>\n\n\n\n<figure class=\"wp-block-gallery has-nested-images columns-default is-cropped wp-block-gallery-1 is-layout-flex wp-block-gallery-is-layout-flex\">\n<figure class=\"wp-block-image size-large\"><a href=\"https:\/\/fabiocavalcante.com\/blog\/wp-content\/uploads\/2011\/07\/seculoXXcapa_proposta1.jpg\"><img loading=\"lazy\" decoding=\"async\" width=\"675\" height=\"685\" data-id=\"4634\" src=\"https:\/\/fabiocavalcante.com\/blog\/wp-content\/uploads\/2011\/07\/seculoXXcapa_proposta1.jpg\" alt=\"\" class=\"wp-image-4634\" srcset=\"https:\/\/fabiocavalcante.com\/blog\/wp-content\/uploads\/2011\/07\/seculoXXcapa_proposta1.jpg 675w, https:\/\/fabiocavalcante.com\/blog\/wp-content\/uploads\/2011\/07\/seculoXXcapa_proposta1-296x300.jpg 296w\" sizes=\"auto, (max-width: 675px) 100vw, 675px\" \/><\/a><\/figure>\n\n\n\n<figure class=\"wp-block-image size-large\"><a href=\"https:\/\/fabiocavalcante.com\/blog\/wp-content\/uploads\/2011\/07\/seculoXXcapa_proposta2.jpg\"><img loading=\"lazy\" decoding=\"async\" width=\"675\" height=\"685\" data-id=\"4635\" src=\"https:\/\/fabiocavalcante.com\/blog\/wp-content\/uploads\/2011\/07\/seculoXXcapa_proposta2.jpg\" alt=\"\" class=\"wp-image-4635\" srcset=\"https:\/\/fabiocavalcante.com\/blog\/wp-content\/uploads\/2011\/07\/seculoXXcapa_proposta2.jpg 675w, https:\/\/fabiocavalcante.com\/blog\/wp-content\/uploads\/2011\/07\/seculoXXcapa_proposta2-296x300.jpg 296w\" sizes=\"auto, (max-width: 675px) 100vw, 675px\" \/><\/a><\/figure>\n\n\n\n<figure class=\"wp-block-image size-large\"><a href=\"https:\/\/fabiocavalcante.com\/blog\/wp-content\/uploads\/2011\/07\/seculoXXcapa_proposta3.jpg\"><img loading=\"lazy\" decoding=\"async\" width=\"675\" height=\"685\" data-id=\"4636\" src=\"https:\/\/fabiocavalcante.com\/blog\/wp-content\/uploads\/2011\/07\/seculoXXcapa_proposta3.jpg\" alt=\"\" class=\"wp-image-4636\" srcset=\"https:\/\/fabiocavalcante.com\/blog\/wp-content\/uploads\/2011\/07\/seculoXXcapa_proposta3.jpg 675w, https:\/\/fabiocavalcante.com\/blog\/wp-content\/uploads\/2011\/07\/seculoXXcapa_proposta3-296x300.jpg 296w\" sizes=\"auto, (max-width: 675px) 100vw, 675px\" \/><\/a><\/figure>\n\n\n\n<figure class=\"wp-block-image size-large\"><a href=\"https:\/\/fabiocavalcante.com\/blog\/wp-content\/uploads\/2011\/07\/seculoXXcapa_proposta4.jpg\"><img loading=\"lazy\" decoding=\"async\" width=\"675\" height=\"685\" data-id=\"4637\" src=\"https:\/\/fabiocavalcante.com\/blog\/wp-content\/uploads\/2011\/07\/seculoXXcapa_proposta4.jpg\" alt=\"\" class=\"wp-image-4637\" srcset=\"https:\/\/fabiocavalcante.com\/blog\/wp-content\/uploads\/2011\/07\/seculoXXcapa_proposta4.jpg 675w, https:\/\/fabiocavalcante.com\/blog\/wp-content\/uploads\/2011\/07\/seculoXXcapa_proposta4-296x300.jpg 296w\" sizes=\"auto, (max-width: 675px) 100vw, 675px\" \/><\/a><\/figure>\n\n\n\n<figure class=\"wp-block-image size-large\"><a href=\"https:\/\/fabiocavalcante.com\/blog\/wp-content\/uploads\/2011\/07\/seculoXXcapa_proposta5.jpg\"><img loading=\"lazy\" decoding=\"async\" width=\"675\" height=\"685\" data-id=\"4638\" src=\"https:\/\/fabiocavalcante.com\/blog\/wp-content\/uploads\/2011\/07\/seculoXXcapa_proposta5.jpg\" alt=\"\" class=\"wp-image-4638\" srcset=\"https:\/\/fabiocavalcante.com\/blog\/wp-content\/uploads\/2011\/07\/seculoXXcapa_proposta5.jpg 675w, https:\/\/fabiocavalcante.com\/blog\/wp-content\/uploads\/2011\/07\/seculoXXcapa_proposta5-296x300.jpg 296w\" sizes=\"auto, (max-width: 675px) 100vw, 675px\" \/><\/a><\/figure>\n\n\n\n<figure class=\"wp-block-image size-large\"><a href=\"https:\/\/fabiocavalcante.com\/blog\/wp-content\/uploads\/2011\/07\/seculoXXcapa_proposta6.jpg\"><img loading=\"lazy\" decoding=\"async\" width=\"675\" height=\"685\" data-id=\"4639\" src=\"https:\/\/fabiocavalcante.com\/blog\/wp-content\/uploads\/2011\/07\/seculoXXcapa_proposta6.jpg\" alt=\"\" class=\"wp-image-4639\" srcset=\"https:\/\/fabiocavalcante.com\/blog\/wp-content\/uploads\/2011\/07\/seculoXXcapa_proposta6.jpg 675w, https:\/\/fabiocavalcante.com\/blog\/wp-content\/uploads\/2011\/07\/seculoXXcapa_proposta6-296x300.jpg 296w\" sizes=\"auto, (max-width: 675px) 100vw, 675px\" \/><\/a><\/figure>\n\n\n\n<figure class=\"wp-block-image size-large\"><a href=\"https:\/\/fabiocavalcante.com\/blog\/wp-content\/uploads\/2011\/07\/seculoXXcapa_proposta7.jpg\"><img loading=\"lazy\" decoding=\"async\" width=\"675\" height=\"685\" data-id=\"4640\" src=\"https:\/\/fabiocavalcante.com\/blog\/wp-content\/uploads\/2011\/07\/seculoXXcapa_proposta7.jpg\" alt=\"\" class=\"wp-image-4640\" srcset=\"https:\/\/fabiocavalcante.com\/blog\/wp-content\/uploads\/2011\/07\/seculoXXcapa_proposta7.jpg 675w, https:\/\/fabiocavalcante.com\/blog\/wp-content\/uploads\/2011\/07\/seculoXXcapa_proposta7-296x300.jpg 296w\" sizes=\"auto, (max-width: 675px) 100vw, 675px\" \/><\/a><\/figure>\n<\/figure>\n","protected":false},"excerpt":{"rendered":"<p>Estou terminando mais um disco, o \u201cDo meio para o s\u00e9culo XX para o XXI\u201d, com m\u00fasicas de autoria do&nbsp;Mestre Cardoso. Esta \u00e9 a capa que a&nbsp;Luciana Leal&nbsp;est\u00e1 finalizando pra ele. A foto \u00e9 de uma cabe\u00e7a de on\u00e7a \u2013 uma pe\u00e7a arqueol\u00f3gica em cer\u00e2mica Tapaj\u00f3s, da cole\u00e7\u00e3o do Laborat\u00f3rio de Arqueologia Curt Nimuendaj\u00fa, de [&hellip;]<\/p>\n","protected":false},"author":1,"featured_media":0,"comment_status":"open","ping_status":"open","sticky":false,"template":"","format":"standard","meta":{"footnotes":""},"categories":[3],"tags":[28,35],"class_list":["post-206","post","type-post","status-publish","format-standard","hentry","category-folclore","tag-album","tag-mestre-cardoso"],"_links":{"self":[{"href":"https:\/\/fabiocavalcante.com\/blog\/wp-json\/wp\/v2\/posts\/206","targetHints":{"allow":["GET"]}}],"collection":[{"href":"https:\/\/fabiocavalcante.com\/blog\/wp-json\/wp\/v2\/posts"}],"about":[{"href":"https:\/\/fabiocavalcante.com\/blog\/wp-json\/wp\/v2\/types\/post"}],"author":[{"embeddable":true,"href":"https:\/\/fabiocavalcante.com\/blog\/wp-json\/wp\/v2\/users\/1"}],"replies":[{"embeddable":true,"href":"https:\/\/fabiocavalcante.com\/blog\/wp-json\/wp\/v2\/comments?post=206"}],"version-history":[{"count":10,"href":"https:\/\/fabiocavalcante.com\/blog\/wp-json\/wp\/v2\/posts\/206\/revisions"}],"predecessor-version":[{"id":4740,"href":"https:\/\/fabiocavalcante.com\/blog\/wp-json\/wp\/v2\/posts\/206\/revisions\/4740"}],"wp:attachment":[{"href":"https:\/\/fabiocavalcante.com\/blog\/wp-json\/wp\/v2\/media?parent=206"}],"wp:term":[{"taxonomy":"category","embeddable":true,"href":"https:\/\/fabiocavalcante.com\/blog\/wp-json\/wp\/v2\/categories?post=206"},{"taxonomy":"post_tag","embeddable":true,"href":"https:\/\/fabiocavalcante.com\/blog\/wp-json\/wp\/v2\/tags?post=206"}],"curies":[{"name":"wp","href":"https:\/\/api.w.org\/{rel}","templated":true}]}}