{"id":207,"date":"2011-07-13T23:46:00","date_gmt":"2011-07-13T23:46:00","guid":{"rendered":"http:\/\/fabiocavalcante.com\/blog\/?p=207"},"modified":"2025-05-29T03:21:51","modified_gmt":"2025-05-29T03:21:51","slug":"luiza-tom-jobim","status":"publish","type":"post","link":"https:\/\/fabiocavalcante.com\/blog\/luiza-tom-jobim\/","title":{"rendered":"Luiza (Tom Jobim)"},"content":{"rendered":"\n<p>Este \u00e9 um v\u00eddeo produzido pela <a href=\"https:\/\/fgcproducoes.fabiocavalcante.com\/artistas\/fabio-cavalcante\/so-h\/\" target=\"_blank\" rel=\"noreferrer noopener\">S\u00f3 H<\/a>, onde toco um arranjo pra Luiza, de <a href=\"http:\/\/pt.wikipedia.org\/wiki\/Ant%C3%B4nio_Carlos_Jobim\" target=\"_blank\" rel=\"noopener\">Tom Jobim<\/a>. O arranjo foi feito inteiramente no <a href=\"https:\/\/en.wikipedia.org\/wiki\/Reaktor\" target=\"_blank\" rel=\"noopener\">Reaktor<\/a>, usado tamb\u00e9m na hora da execu\u00e7\u00e3o. A filmagem aconteceu dia 25 de junho, no antigo Centro de Tecnologia Madeireira, em Santar\u00e9m-PA.<\/p>\n\n\n\n<figure class=\"wp-block-embed is-type-video is-provider-youtube wp-block-embed-youtube wp-embed-aspect-16-9 wp-has-aspect-ratio\"><div class=\"wp-block-embed__wrapper\">\n<iframe loading=\"lazy\" title=\"Luiza (Tom Jobim) - F\u00e1bio Cavalcante\" width=\"500\" height=\"281\" src=\"https:\/\/www.youtube.com\/embed\/6-PGxzAvrdg?feature=oembed\" frameborder=\"0\" allow=\"accelerometer; autoplay; clipboard-write; encrypted-media; gyroscope; picture-in-picture; web-share\" referrerpolicy=\"strict-origin-when-cross-origin\" allowfullscreen><\/iframe>\n<\/div><\/figure>\n","protected":false},"excerpt":{"rendered":"<p>Este \u00e9 um v\u00eddeo produzido pela S\u00f3 H, onde toco um arranjo pra Luiza, de Tom Jobim. O arranjo foi feito inteiramente no Reaktor, usado tamb\u00e9m na hora da execu\u00e7\u00e3o. A filmagem aconteceu dia 25 de junho, no antigo Centro de Tecnologia Madeireira, em Santar\u00e9m-PA.<\/p>\n","protected":false},"author":1,"featured_media":0,"comment_status":"open","ping_status":"open","sticky":false,"template":"","format":"standard","meta":{"footnotes":""},"categories":[5],"tags":[18,26,29],"class_list":["post-207","post","type-post","status-publish","format-standard","hentry","category-videos","tag-controlador-midi","tag-musica-instrumental","tag-single"],"_links":{"self":[{"href":"https:\/\/fabiocavalcante.com\/blog\/wp-json\/wp\/v2\/posts\/207","targetHints":{"allow":["GET"]}}],"collection":[{"href":"https:\/\/fabiocavalcante.com\/blog\/wp-json\/wp\/v2\/posts"}],"about":[{"href":"https:\/\/fabiocavalcante.com\/blog\/wp-json\/wp\/v2\/types\/post"}],"author":[{"embeddable":true,"href":"https:\/\/fabiocavalcante.com\/blog\/wp-json\/wp\/v2\/users\/1"}],"replies":[{"embeddable":true,"href":"https:\/\/fabiocavalcante.com\/blog\/wp-json\/wp\/v2\/comments?post=207"}],"version-history":[{"count":7,"href":"https:\/\/fabiocavalcante.com\/blog\/wp-json\/wp\/v2\/posts\/207\/revisions"}],"predecessor-version":[{"id":4296,"href":"https:\/\/fabiocavalcante.com\/blog\/wp-json\/wp\/v2\/posts\/207\/revisions\/4296"}],"wp:attachment":[{"href":"https:\/\/fabiocavalcante.com\/blog\/wp-json\/wp\/v2\/media?parent=207"}],"wp:term":[{"taxonomy":"category","embeddable":true,"href":"https:\/\/fabiocavalcante.com\/blog\/wp-json\/wp\/v2\/categories?post=207"},{"taxonomy":"post_tag","embeddable":true,"href":"https:\/\/fabiocavalcante.com\/blog\/wp-json\/wp\/v2\/tags?post=207"}],"curies":[{"name":"wp","href":"https:\/\/api.w.org\/{rel}","templated":true}]}}