{"id":208,"date":"2010-12-23T12:47:00","date_gmt":"2010-12-23T12:47:00","guid":{"rendered":"http:\/\/fabiocavalcante.com\/blog\/?p=208"},"modified":"2025-06-12T22:59:47","modified_gmt":"2025-06-12T22:59:47","slug":"musicas-do-folclore-santareno","status":"publish","type":"post","link":"https:\/\/fabiocavalcante.com\/blog\/musicas-do-folclore-santareno\/","title":{"rendered":"M\u00fasicas do Folclore Santareno"},"content":{"rendered":"\n<p>Aqui est\u00e1 o material produzido no projeto \u201cM\u00fasicas de Dom\u00ednio P\u00fablico do Folclore Santareno\u201d, que fiz com apoio da Bolsa de Pesquisa, Experimenta\u00e7\u00e3o e Cria\u00e7\u00e3o Art\u00edstica 2010, do&nbsp;<a href=\"http:\/\/blogdoiap.blogspot.com\/\" target=\"_blank\" rel=\"noreferrer noopener\">IAP (Instituto de Artes do Par\u00e1)<\/a>. O trabalho contou com projeto gr\u00e1fico de&nbsp;<a href=\"http:\/\/lucianaleal.art.br\/\">Luciana Leal<\/a>, e resultou na transcri\u00e7\u00e3o, a partir de entrevistas, de partituras de m\u00fasicas folcl\u00f3ricas da cidade de Santar\u00e9m-PA. <\/p>\n\n\n\n<p>Os v\u00eddeos a seguir s\u00e3o de uma entrevista com o artista pl\u00e1stico santareno Laurimar Leal sobre a m\u00fasica tradicional santarena, e de dois registros do grupo Espanta-c\u00e3o, de Alter-do-ch\u00e3o.<\/p>\n\n\n\n<figure class=\"wp-block-embed is-type-video is-provider-youtube wp-block-embed-youtube wp-embed-aspect-4-3 wp-has-aspect-ratio\"><div class=\"wp-block-embed__wrapper\">\n<iframe loading=\"lazy\" title=\"Entrevista com Laurimar Leal (Santar\u00e9m, 2010)  [M\u00fasicas do Folclore Santareno #3]\" width=\"500\" height=\"375\" src=\"https:\/\/www.youtube.com\/embed\/xHV_sWXzzZk?feature=oembed\" frameborder=\"0\" allow=\"accelerometer; autoplay; clipboard-write; encrypted-media; gyroscope; picture-in-picture; web-share\" referrerpolicy=\"strict-origin-when-cross-origin\" allowfullscreen><\/iframe>\n<\/div><figcaption class=\"wp-element-caption\">Entrevista com Laurimar Leal.<\/figcaption><\/figure>\n\n\n\n<figure class=\"wp-block-embed is-type-video is-provider-youtube wp-block-embed-youtube wp-embed-aspect-4-3 wp-has-aspect-ratio\"><div class=\"wp-block-embed__wrapper\">\n<iframe loading=\"lazy\" title=\"Glorioso S\u00e3o Jo\u00e3o - Foli\u00f5es do Sair\u00e9 (Alter-do-ch\u00e3o\/PA, 2010) [M\u00fasicas do Folclore Santareno #1]\" width=\"500\" height=\"375\" src=\"https:\/\/www.youtube.com\/embed\/ZHg0o615UlM?feature=oembed\" frameborder=\"0\" allow=\"accelerometer; autoplay; clipboard-write; encrypted-media; gyroscope; picture-in-picture; web-share\" referrerpolicy=\"strict-origin-when-cross-origin\" allowfullscreen><\/iframe>\n<\/div><figcaption class=\"wp-element-caption\">Espanta-c\u00e3o no Sair\u00e9 2010 &#8211; &#8220;Glorioso S\u00e3o Jo\u00e3o&#8221;<\/figcaption><\/figure>\n\n\n\n<figure class=\"wp-block-embed is-type-video is-provider-youtube wp-block-embed-youtube wp-embed-aspect-4-3 wp-has-aspect-ratio\"><div class=\"wp-block-embed__wrapper\">\n<iframe loading=\"lazy\" title=\"Sempre louvemos de noite e de dia - Foli\u00f5es do Sair\u00e9 [M\u00fasicas do Folclore Santareno #2]\" width=\"500\" height=\"375\" src=\"https:\/\/www.youtube.com\/embed\/abxZ54LKpBk?feature=oembed\" frameborder=\"0\" allow=\"accelerometer; autoplay; clipboard-write; encrypted-media; gyroscope; picture-in-picture; web-share\" referrerpolicy=\"strict-origin-when-cross-origin\" allowfullscreen><\/iframe>\n<\/div><figcaption class=\"wp-element-caption\">Espanta c\u00e3o no Sair\u00e9 2010 &#8211; &#8220;Sempre louvemos de noite e de dia&#8221;<\/figcaption><\/figure>\n\n\n\n<p>Al\u00e9m do sr. Laurimar Leal, foram entrevistados Chico Malta, mestre gri\u00f4 de alter-do-ch\u00e3o, Mestre Servito, da banda espanta-c\u00e3o, o violinista Joaquim Marinho e o violonista Hermenegildo Nunes, do grupo Nossas Lembran\u00e7as, e D. Marceolina Oliveira \u201cDona Mocinha\u201d, da comunidade de Saracura \u2013 a todos eles eu agrade\u00e7o muit\u00edssimo pela disposi\u00e7\u00e3o.<\/p>\n\n\n\n<p>A seguir est\u00e3o os \u00e1udios com as m\u00fasicas cantadas nessas entrevistas.<\/p>\n\n\n\n<ul class=\"wp-block-list\">\n<li>Da entrevista com Laurimar Leal, artista pl\u00e1stico, diretor do museu Jo\u00e3o Fona:<\/li>\n<\/ul>\n\n\n\n<p><iframe loading=\"lazy\" src=\"https:\/\/archive.org\/embed\/LaurimarLeal2011FolcloreSantareno&amp;playlist=1&amp;list_height=350\" width=\"500\" height=\"350\" frameborder=\"0\" webkitallowfullscreen=\"true\" mozallowfullscreen=\"true\" allowfullscreen=\"\"><\/iframe><\/p>\n\n\n\n<ul class=\"wp-block-list\">\n<li>De apresenta\u00e7\u00e3o do grupo &#8220;Espanta c\u00e3o&#8221;, na festa do Sair\u00e9, em Alter-do-ch\u00e3o:<\/li>\n<\/ul>\n\n\n\n<p><iframe loading=\"lazy\" src=\"https:\/\/archive.org\/embed\/EspantaCao2010FolcloreSantareno&amp;playlist=1&amp;list_height=130\" width=\"500\" height=\"130\" frameborder=\"0\" webkitallowfullscreen=\"true\" mozallowfullscreen=\"true\" allowfullscreen=\"\"><\/iframe><\/p>\n\n\n\n<ul class=\"wp-block-list\">\n<li>Da entrevista com o compositor Chico Malta, mestre gri\u00f4 da vila de Alter-do-ch\u00e3o:<\/li>\n<\/ul>\n\n\n\n<p><iframe loading=\"lazy\" src=\"https:\/\/archive.org\/embed\/ChicoMalta2010FolcloreSantareno&amp;playlist=1&amp;list_height=70\" width=\"500\" height=\"70\" frameborder=\"0\" webkitallowfullscreen=\"true\" mozallowfullscreen=\"true\" allowfullscreen=\"\"><\/iframe><\/p>\n\n\n\n<ul class=\"wp-block-list\">\n<li>Da entrevista com moradoras da comunidade de Saracura &#8211; Marceonila Oliveira &#8220;Dona Mocinha&#8221;, Maria Jucilene Oliveira, D. Divanilda, Maria Cotinha, Maria da Concei\u00e7\u00e3o Oliveira e Marineida Oliveira:<\/li>\n<\/ul>\n\n\n\n<p><iframe loading=\"lazy\" src=\"https:\/\/archive.org\/embed\/Saracura2011FolcloreSantareno&amp;playlist=1&amp;list_height=330\" width=\"500\" height=\"330\" frameborder=\"0\" webkitallowfullscreen=\"true\" mozallowfullscreen=\"true\" allowfullscreen=\"\"><\/iframe><\/p>\n\n\n\n<ul class=\"wp-block-list\">\n<li>Da entrevista com Joaquim Marinho, violinista, e Hermenegildo Nunes, violonista, membros do grupo Nossas Lembran\u00e7as:<\/li>\n<\/ul>\n\n\n\n<p><iframe loading=\"lazy\" src=\"https:\/\/archive.org\/embed\/NossasLembrancas2011FolcloreSantareno&amp;playlist=1&amp;list_height=70\" width=\"500\" height=\"70\" frameborder=\"0\" webkitallowfullscreen=\"true\" mozallowfullscreen=\"true\" allowfullscreen=\"\"><\/iframe><\/p>\n\n\n\n<p>Das m\u00fasicas gravadas nas entrevistas, 46 foram transcritas e reunidas no volume &#8220;M\u00fasicas de Dom\u00ednio P\u00fablico do Folclore Santareno &#8211; Partituras&#8221;. Na sequ\u00eancia, escrevi 3 arranjos para orquestra baseados em alguns desse temas. S\u00e3o esses os 4 e-books a seguir.<\/p>\n\n\n\n<div class=\"wp-block-columns has-light-gray-background-color has-background is-layout-flex wp-container-core-columns-is-layout-28f84493 wp-block-columns-is-layout-flex\" style=\"border-top-color:var(--wp--preset--color--accent-6);border-top-width:1px\">\n<div class=\"wp-block-column is-layout-flow wp-block-column-is-layout-flow\" style=\"flex-basis:33.33%\">\n<figure class=\"wp-block-image size-full has-custom-border\"><a href=\"https:\/\/archive.org\/download\/MusicasDeDominioPublicoDoFlocloreSantarenoMelodias\/MusicasDeDominioPublicoDoFlocloreSantarenoMelodias.pdf\" target=\"_blank\" rel=\"noopener\"><img loading=\"lazy\" decoding=\"async\" width=\"170\" height=\"240\" src=\"https:\/\/fabiocavalcante.com\/blog\/wp-content\/uploads\/2022\/06\/mdpfs_melodias.jpg\" alt=\"\" class=\"has-border-color has-accent-6-border-color wp-image-2998\" style=\"border-width:1px\"\/><\/a><\/figure>\n<\/div>\n\n\n\n<div class=\"wp-block-column is-layout-flow wp-block-column-is-layout-flow\" style=\"flex-basis:66.66%\">\n<pre class=\"wp-block-preformatted\"><strong><a href=\"https:\/\/archive.org\/download\/MusicasDeDominioPublicoDoFlocloreSantarenoMelodias\/MusicasDeDominioPublicoDoFlocloreSantarenoMelodias.pdf\" target=\"_blank\" rel=\"noreferrer noopener nofollow\">M\u00fasicas de Dom\u00ednio P\u00fablico do Folclore Santareno<\/a><\/strong> (<em>2010, Santar\u00e9m, Par\u00e1<\/em>). Colet\u00e2nea com 46 partituras do folclore musical santareno, reunidas ao longo do projeto coordenado por mim, com apoio da Bolsa de Pesquisa, Cria\u00e7\u00e3o e Experimenta\u00e7\u00e3o Art\u00edstica 2010, do Instituto de Artes do Par\u00e1 \u2013 IAP.<\/pre>\n\n\n\n<figure class=\"wp-block-image size-full is-resized\"><img loading=\"lazy\" decoding=\"async\" width=\"178\" height=\"173\" src=\"https:\/\/fabiocavalcante.com\/blog\/wp-content\/uploads\/2017\/12\/Icon-Download.png\" alt=\"\" class=\"wp-image-2669\" style=\"width:70px\"\/><\/figure>\n<\/div>\n<\/div>\n\n\n\n<div class=\"wp-block-columns has-light-gray-background-color has-background is-layout-flex wp-container-core-columns-is-layout-28f84493 wp-block-columns-is-layout-flex\">\n<div class=\"wp-block-column is-layout-flow wp-block-column-is-layout-flow\" style=\"flex-basis:33.33%\">\n<figure class=\"wp-block-image size-full has-custom-border\"><a href=\"https:\/\/archive.org\/download\/Arapiuns\/Arapiuns.pdf\" target=\"_blank\" rel=\"noopener\"><img loading=\"lazy\" decoding=\"async\" width=\"170\" height=\"240\" src=\"https:\/\/fabiocavalcante.com\/blog\/wp-content\/uploads\/2022\/06\/mdpfs_arapiuns.jpg\" alt=\"\" class=\"has-border-color has-accent-6-border-color wp-image-2997\" style=\"border-width:1px\"\/><\/a><\/figure>\n<\/div>\n\n\n\n<div class=\"wp-block-column is-layout-flow wp-block-column-is-layout-flow\" style=\"flex-basis:66.66%\">\n<pre class=\"wp-block-preformatted\"><a href=\"https:\/\/archive.org\/download\/Arapiuns\/Arapiuns.pdf\" target=\"_blank\" rel=\"noreferrer noopener nofollow\"><strong>Arapiuns<\/strong><\/a> (<em>2010, Santar\u00e9m, Par\u00e1<\/em>). Pe\u00e7a para Orquestra baseada em uma marcha instrumental e na can\u00e7\u00e3o \u201cMarmelo \u00e9 uma fruta gostosa\u201d, gravada em disco pela Filarm\u00f4nica Municipal de Santar\u00e9m Prof. Jos\u00e9 Agostinho.<\/pre>\n\n\n\n<figure class=\"wp-block-image size-full is-resized\"><a href=\"https:\/\/archive.org\/download\/Arapiuns\/Arapiuns.pdf\" target=\"_blank\" rel=\" noreferrer noopener\"><img loading=\"lazy\" decoding=\"async\" width=\"178\" height=\"173\" src=\"https:\/\/fabiocavalcante.com\/blog\/wp-content\/uploads\/2017\/12\/Icon-Download.png\" alt=\"\" class=\"wp-image-2669\" style=\"width:70px\"\/><\/a><\/figure>\n<\/div>\n<\/div>\n\n\n\n<div class=\"wp-block-columns has-light-gray-background-color has-background is-layout-flex wp-container-core-columns-is-layout-28f84493 wp-block-columns-is-layout-flex\">\n<div class=\"wp-block-column is-layout-flow wp-block-column-is-layout-flow\" style=\"flex-basis:33.33%\">\n<figure class=\"wp-block-image size-full has-custom-border\"><a href=\"https:\/\/archive.org\/download\/PorradaNaMacaxeira\/PorradaNaMacaxeira.pdf\" target=\"_blank\" rel=\"noopener\"><img loading=\"lazy\" decoding=\"async\" width=\"170\" height=\"240\" src=\"https:\/\/fabiocavalcante.com\/blog\/wp-content\/uploads\/2022\/06\/mdpfs_porrada.jpg\" alt=\"\" class=\"has-border-color has-accent-6-border-color wp-image-3000\" style=\"border-width:1px\"\/><\/a><\/figure>\n<\/div>\n\n\n\n<div class=\"wp-block-column is-layout-flow wp-block-column-is-layout-flow\" style=\"flex-basis:66.66%\">\n<pre class=\"wp-block-preformatted\"><strong><a href=\"https:\/\/archive.org\/download\/PorradaNaMacaxeira\/PorradaNaMacaxeira.pdf\" target=\"_blank\" rel=\"noreferrer noopener nofollow\">Porrada na macaxeira<\/a><\/strong> (<em>2011, Santar\u00e9m, Par\u00e1<\/em>). Pe\u00e7a para clarinete, saxes alto e tenor, trombone, t\u00edmpano, caixa e tumbadoras, baseada na folia Quebra-macaxeira, um tema tradicional da vila de Alter-do-ch\u00e3o, em Santar\u00e9m, tocado durante as festividades do Sair\u00e9.<\/pre>\n\n\n\n<figure class=\"wp-block-image size-full is-resized\"><a href=\"https:\/\/archive.org\/download\/PorradaNaMacaxeira\/PorradaNaMacaxeira.pdf\" target=\"_blank\" rel=\" noreferrer noopener\"><img loading=\"lazy\" decoding=\"async\" width=\"178\" height=\"173\" src=\"https:\/\/fabiocavalcante.com\/blog\/wp-content\/uploads\/2017\/12\/Icon-Download.png\" alt=\"\" class=\"wp-image-2669\" style=\"width:70px\"\/><\/a><\/figure>\n<\/div>\n<\/div>\n\n\n\n<div class=\"wp-block-columns has-light-gray-background-color has-background is-layout-flex wp-container-core-columns-is-layout-28f84493 wp-block-columns-is-layout-flex\" style=\"border-bottom-color:var(--wp--preset--color--accent-6);border-bottom-width:1px\">\n<div class=\"wp-block-column is-layout-flow wp-block-column-is-layout-flow\" style=\"flex-basis:33.33%\">\n<figure class=\"wp-block-image size-full has-custom-border\"><a href=\"https:\/\/archive.org\/download\/ValsaDoSaracua\/ValsaDoSaracua.pdf\" target=\"_blank\" rel=\"noopener\"><img loading=\"lazy\" decoding=\"async\" width=\"170\" height=\"240\" src=\"https:\/\/fabiocavalcante.com\/blog\/wp-content\/uploads\/2022\/06\/mdpfs_valsa.jpg\" alt=\"\" class=\"has-border-color has-accent-6-border-color wp-image-2999\" style=\"border-width:1px\"\/><\/a><\/figure>\n<\/div>\n\n\n\n<div class=\"wp-block-column is-layout-flow wp-block-column-is-layout-flow\" style=\"flex-basis:66.66%\">\n<pre class=\"wp-block-preformatted\"><strong><a href=\"https:\/\/archive.org\/download\/ValsaDoSaracua\/ValsaDoSaracua.pdf\" target=\"_blank\" rel=\"noreferrer noopener nofollow\">Valsa do Saracu\u00e1<\/a><\/strong> (<em>2010, Santar\u00e9m, Par\u00e1<\/em>). Pe\u00e7a para Orquestra baseada no tema do antigo cord\u00e3o de p\u00e1ssaro Saracu\u00e1, comandado por Mestre Cirilo, e que brincava pelas comunidades do rio Arapiuns na metade do s\u00e9culo XX.<\/pre>\n\n\n\n<figure class=\"wp-block-image size-full is-resized\"><a href=\"https:\/\/archive.org\/download\/ValsaDoSaracua\/ValsaDoSaracua.pdf\" target=\"_blank\" rel=\" noreferrer noopener\"><img loading=\"lazy\" decoding=\"async\" width=\"178\" height=\"173\" src=\"https:\/\/fabiocavalcante.com\/blog\/wp-content\/uploads\/2017\/12\/Icon-Download.png\" alt=\"\" class=\"wp-image-2669\" style=\"width:70px\"\/><\/a><\/figure>\n<\/div>\n<\/div>\n\n\n\n<p>Por fim, a partir dos livros acima, foi gravado o \u00e1lbum &#8220;M\u00fasicas do Folclore Santareno&#8221;, entre novembro de 2010 e maio de 2011, em Santar\u00e9m\/PA, interpretado por F\u00e1bio Cavalcante e a&nbsp;<a href=\"http:\/\/filarmonicadesantarem.blogspot.com\/\" target=\"_blank\" rel=\"noreferrer noopener\">Filarm\u00f4nica Municipal Prof. Jos\u00e9 Agostinho<\/a>, sob reg\u00eancia de Jo\u00e3o Paulo Fonseca. O projeto gr\u00e1fico, inspirado em ornamentos de cuias santarenas,&nbsp;\u00e9 de&nbsp;<a href=\"http:\/\/www.flickr.com\/photos\/luleal\" target=\"_blank\" rel=\"noreferrer noopener\">Luciana Leal<\/a>. <\/p>\n\n\n\n<figure class=\"wp-block-embed is-type-rich is-provider-spotify wp-block-embed-spotify\"><div class=\"wp-block-embed__wrapper\">\n<iframe title=\"Spotify Embed: M\u00fasicas do Folclore Santareno\" style=\"border-radius: 12px\" width=\"100%\" height=\"352\" frameborder=\"0\" allowfullscreen allow=\"autoplay; clipboard-write; encrypted-media; fullscreen; picture-in-picture\" loading=\"lazy\" src=\"https:\/\/open.spotify.com\/embed\/album\/11HHArfzRIbAxTlDHkY0zT?si=f7GzJtB5Qo-lHt9BSsk8dg&#038;utm_source=oembed\"><\/iframe>\n<\/div><\/figure>\n\n\n\n<p class=\"has-text-align-center\">OU\u00c7A NA SUA PLATAFORMA PREFERIDA:<\/p>\n\n\n\n<ul class=\"wp-block-social-links has-visible-labels is-content-justification-center is-layout-flex wp-container-core-social-links-is-layout-a89b3969 wp-block-social-links-is-layout-flex\"><li class=\"wp-social-link wp-social-link-spotify  wp-block-social-link\"><a rel=\"noopener nofollow\" target=\"_blank\" href=\"https:\/\/open.spotify.com\/album\/11HHArfzRIbAxTlDHkY0zT\" class=\"wp-block-social-link-anchor\"><svg width=\"24\" height=\"24\" viewBox=\"0 0 24 24\" version=\"1.1\" xmlns=\"http:\/\/www.w3.org\/2000\/svg\" aria-hidden=\"true\" focusable=\"false\"><path d=\"M12,2C6.477,2,2,6.477,2,12c0,5.523,4.477,10,10,10c5.523,0,10-4.477,10-10C22,6.477,17.523,2,12,2 M16.586,16.424 c-0.18,0.295-0.563,0.387-0.857,0.207c-2.348-1.435-5.304-1.76-8.785-0.964c-0.335,0.077-0.67-0.133-0.746-0.469 c-0.077-0.335,0.132-0.67,0.469-0.746c3.809-0.871,7.077-0.496,9.713,1.115C16.673,15.746,16.766,16.13,16.586,16.424 M17.81,13.7 c-0.226,0.367-0.706,0.482-1.072,0.257c-2.687-1.652-6.785-2.131-9.965-1.166C6.36,12.917,5.925,12.684,5.8,12.273 C5.675,11.86,5.908,11.425,6.32,11.3c3.632-1.102,8.147-0.568,11.234,1.328C17.92,12.854,18.035,13.335,17.81,13.7 M17.915,10.865 c-3.223-1.914-8.54-2.09-11.618-1.156C5.804,9.859,5.281,9.58,5.131,9.086C4.982,8.591,5.26,8.069,5.755,7.919 c3.532-1.072,9.404-0.865,13.115,1.338c0.445,0.264,0.59,0.838,0.327,1.282C18.933,10.983,18.359,11.129,17.915,10.865\"><\/path><\/svg><span class=\"wp-block-social-link-label\">Spotify<\/span><\/a><\/li>\n\n<li class=\"wp-social-link wp-social-link-youtube  wp-block-social-link\"><a rel=\"noopener nofollow\" target=\"_blank\" href=\"https:\/\/www.youtube.com\/playlist?list=OLAK5uy_njOgLSn6yE66053w2sM-7kbz5u5YAq4TE\" class=\"wp-block-social-link-anchor\"><svg width=\"24\" height=\"24\" viewBox=\"0 0 24 24\" version=\"1.1\" xmlns=\"http:\/\/www.w3.org\/2000\/svg\" aria-hidden=\"true\" focusable=\"false\"><path d=\"M21.8,8.001c0,0-0.195-1.378-0.795-1.985c-0.76-0.797-1.613-0.801-2.004-0.847c-2.799-0.202-6.997-0.202-6.997-0.202 h-0.009c0,0-4.198,0-6.997,0.202C4.608,5.216,3.756,5.22,2.995,6.016C2.395,6.623,2.2,8.001,2.2,8.001S2,9.62,2,11.238v1.517 c0,1.618,0.2,3.237,0.2,3.237s0.195,1.378,0.795,1.985c0.761,0.797,1.76,0.771,2.205,0.855c1.6,0.153,6.8,0.201,6.8,0.201 s4.203-0.006,7.001-0.209c0.391-0.047,1.243-0.051,2.004-0.847c0.6-0.607,0.795-1.985,0.795-1.985s0.2-1.618,0.2-3.237v-1.517 C22,9.62,21.8,8.001,21.8,8.001z M9.935,14.594l-0.001-5.62l5.404,2.82L9.935,14.594z\"><\/path><\/svg><span class=\"wp-block-social-link-label\">YouTube<\/span><\/a><\/li>\n\n<li class=\"wp-social-link wp-social-link-amazon  wp-block-social-link\"><a rel=\"noopener nofollow\" target=\"_blank\" href=\"https:\/\/music.amazon.com\/albums\/B0858CBTQ2\" class=\"wp-block-social-link-anchor\"><svg width=\"24\" height=\"24\" viewBox=\"0 0 24 24\" version=\"1.1\" xmlns=\"http:\/\/www.w3.org\/2000\/svg\" aria-hidden=\"true\" focusable=\"false\"><path d=\"M13.582,8.182C11.934,8.367,9.78,8.49,8.238,9.166c-1.781,0.769-3.03,2.337-3.03,4.644 c0,2.953,1.86,4.429,4.253,4.429c2.02,0,3.125-0.477,4.685-2.065c0.516,0.747,0.685,1.109,1.629,1.894 c0.212,0.114,0.483,0.103,0.672-0.066l0.006,0.006c0.567-0.505,1.599-1.401,2.18-1.888c0.231-0.188,0.19-0.496,0.009-0.754 c-0.52-0.718-1.072-1.303-1.072-2.634V8.305c0-1.876,0.133-3.599-1.249-4.891C15.23,2.369,13.422,2,12.04,2 C9.336,2,6.318,3.01,5.686,6.351C5.618,6.706,5.877,6.893,6.109,6.945l2.754,0.298C9.121,7.23,9.308,6.977,9.357,6.72 c0.236-1.151,1.2-1.706,2.284-1.706c0.584,0,1.249,0.215,1.595,0.738c0.398,0.584,0.346,1.384,0.346,2.061V8.182z M13.049,14.088 c-0.451,0.8-1.169,1.291-1.967,1.291c-1.09,0-1.728-0.83-1.728-2.061c0-2.42,2.171-2.86,4.227-2.86v0.615 C13.582,12.181,13.608,13.104,13.049,14.088z M20.683,19.339C18.329,21.076,14.917,22,11.979,22c-4.118,0-7.826-1.522-10.632-4.057 c-0.22-0.199-0.024-0.471,0.241-0.317c3.027,1.762,6.771,2.823,10.639,2.823c2.608,0,5.476-0.541,8.115-1.66 C20.739,18.62,21.072,19.051,20.683,19.339z M21.336,21.043c-0.194,0.163-0.379,0.076-0.293-0.139 c0.284-0.71,0.92-2.298,0.619-2.684c-0.301-0.386-1.99-0.183-2.749-0.092c-0.23,0.027-0.266-0.173-0.059-0.319 c1.348-0.946,3.555-0.673,3.811-0.356C22.925,17.773,22.599,19.986,21.336,21.043z\"><\/path><\/svg><span class=\"wp-block-social-link-label\">Amazon<\/span><\/a><\/li>\n\n<li class=\"wp-social-link wp-social-link-bandcamp  wp-block-social-link\"><a rel=\"noopener nofollow\" target=\"_blank\" href=\"https:\/\/fabiocavalcante.bandcamp.com\/album\/m-sicas-do-folclore-santareno\" class=\"wp-block-social-link-anchor\"><svg width=\"24\" height=\"24\" viewBox=\"0 0 24 24\" version=\"1.1\" xmlns=\"http:\/\/www.w3.org\/2000\/svg\" aria-hidden=\"true\" focusable=\"false\"><path d=\"M15.27 17.289 3 17.289 8.73 6.711 21 6.711 15.27 17.289\"><\/path><\/svg><span class=\"wp-block-social-link-label\">Bandcamp<\/span><\/a><\/li>\n\n<li class=\"wp-social-link wp-social-link-chain  wp-block-social-link\"><a rel=\"noopener nofollow\" target=\"_blank\" href=\"https:\/\/songwhip.com\/fabiocavalcante\/musicas-do-folclore-santareno\" class=\"wp-block-social-link-anchor\"><svg width=\"24\" height=\"24\" viewBox=\"0 0 24 24\" version=\"1.1\" xmlns=\"http:\/\/www.w3.org\/2000\/svg\" aria-hidden=\"true\" focusable=\"false\"><path d=\"M15.6,7.2H14v1.5h1.6c2,0,3.7,1.7,3.7,3.7s-1.7,3.7-3.7,3.7H14v1.5h1.6c2.8,0,5.2-2.3,5.2-5.2,0-2.9-2.3-5.2-5.2-5.2zM4.7,12.4c0-2,1.7-3.7,3.7-3.7H10V7.2H8.4c-2.9,0-5.2,2.3-5.2,5.2,0,2.9,2.3,5.2,5.2,5.2H10v-1.5H8.4c-2,0-3.7-1.7-3.7-3.7zm4.6.9h5.3v-1.5H9.3v1.5z\"><\/path><\/svg><span class=\"wp-block-social-link-label\">Outros<\/span><\/a><\/li><\/ul>\n\n\n\n<p>&#8220;Arapiuns&#8221;, &#8220;Porrada na macaxeira&#8221;, &#8220;Inderer\u00e9&#8221;, e &#8220;Roda&#8221; s\u00e3o composi\u00e7\u00f5es de F\u00e1bio Cavalcante, baseadas em temas tradicionais do oeste paraense. &#8220;Glorioso S\u00e3o Jo\u00e3o&#8221;, &#8220;Umga vumba&#8221;, &#8220;Marcha dos pretos&#8221;, &#8220;Valsa do Saracu\u00e1&#8221; e &#8220;Marambir\u00e9&#8221; s\u00e3o de autores desconhecidos, e tamb\u00e9m tradicionais da regi\u00e3o.<\/p>\n\n\n\n<p>As imagens a seguir s\u00e3o de diversas etapas do projeto.<\/p>\n\n\n\n<figure class=\"wp-block-gallery has-nested-images columns-default is-cropped wp-block-gallery-1 is-layout-flex wp-block-gallery-is-layout-flex\">\n<figure class=\"wp-block-image size-large\"><a href=\"https:\/\/fabiocavalcante.com\/blog\/wp-content\/uploads\/2022\/06\/mdpfs-fotos-chicomalta.jpg\"><img loading=\"lazy\" decoding=\"async\" width=\"360\" height=\"500\" data-id=\"3021\" src=\"https:\/\/fabiocavalcante.com\/blog\/wp-content\/uploads\/2022\/06\/mdpfs-fotos-chicomalta.jpg\" alt=\"\" class=\"wp-image-3021\" srcset=\"https:\/\/fabiocavalcante.com\/blog\/wp-content\/uploads\/2022\/06\/mdpfs-fotos-chicomalta.jpg 360w, https:\/\/fabiocavalcante.com\/blog\/wp-content\/uploads\/2022\/06\/mdpfs-fotos-chicomalta-216x300.jpg 216w\" sizes=\"auto, (max-width: 360px) 100vw, 360px\" \/><\/a><figcaption class=\"wp-element-caption\">Chico Malta<\/figcaption><\/figure>\n\n\n\n<figure class=\"wp-block-image size-large\"><a href=\"https:\/\/fabiocavalcante.com\/blog\/wp-content\/uploads\/2022\/06\/mdpfs-fotos-joaquim1.jpg\"><img loading=\"lazy\" decoding=\"async\" width=\"500\" height=\"375\" data-id=\"3022\" src=\"https:\/\/fabiocavalcante.com\/blog\/wp-content\/uploads\/2022\/06\/mdpfs-fotos-joaquim1.jpg\" alt=\"\" class=\"wp-image-3022\" srcset=\"https:\/\/fabiocavalcante.com\/blog\/wp-content\/uploads\/2022\/06\/mdpfs-fotos-joaquim1.jpg 500w, https:\/\/fabiocavalcante.com\/blog\/wp-content\/uploads\/2022\/06\/mdpfs-fotos-joaquim1-300x225.jpg 300w\" sizes=\"auto, (max-width: 500px) 100vw, 500px\" \/><\/a><figcaption class=\"wp-element-caption\">Joaquim Marinho e Hermenegildo Nunes<\/figcaption><\/figure>\n\n\n\n<figure class=\"wp-block-image size-large\"><a href=\"https:\/\/fabiocavalcante.com\/blog\/wp-content\/uploads\/2022\/06\/mdpfs-fotos-joaquim2.jpg\"><img loading=\"lazy\" decoding=\"async\" width=\"500\" height=\"375\" data-id=\"3023\" src=\"https:\/\/fabiocavalcante.com\/blog\/wp-content\/uploads\/2022\/06\/mdpfs-fotos-joaquim2.jpg\" alt=\"\" class=\"wp-image-3023\" srcset=\"https:\/\/fabiocavalcante.com\/blog\/wp-content\/uploads\/2022\/06\/mdpfs-fotos-joaquim2.jpg 500w, https:\/\/fabiocavalcante.com\/blog\/wp-content\/uploads\/2022\/06\/mdpfs-fotos-joaquim2-300x225.jpg 300w\" sizes=\"auto, (max-width: 500px) 100vw, 500px\" \/><\/a><figcaption class=\"wp-element-caption\">Joaquim Marinho e Hermenegildo Nunes<\/figcaption><\/figure>\n\n\n\n<figure class=\"wp-block-image size-large\"><a href=\"https:\/\/fabiocavalcante.com\/blog\/wp-content\/uploads\/2022\/06\/mdpfs-fotos-laurimarleal.jpg\"><img loading=\"lazy\" decoding=\"async\" width=\"500\" height=\"375\" data-id=\"3024\" src=\"https:\/\/fabiocavalcante.com\/blog\/wp-content\/uploads\/2022\/06\/mdpfs-fotos-laurimarleal.jpg\" alt=\"\" class=\"wp-image-3024\" srcset=\"https:\/\/fabiocavalcante.com\/blog\/wp-content\/uploads\/2022\/06\/mdpfs-fotos-laurimarleal.jpg 500w, https:\/\/fabiocavalcante.com\/blog\/wp-content\/uploads\/2022\/06\/mdpfs-fotos-laurimarleal-300x225.jpg 300w\" sizes=\"auto, (max-width: 500px) 100vw, 500px\" \/><\/a><figcaption class=\"wp-element-caption\">Laurimar Leal<\/figcaption><\/figure>\n\n\n\n<figure class=\"wp-block-image size-large\"><a href=\"https:\/\/fabiocavalcante.com\/blog\/wp-content\/uploads\/2022\/06\/mdpfs-fotos-saire1.jpg\"><img loading=\"lazy\" decoding=\"async\" width=\"500\" height=\"375\" data-id=\"3025\" src=\"https:\/\/fabiocavalcante.com\/blog\/wp-content\/uploads\/2022\/06\/mdpfs-fotos-saire1.jpg\" alt=\"\" class=\"wp-image-3025\" srcset=\"https:\/\/fabiocavalcante.com\/blog\/wp-content\/uploads\/2022\/06\/mdpfs-fotos-saire1.jpg 500w, https:\/\/fabiocavalcante.com\/blog\/wp-content\/uploads\/2022\/06\/mdpfs-fotos-saire1-300x225.jpg 300w\" sizes=\"auto, (max-width: 500px) 100vw, 500px\" \/><\/a><figcaption class=\"wp-element-caption\">Espanta-c\u00e3o (Sair\u00e9 2010, Alter-do-Ch\u00e3o)<\/figcaption><\/figure>\n\n\n\n<figure class=\"wp-block-image size-large\"><a href=\"https:\/\/fabiocavalcante.com\/blog\/wp-content\/uploads\/2022\/06\/mdpfs-fotos-saire2.jpg\"><img loading=\"lazy\" decoding=\"async\" width=\"500\" height=\"375\" data-id=\"3026\" src=\"https:\/\/fabiocavalcante.com\/blog\/wp-content\/uploads\/2022\/06\/mdpfs-fotos-saire2.jpg\" alt=\"\" class=\"wp-image-3026\" srcset=\"https:\/\/fabiocavalcante.com\/blog\/wp-content\/uploads\/2022\/06\/mdpfs-fotos-saire2.jpg 500w, https:\/\/fabiocavalcante.com\/blog\/wp-content\/uploads\/2022\/06\/mdpfs-fotos-saire2-300x225.jpg 300w\" sizes=\"auto, (max-width: 500px) 100vw, 500px\" \/><\/a><figcaption class=\"wp-element-caption\">Espanta-c\u00e3o (Sair\u00e9 2010, Alter-do-Ch\u00e3o)<\/figcaption><\/figure>\n\n\n\n<figure class=\"wp-block-image size-large\"><a href=\"https:\/\/fabiocavalcante.com\/blog\/wp-content\/uploads\/2022\/06\/mdpfs-fotos-saire3.jpg\"><img loading=\"lazy\" decoding=\"async\" width=\"500\" height=\"375\" data-id=\"3027\" src=\"https:\/\/fabiocavalcante.com\/blog\/wp-content\/uploads\/2022\/06\/mdpfs-fotos-saire3.jpg\" alt=\"\" class=\"wp-image-3027\" srcset=\"https:\/\/fabiocavalcante.com\/blog\/wp-content\/uploads\/2022\/06\/mdpfs-fotos-saire3.jpg 500w, https:\/\/fabiocavalcante.com\/blog\/wp-content\/uploads\/2022\/06\/mdpfs-fotos-saire3-300x225.jpg 300w\" sizes=\"auto, (max-width: 500px) 100vw, 500px\" \/><\/a><figcaption class=\"wp-element-caption\">Espanta-c\u00e3o (Sair\u00e9 2010, Alter-do-Ch\u00e3o)<\/figcaption><\/figure>\n\n\n\n<figure class=\"wp-block-image size-large\"><a href=\"https:\/\/fabiocavalcante.com\/blog\/wp-content\/uploads\/2022\/06\/mdpfs-fotos-saire4.jpg\"><img loading=\"lazy\" decoding=\"async\" width=\"500\" height=\"375\" data-id=\"3028\" src=\"https:\/\/fabiocavalcante.com\/blog\/wp-content\/uploads\/2022\/06\/mdpfs-fotos-saire4.jpg\" alt=\"\" class=\"wp-image-3028\" srcset=\"https:\/\/fabiocavalcante.com\/blog\/wp-content\/uploads\/2022\/06\/mdpfs-fotos-saire4.jpg 500w, https:\/\/fabiocavalcante.com\/blog\/wp-content\/uploads\/2022\/06\/mdpfs-fotos-saire4-300x225.jpg 300w\" sizes=\"auto, (max-width: 500px) 100vw, 500px\" \/><\/a><figcaption class=\"wp-element-caption\">Espanta-c\u00e3o (Sair\u00e9 2010, Alter-do-Ch\u00e3o)<\/figcaption><\/figure>\n\n\n\n<figure class=\"wp-block-image size-large\"><a href=\"https:\/\/fabiocavalcante.com\/blog\/wp-content\/uploads\/2022\/06\/mdpfs-fotos-saire5.jpg\"><img loading=\"lazy\" decoding=\"async\" width=\"500\" height=\"375\" data-id=\"3029\" src=\"https:\/\/fabiocavalcante.com\/blog\/wp-content\/uploads\/2022\/06\/mdpfs-fotos-saire5.jpg\" alt=\"\" class=\"wp-image-3029\" srcset=\"https:\/\/fabiocavalcante.com\/blog\/wp-content\/uploads\/2022\/06\/mdpfs-fotos-saire5.jpg 500w, https:\/\/fabiocavalcante.com\/blog\/wp-content\/uploads\/2022\/06\/mdpfs-fotos-saire5-300x225.jpg 300w\" sizes=\"auto, (max-width: 500px) 100vw, 500px\" \/><\/a><figcaption class=\"wp-element-caption\">Espanta-c\u00e3o (Sair\u00e9 2010, Alter-do-Ch\u00e3o)<\/figcaption><\/figure>\n\n\n\n<figure class=\"wp-block-image size-large\"><a href=\"https:\/\/fabiocavalcante.com\/blog\/wp-content\/uploads\/2022\/06\/mdpfs-fotos-saracura1.jpg\"><img loading=\"lazy\" decoding=\"async\" width=\"500\" height=\"375\" data-id=\"3030\" src=\"https:\/\/fabiocavalcante.com\/blog\/wp-content\/uploads\/2022\/06\/mdpfs-fotos-saracura1.jpg\" alt=\"\" class=\"wp-image-3030\" srcset=\"https:\/\/fabiocavalcante.com\/blog\/wp-content\/uploads\/2022\/06\/mdpfs-fotos-saracura1.jpg 500w, https:\/\/fabiocavalcante.com\/blog\/wp-content\/uploads\/2022\/06\/mdpfs-fotos-saracura1-300x225.jpg 300w\" sizes=\"auto, (max-width: 500px) 100vw, 500px\" \/><\/a><figcaption class=\"wp-element-caption\">Saracura<\/figcaption><\/figure>\n\n\n\n<figure class=\"wp-block-image size-large\"><a href=\"https:\/\/fabiocavalcante.com\/blog\/wp-content\/uploads\/2022\/06\/mdpfs-fotos-saracura2.jpg\"><img loading=\"lazy\" decoding=\"async\" width=\"500\" height=\"375\" data-id=\"3031\" src=\"https:\/\/fabiocavalcante.com\/blog\/wp-content\/uploads\/2022\/06\/mdpfs-fotos-saracura2.jpg\" alt=\"\" class=\"wp-image-3031\" srcset=\"https:\/\/fabiocavalcante.com\/blog\/wp-content\/uploads\/2022\/06\/mdpfs-fotos-saracura2.jpg 500w, https:\/\/fabiocavalcante.com\/blog\/wp-content\/uploads\/2022\/06\/mdpfs-fotos-saracura2-300x225.jpg 300w\" sizes=\"auto, (max-width: 500px) 100vw, 500px\" \/><\/a><figcaption class=\"wp-element-caption\">Saracura<\/figcaption><\/figure>\n<\/figure>\n\n\n\n<p>No hotsite do projeto &#8211; <a href=\"http:\/\/www.fabiocavalcante.com\/folcloresantareno\/\" target=\"_blank\" rel=\"noreferrer noopener\">http:\/\/www.fabiocavalcante.com\/folcloresantareno\/<\/a> &#8211; tamb\u00e9m est\u00e3o dispon\u00edveis todo o material apresentado nessa postagem.<\/p>\n\n\n\n<div style=\"height:25px\" aria-hidden=\"true\" class=\"wp-block-spacer\"><\/div>\n\n\n\n<h6 class=\"wp-block-heading\">Atualiza\u00e7\u00e3o em 11 de novembro de 2011<\/h6>\n\n\n\n<figure class=\"wp-block-image size-full\"><img loading=\"lazy\" decoding=\"async\" width=\"800\" height=\"600\" src=\"https:\/\/fabiocavalcante.com\/blog\/wp-content\/uploads\/2012\/01\/mdpfs_chegaram.jpeg\" alt=\"\" class=\"wp-image-54\" srcset=\"https:\/\/fabiocavalcante.com\/blog\/wp-content\/uploads\/2012\/01\/mdpfs_chegaram.jpeg 800w, https:\/\/fabiocavalcante.com\/blog\/wp-content\/uploads\/2012\/01\/mdpfs_chegaram-300x225.jpeg 300w, https:\/\/fabiocavalcante.com\/blog\/wp-content\/uploads\/2012\/01\/mdpfs_chegaram-768x576.jpeg 768w\" sizes=\"auto, (max-width: 800px) 100vw, 800px\" \/><\/figure>\n\n\n\n<p>\u00d4\u00f4baaaa! Chegaram em casa os\u00a0<a href=\"http:\/\/www.fabiocavalcante.com\/folcloresantareno\/disco.html\" target=\"_blank\" rel=\"noreferrer noopener\">discos com a Filarm\u00f4nica de Santar\u00e9m<\/a>! :))))))<\/p>\n","protected":false},"excerpt":{"rendered":"<p>Aqui est\u00e1 o material produzido no projeto \u201cM\u00fasicas de Dom\u00ednio P\u00fablico do Folclore Santareno\u201d, que fiz com apoio da Bolsa de Pesquisa, Experimenta\u00e7\u00e3o e Cria\u00e7\u00e3o Art\u00edstica 2010, do&nbsp;IAP (Instituto de Artes do Par\u00e1). O trabalho contou com projeto gr\u00e1fico de&nbsp;Luciana Leal, e resultou na transcri\u00e7\u00e3o, a partir de entrevistas, de partituras de m\u00fasicas folcl\u00f3ricas da [&hellip;]<\/p>\n","protected":false},"author":1,"featured_media":0,"comment_status":"open","ping_status":"open","sticky":false,"template":"","format":"standard","meta":{"footnotes":""},"categories":[3,2,4],"tags":[28,54,17,32],"class_list":["post-208","post","type-post","status-publish","format-standard","hentry","category-folclore","category-musicas-audios","category-partituras","tag-album","tag-chico-malta","tag-folclore-paraense","tag-santarem"],"_links":{"self":[{"href":"https:\/\/fabiocavalcante.com\/blog\/wp-json\/wp\/v2\/posts\/208","targetHints":{"allow":["GET"]}}],"collection":[{"href":"https:\/\/fabiocavalcante.com\/blog\/wp-json\/wp\/v2\/posts"}],"about":[{"href":"https:\/\/fabiocavalcante.com\/blog\/wp-json\/wp\/v2\/types\/post"}],"author":[{"embeddable":true,"href":"https:\/\/fabiocavalcante.com\/blog\/wp-json\/wp\/v2\/users\/1"}],"replies":[{"embeddable":true,"href":"https:\/\/fabiocavalcante.com\/blog\/wp-json\/wp\/v2\/comments?post=208"}],"version-history":[{"count":30,"href":"https:\/\/fabiocavalcante.com\/blog\/wp-json\/wp\/v2\/posts\/208\/revisions"}],"predecessor-version":[{"id":4873,"href":"https:\/\/fabiocavalcante.com\/blog\/wp-json\/wp\/v2\/posts\/208\/revisions\/4873"}],"wp:attachment":[{"href":"https:\/\/fabiocavalcante.com\/blog\/wp-json\/wp\/v2\/media?parent=208"}],"wp:term":[{"taxonomy":"category","embeddable":true,"href":"https:\/\/fabiocavalcante.com\/blog\/wp-json\/wp\/v2\/categories?post=208"},{"taxonomy":"post_tag","embeddable":true,"href":"https:\/\/fabiocavalcante.com\/blog\/wp-json\/wp\/v2\/tags?post=208"}],"curies":[{"name":"wp","href":"https:\/\/api.w.org\/{rel}","templated":true}]}}