{"id":209,"date":"2010-09-23T18:17:00","date_gmt":"2010-09-23T18:17:00","guid":{"rendered":"http:\/\/fabiocavalcante.com\/blog\/?p=209"},"modified":"2025-05-29T03:21:52","modified_gmt":"2025-05-29T03:21:52","slug":"saire-2010-folias-e-ladainha","status":"publish","type":"post","link":"https:\/\/fabiocavalcante.com\/blog\/saire-2010-folias-e-ladainha\/","title":{"rendered":"Sair\u00e9 2010 &#8211; Folias e ladainha"},"content":{"rendered":"\n<p>Os audios e v\u00eddeos desta postagem foram gravados em 9 de setembro, dia da abertura das festividades do Sair\u00e9, na vila de Alter-do-ch\u00e3o (Santar\u00e9m-PA). Os foli\u00f5es do grupo Espanta-c\u00e3o, comandados por Mestre Servito, tocaram pela manh\u00e3, na prociss\u00e3o, e \u00e0 noite, no Barrac\u00e3o.<\/p>\n\n\n\n<figure class=\"wp-block-image aligncenter size-large\"><img loading=\"lazy\" decoding=\"async\" width=\"400\" height=\"298\" src=\"https:\/\/fabiocavalcante.com\/blog\/wp-content\/uploads\/2010\/09\/BlogFGC58_barracao.jpg\" alt=\"Barrac\u00e3o do Sair\u00e9\" class=\"wp-image-317\" srcset=\"https:\/\/fabiocavalcante.com\/blog\/wp-content\/uploads\/2010\/09\/BlogFGC58_barracao.jpg 400w, https:\/\/fabiocavalcante.com\/blog\/wp-content\/uploads\/2010\/09\/BlogFGC58_barracao-300x224.jpg 300w\" sizes=\"auto, (max-width: 400px) 100vw, 400px\" \/><figcaption class=\"wp-element-caption\">Barrac\u00e3o do Sair\u00e9<\/figcaption><\/figure>\n\n\n\n<p>A primeira faixa a seguir foi gravada pela manh\u00e3, durante a caminhada com os mastros do Ju\u00edz e da ju\u00edza, levados da Praia do Cajueiro at\u00e9 a Pra\u00e7a do Sair\u00e9, para serem levantados. As tr\u00eas faixas seguintes s\u00e3o da tocada no barracao, \u00e0 noite. Gravados na rua e na pra\u00e7a, os \u00e1udios t\u00eam os ru\u00eddos desses ambientes. Se quiser baixar os musicas em um \u00fanico arquivo, clique&nbsp;<a href=\"https:\/\/archive.org\/compress\/EspantaCao2010FolcloreSantareno\/formats=320KBPS%20MP3,JPEG\" target=\"_blank\" rel=\"noreferrer noopener\">aqui<\/a>.<\/p>\n\n\n\n<p><iframe loading=\"lazy\" src=\"https:\/\/archive.org\/embed\/EspantaCao2010FolcloreSantareno&amp;playlist=1\" width=\"500\" height=\"110\" frameborder=\"0\" webkitallowfullscreen=\"true\" mozallowfullscreen=\"true\" allowfullscreen=\"\"><\/iframe><\/p>\n\n\n\n<p>Confira abaixo o registro em v\u00eddeo de duas folias: \u201cGlorioso S\u00e3o Jo\u00e3o\u201d e \u201cSempre louvemos de noite e de dia\u201d. Esta \u00faltima, tocada na hora do \u201cBeija Santo\u201d, quando a Ju\u00edza do Sair\u00e9 oferece a imagem do Divino para ser reverenciada e beijada pelos presentes.<\/p>\n\n\n\n<figure class=\"wp-block-embed is-type-video is-provider-youtube wp-block-embed-youtube wp-embed-aspect-4-3 wp-has-aspect-ratio\"><div class=\"wp-block-embed__wrapper\">\n<iframe loading=\"lazy\" title=\"Glorioso S\u00e3o Jo\u00e3o - Foli\u00f5es do Sair\u00e9 (Alter-do-ch\u00e3o\/PA, 2010) [M\u00fasicas do Folclore Santareno #1]\" width=\"500\" height=\"375\" src=\"https:\/\/www.youtube.com\/embed\/ZHg0o615UlM?feature=oembed\" frameborder=\"0\" allow=\"accelerometer; autoplay; clipboard-write; encrypted-media; gyroscope; picture-in-picture; web-share\" referrerpolicy=\"strict-origin-when-cross-origin\" allowfullscreen><\/iframe>\n<\/div><\/figure>\n\n\n\n<figure class=\"wp-block-embed is-type-video is-provider-youtube wp-block-embed-youtube wp-embed-aspect-4-3 wp-has-aspect-ratio\"><div class=\"wp-block-embed__wrapper\">\n<iframe loading=\"lazy\" title=\"Sempre louvemos de noite e de dia - Foli\u00f5es do Sair\u00e9 [M\u00fasicas do Folclore Santareno #2]\" width=\"500\" height=\"375\" src=\"https:\/\/www.youtube.com\/embed\/abxZ54LKpBk?feature=oembed\" frameborder=\"0\" allow=\"accelerometer; autoplay; clipboard-write; encrypted-media; gyroscope; picture-in-picture; web-share\" referrerpolicy=\"strict-origin-when-cross-origin\" allowfullscreen><\/iframe>\n<\/div><\/figure>\n","protected":false},"excerpt":{"rendered":"<p>Os audios e v\u00eddeos desta postagem foram gravados em 9 de setembro, dia da abertura das festividades do Sair\u00e9, na vila de Alter-do-ch\u00e3o (Santar\u00e9m-PA). Os foli\u00f5es do grupo Espanta-c\u00e3o, comandados por Mestre Servito, tocaram pela manh\u00e3, na prociss\u00e3o, e \u00e0 noite, no Barrac\u00e3o. A primeira faixa a seguir foi gravada pela manh\u00e3, durante a caminhada [&hellip;]<\/p>\n","protected":false},"author":1,"featured_media":0,"comment_status":"open","ping_status":"open","sticky":false,"template":"","format":"standard","meta":{"footnotes":""},"categories":[3,2,5],"tags":[31,17,32],"class_list":["post-209","post","type-post","status-publish","format-standard","hentry","category-folclore","category-musicas-audios","category-videos","tag-ao-vivo","tag-folclore-paraense","tag-santarem"],"_links":{"self":[{"href":"https:\/\/fabiocavalcante.com\/blog\/wp-json\/wp\/v2\/posts\/209","targetHints":{"allow":["GET"]}}],"collection":[{"href":"https:\/\/fabiocavalcante.com\/blog\/wp-json\/wp\/v2\/posts"}],"about":[{"href":"https:\/\/fabiocavalcante.com\/blog\/wp-json\/wp\/v2\/types\/post"}],"author":[{"embeddable":true,"href":"https:\/\/fabiocavalcante.com\/blog\/wp-json\/wp\/v2\/users\/1"}],"replies":[{"embeddable":true,"href":"https:\/\/fabiocavalcante.com\/blog\/wp-json\/wp\/v2\/comments?post=209"}],"version-history":[{"count":9,"href":"https:\/\/fabiocavalcante.com\/blog\/wp-json\/wp\/v2\/posts\/209\/revisions"}],"predecessor-version":[{"id":4297,"href":"https:\/\/fabiocavalcante.com\/blog\/wp-json\/wp\/v2\/posts\/209\/revisions\/4297"}],"wp:attachment":[{"href":"https:\/\/fabiocavalcante.com\/blog\/wp-json\/wp\/v2\/media?parent=209"}],"wp:term":[{"taxonomy":"category","embeddable":true,"href":"https:\/\/fabiocavalcante.com\/blog\/wp-json\/wp\/v2\/categories?post=209"},{"taxonomy":"post_tag","embeddable":true,"href":"https:\/\/fabiocavalcante.com\/blog\/wp-json\/wp\/v2\/tags?post=209"}],"curies":[{"name":"wp","href":"https:\/\/api.w.org\/{rel}","templated":true}]}}