{"id":210,"date":"2010-07-25T20:20:00","date_gmt":"2010-07-25T20:20:00","guid":{"rendered":"http:\/\/fabiocavalcante.com\/blog\/?p=210"},"modified":"2025-05-31T01:37:59","modified_gmt":"2025-05-31T01:37:59","slug":"chico-malta-no-estudio-livre-do-puraque","status":"publish","type":"post","link":"https:\/\/fabiocavalcante.com\/blog\/chico-malta-no-estudio-livre-do-puraque\/","title":{"rendered":"Chico Malta no Est\u00fadio Livre do Puraqu\u00e9"},"content":{"rendered":"\n<p>Durante o m\u00eas de junho gravei pelo Est\u00fadio Livre do Coletivo Puraqu\u00e9, de Santar\u00e9m, 10 m\u00fasicas do compositor santareno Chico Malta. \u00c9 um repert\u00f3rio tem\u00e1tico, formado por can\u00e7\u00f5es que falam das lendas amaz\u00f4nicas, como a Vit\u00f3ria-r\u00e9gia, o Tamba-taj\u00e1, a Boi\u00fana e o Muiraquit\u00e3. O Chico, que canta e toca o viol\u00e3o nessas grava\u00e7\u00f5es, foi acompanhado por Helder Gama \u201cCatacra\u201d nas percuss\u00f5es, Milady France Eremita Feitosa, no&nbsp;<em>backing vocal<\/em>, e por mim no viol\u00e3o solo, flauta doce (nas faixas 7, 8 e 9), e baixo (na faixa 10). Ou\u00e7a abaixo as m\u00fasicas gravadas.<\/p>\n\n\n\n<p><iframe loading=\"lazy\" src=\"https:\/\/archive.org\/embed\/ChicoMaltaNoEstdioLivreDoPuraqu&amp;playlist=1\" width=\"500\" height=\"230\" frameborder=\"0\" allowfullscreen=\"allowfullscreen\"><\/iframe><\/p>\n\n\n\n<p>Pra baixar o disco, clique&nbsp;<a href=\"https:\/\/archive.org\/compress\/ChicoMaltaNoEstdioLivreDoPuraqu\/formats=192KBPS%20MP3,JPEG\" target=\"_blank\" rel=\"noreferrer noopener\">aqui<\/a>.<\/p>\n\n\n\n<p>A publica\u00e7\u00e3o do \u00e1lbum no YouTube cem com letras e cifras. Por sinal, a arte da capa de Luciana Leal foi feita especialmente para esta publica\u00e7\u00e3o em v\u00eddeo.<\/p>\n\n\n\n<figure class=\"wp-block-embed is-type-video is-provider-youtube wp-block-embed-youtube wp-embed-aspect-16-9 wp-has-aspect-ratio\"><div class=\"wp-block-embed__wrapper\">\n<iframe loading=\"lazy\" title=\"Nas Entranhas da Selva - Chico Malta (FGC Produ\u00e7\u00f5es, 2010)\" width=\"500\" height=\"281\" src=\"https:\/\/www.youtube.com\/embed\/N5qI0wQwBK4?feature=oembed\" frameborder=\"0\" allow=\"accelerometer; autoplay; clipboard-write; encrypted-media; gyroscope; picture-in-picture; web-share\" referrerpolicy=\"strict-origin-when-cross-origin\" allowfullscreen><\/iframe>\n<\/div><\/figure>\n\n\n\n<p>Pra conhecer mais sobre o Chico Malta, assista o v\u00eddeo a seguir, com uma entrevista gravada na orla da vila de Alter-de-ch\u00e3o, onde ele mora. O v\u00eddeo est\u00e1 dividido em duas partes.<\/p>\n\n\n\n<figure class=\"wp-block-embed is-type-video is-provider-youtube wp-block-embed-youtube wp-embed-aspect-4-3 wp-has-aspect-ratio\"><div class=\"wp-block-embed__wrapper\">\n<iframe loading=\"lazy\" title=\"Chico Malta, pt. 1 (Document\u00e1rio curta-metragem do Est\u00fadio Livre do Puraqu\u00e9 - M\u00fasicos Santarenos #1)\" width=\"500\" height=\"375\" src=\"https:\/\/www.youtube.com\/embed\/Rx3sgItXxsE?feature=oembed\" frameborder=\"0\" allow=\"accelerometer; autoplay; clipboard-write; encrypted-media; gyroscope; picture-in-picture; web-share\" referrerpolicy=\"strict-origin-when-cross-origin\" allowfullscreen><\/iframe>\n<\/div><\/figure>\n\n\n\n<figure class=\"wp-block-embed is-type-video is-provider-youtube wp-block-embed-youtube wp-embed-aspect-4-3 wp-has-aspect-ratio\"><div class=\"wp-block-embed__wrapper\">\n<iframe loading=\"lazy\" title=\"Chico Malta, pt. 2 (Document\u00e1rio curta-metragem do Est\u00fadio Livre do Puraqu\u00e9 - M\u00fasicos Santarenos #2)\" width=\"500\" height=\"375\" src=\"https:\/\/www.youtube.com\/embed\/pP1IiGKeVY4?feature=oembed\" frameborder=\"0\" allow=\"accelerometer; autoplay; clipboard-write; encrypted-media; gyroscope; picture-in-picture; web-share\" referrerpolicy=\"strict-origin-when-cross-origin\" allowfullscreen><\/iframe>\n<\/div><\/figure>\n\n\n\n<p>A seguir est\u00e1 o <em>songbook<\/em> com partituras, letras e cifras de todas as m\u00fasicas do disco. Aproveite. E viva Mestre Chico Malta!<\/p>\n\n\n\n<div class=\"wp-block-columns has-light-gray-background-color has-background is-layout-flex wp-container-core-columns-is-layout-28f84493 wp-block-columns-is-layout-flex\" style=\"border-top-color:var(--wp--preset--color--accent-6);border-top-width:1px;border-bottom-color:var(--wp--preset--color--accent-6);border-bottom-width:1px\">\n<div class=\"wp-block-column is-layout-flow wp-block-column-is-layout-flow\" style=\"flex-basis:33.33%\">\n<figure class=\"wp-block-image size-full has-custom-border\"><a href=\"https:\/\/archive.org\/download\/CadernosDePartiturasDoColetivoPuraqu\/ColetivoPuraque_ChicoMaltaCadernoDePartituras.pdf\" target=\"_blank\" rel=\"noopener\"><img loading=\"lazy\" decoding=\"async\" width=\"250\" height=\"354\" src=\"https:\/\/fabiocavalcante.com\/blog\/wp-content\/uploads\/2023\/04\/ChicoMaltanoEstudioLivre-capa.jpg\" alt=\"\" class=\"has-border-color has-accent-6-border-color wp-image-3693\" style=\"border-width:1px\" srcset=\"https:\/\/fabiocavalcante.com\/blog\/wp-content\/uploads\/2023\/04\/ChicoMaltanoEstudioLivre-capa.jpg 250w, https:\/\/fabiocavalcante.com\/blog\/wp-content\/uploads\/2023\/04\/ChicoMaltanoEstudioLivre-capa-212x300.jpg 212w\" sizes=\"auto, (max-width: 250px) 100vw, 250px\" \/><\/a><\/figure>\n<\/div>\n\n\n\n<div class=\"wp-block-column is-layout-flow wp-block-column-is-layout-flow\" style=\"flex-basis:66.66%\">\n<pre class=\"wp-block-preformatted\"><strong><a href=\"https:\/\/archive.org\/download\/CadernosDePartiturasDoColetivoPuraqu\/ColetivoPuraque_ChicoMaltaCadernoDePartituras.pdf\" target=\"_blank\" rel=\"noreferrer noopener nofollow\">Chico Malta no Est\u00fadio Livre do Coletivo Puraqu\u00e9<\/a><\/strong> (<em>2010, Santar\u00e9m, Par\u00e1<\/em>). Livro de partituras com as 10 m\u00fasicas do compositor santareno Chico Malta, gravadas no disco \u201cNas entranhas da selva\u201d.<\/pre>\n\n\n\n<figure class=\"wp-block-image size-full is-resized\"><a href=\"https:\/\/archive.org\/download\/CadernosDePartiturasDoColetivoPuraqu\/ColetivoPuraque_ChicoMaltaCadernoDePartituras.pdf\" target=\"_blank\" rel=\" noreferrer noopener\"><img loading=\"lazy\" decoding=\"async\" width=\"178\" height=\"173\" src=\"https:\/\/fabiocavalcante.com\/blog\/wp-content\/uploads\/2017\/12\/Icon-Download.png\" alt=\"\" class=\"wp-image-2669\" style=\"width:70px\"\/><\/a><\/figure>\n<\/div>\n<\/div>\n\n\n\n<figure class=\"wp-block-image size-large is-style-default\"><img loading=\"lazy\" decoding=\"async\" width=\"800\" height=\"800\" src=\"https:\/\/fabiocavalcante.com\/blog\/wp-content\/uploads\/2010\/07\/NasEntranhasDaSelva-capa800x800.jpeg\" alt=\"Capa do \u00e1lbum Nas Entranhas da Selva, de Chico Malta\" class=\"wp-image-2473\" srcset=\"https:\/\/fabiocavalcante.com\/blog\/wp-content\/uploads\/2010\/07\/NasEntranhasDaSelva-capa800x800.jpeg 800w, https:\/\/fabiocavalcante.com\/blog\/wp-content\/uploads\/2010\/07\/NasEntranhasDaSelva-capa800x800-300x300.jpeg 300w, https:\/\/fabiocavalcante.com\/blog\/wp-content\/uploads\/2010\/07\/NasEntranhasDaSelva-capa800x800-150x150.jpeg 150w, https:\/\/fabiocavalcante.com\/blog\/wp-content\/uploads\/2010\/07\/NasEntranhasDaSelva-capa800x800-768x768.jpeg 768w\" sizes=\"auto, (max-width: 800px) 100vw, 800px\" \/><figcaption class=\"wp-element-caption\">Arte de Luciana Leal<\/figcaption><\/figure>\n","protected":false},"excerpt":{"rendered":"<p>Durante o m\u00eas de junho gravei pelo Est\u00fadio Livre do Coletivo Puraqu\u00e9, de Santar\u00e9m, 10 m\u00fasicas do compositor santareno Chico Malta. \u00c9 um repert\u00f3rio tem\u00e1tico, formado por can\u00e7\u00f5es que falam das lendas amaz\u00f4nicas, como a Vit\u00f3ria-r\u00e9gia, o Tamba-taj\u00e1, a Boi\u00fana e o Muiraquit\u00e3. O Chico, que canta e toca o viol\u00e3o nessas grava\u00e7\u00f5es, foi acompanhado [&hellip;]<\/p>\n","protected":false},"author":1,"featured_media":698,"comment_status":"open","ping_status":"open","sticky":false,"template":"","format":"standard","meta":{"footnotes":""},"categories":[3,2,4,5],"tags":[28,54,17,32],"class_list":["post-210","post","type-post","status-publish","format-standard","has-post-thumbnail","hentry","category-folclore","category-musicas-audios","category-partituras","category-videos","tag-album","tag-chico-malta","tag-folclore-paraense","tag-santarem"],"_links":{"self":[{"href":"https:\/\/fabiocavalcante.com\/blog\/wp-json\/wp\/v2\/posts\/210","targetHints":{"allow":["GET"]}}],"collection":[{"href":"https:\/\/fabiocavalcante.com\/blog\/wp-json\/wp\/v2\/posts"}],"about":[{"href":"https:\/\/fabiocavalcante.com\/blog\/wp-json\/wp\/v2\/types\/post"}],"author":[{"embeddable":true,"href":"https:\/\/fabiocavalcante.com\/blog\/wp-json\/wp\/v2\/users\/1"}],"replies":[{"embeddable":true,"href":"https:\/\/fabiocavalcante.com\/blog\/wp-json\/wp\/v2\/comments?post=210"}],"version-history":[{"count":16,"href":"https:\/\/fabiocavalcante.com\/blog\/wp-json\/wp\/v2\/posts\/210\/revisions"}],"predecessor-version":[{"id":4618,"href":"https:\/\/fabiocavalcante.com\/blog\/wp-json\/wp\/v2\/posts\/210\/revisions\/4618"}],"wp:featuredmedia":[{"embeddable":true,"href":"https:\/\/fabiocavalcante.com\/blog\/wp-json\/wp\/v2\/media\/698"}],"wp:attachment":[{"href":"https:\/\/fabiocavalcante.com\/blog\/wp-json\/wp\/v2\/media?parent=210"}],"wp:term":[{"taxonomy":"category","embeddable":true,"href":"https:\/\/fabiocavalcante.com\/blog\/wp-json\/wp\/v2\/categories?post=210"},{"taxonomy":"post_tag","embeddable":true,"href":"https:\/\/fabiocavalcante.com\/blog\/wp-json\/wp\/v2\/tags?post=210"}],"curies":[{"name":"wp","href":"https:\/\/api.w.org\/{rel}","templated":true}]}}