{"id":212,"date":"2010-05-27T23:53:00","date_gmt":"2010-05-27T23:53:00","guid":{"rendered":"http:\/\/fabiocavalcante.com\/blog\/?p=212"},"modified":"2025-05-31T01:38:51","modified_gmt":"2025-05-31T01:38:51","slug":"nossas-lembrancas-no-estudio-livre-do-puraque","status":"publish","type":"post","link":"https:\/\/fabiocavalcante.com\/blog\/nossas-lembrancas-no-estudio-livre-do-puraque\/","title":{"rendered":"Nossas Lembran\u00e7as no Est\u00fadio Livre do Puraqu\u00e9"},"content":{"rendered":"\n<figure class=\"wp-block-image aligncenter size-large is-style-default\"><img loading=\"lazy\" decoding=\"async\" width=\"600\" height=\"360\" src=\"https:\/\/fabiocavalcante.com\/blog\/wp-content\/uploads\/2010\/05\/nossaslembrancas.jpg\" alt=\"Quarteto Nossas Lembran\u00e7as, com violino, atabaque, banjo e percuss\u00e3o, em Santar\u00e9m, Par\u00e1.\" class=\"wp-image-388\" srcset=\"https:\/\/fabiocavalcante.com\/blog\/wp-content\/uploads\/2010\/05\/nossaslembrancas.jpg 600w, https:\/\/fabiocavalcante.com\/blog\/wp-content\/uploads\/2010\/05\/nossaslembrancas-300x180.jpg 300w\" sizes=\"auto, (max-width: 600px) 100vw, 600px\" \/><figcaption class=\"wp-element-caption\">Nossas Lembran\u00e7as<\/figcaption><\/figure>\n\n\n\n<p>J\u00e1 est\u00e1 em atividade o Est\u00fadio Livre do Coletivo Puraqu\u00e9, do qual sou membro desde janeiro deste ano, quando me mudei para a cidade de Santar\u00e9m (PA). A proposta do nosso Est\u00fadio Livre \u00e9 mapear e registar (em \u00e1udio, v\u00eddeo e partituras) os m\u00fasicos e \u201cgri\u00f4s\u201d locais (ou de fora, quando de passagem por aqui), principalmente os que n\u00e3o estejam nos esquemas tradicionais de grava\u00e7\u00e3o e divulga\u00e7\u00e3o. <\/p>\n\n\n\n<p>O projeto estreou com o grupo Nossas Lembran\u00e7as, do bairro do Maracan\u00e3, formado pelos senhores Joaquim Marinho (violino), Hermenegildo Nogueira Pires (viol\u00e3o), Arlindo Sousa dos Santos (afox\u00e9) e Manuel Almeida dos Santos (atabaque). Ou\u00e7a abaixo as m\u00fasicas gravadas.<\/p>\n\n\n\n<p><iframe loading=\"lazy\" src=\"https:\/\/archive.org\/embed\/NossasLembranasNoEstdioLivreDoPuraqu&amp;playlist=1\" width=\"500\" height=\"250\" frameborder=\"0\" allowfullscreen=\"allowfullscreen\"><\/iframe><\/p>\n\n\n\n<p>Para baixar as m\u00fasicas em um \u00fanico arquivo, clique&nbsp;<a href=\"https:\/\/archive.org\/compress\/NossasLembranasNoEstdioLivreDoPuraqu\/formats=192KBPS%20MP3,JPEG\" target=\"_blank\" rel=\"noreferrer noopener\">aqui (arquivo zip)<\/a>. Todas est\u00e3o transcritas neste caderno de partituras dispon\u00edvel gratuitamente.<\/p>\n\n\n\n<div class=\"wp-block-columns has-light-gray-background-color has-background is-layout-flex wp-container-core-columns-is-layout-28f84493 wp-block-columns-is-layout-flex\" style=\"border-top-color:var(--wp--preset--color--accent-6);border-top-width:1px;border-bottom-color:var(--wp--preset--color--accent-6);border-bottom-width:1px\">\n<div class=\"wp-block-column is-layout-flow wp-block-column-is-layout-flow\" style=\"flex-basis:33.33%\">\n<figure class=\"wp-block-image size-full has-custom-border\"><a href=\"https:\/\/archive.org\/download\/CadernosDePartiturasDoColetivoPuraqu\/ColetivoPuraque_NossasLembrancasCadernoDePartituras.pdf\" target=\"_blank\" rel=\"noopener\"><img loading=\"lazy\" decoding=\"async\" width=\"250\" height=\"353\" src=\"https:\/\/fabiocavalcante.com\/blog\/wp-content\/uploads\/2010\/05\/nossaslembrancas_songbook.jpg\" alt=\"\" class=\"has-border-color has-accent-6-border-color wp-image-4585\" style=\"border-width:1px\" srcset=\"https:\/\/fabiocavalcante.com\/blog\/wp-content\/uploads\/2010\/05\/nossaslembrancas_songbook.jpg 250w, https:\/\/fabiocavalcante.com\/blog\/wp-content\/uploads\/2010\/05\/nossaslembrancas_songbook-212x300.jpg 212w\" sizes=\"auto, (max-width: 250px) 100vw, 250px\" \/><\/a><\/figure>\n<\/div>\n\n\n\n<div class=\"wp-block-column is-layout-flow wp-block-column-is-layout-flow\" style=\"flex-basis:66.66%\">\n<pre class=\"wp-block-preformatted\"><strong>Nossas Lembran\u00e7as - Caderno de Partituras<\/strong>&nbsp;(<em>2010, Santar\u00e9m, Par\u00e1<\/em>). Livro com as 11 m\u00fasicas gravadas pelo grupo, em abril de 2010, no est\u00fadio do Coletivo Puraqu\u00e9 de Santar\u00e9m.<\/pre>\n\n\n\n<figure class=\"wp-block-image size-full is-resized\"><a href=\"https:\/\/archive.org\/download\/CadernosDePartiturasDoColetivoPuraqu\/ColetivoPuraque_NossasLembrancasCadernoDePartituras.pdf\" target=\"_blank\" rel=\"noopener\"><img loading=\"lazy\" decoding=\"async\" width=\"178\" height=\"173\" src=\"https:\/\/fabiocavalcante.com\/blog\/wp-content\/uploads\/2017\/12\/Icon-Download.png\" alt=\"\" class=\"wp-image-2669\" style=\"width:70px\"\/><\/a><\/figure>\n<\/div>\n<\/div>\n\n\n\n<p>E no v\u00eddeo a seguir voc\u00ea assiste as entrevistas com o pessoal do \u201cNossas Lembran\u00e7as\u201d e uma tocada da m\u00fasica \u201cMapinguari\u201d (<em>Raimundo Pimentel<\/em>).<\/p>\n\n\n\n<figure class=\"wp-block-embed is-type-video is-provider-youtube wp-block-embed-youtube wp-embed-aspect-4-3 wp-has-aspect-ratio\"><div class=\"wp-block-embed__wrapper\">\n<iframe loading=\"lazy\" title=\"Nossas Lembran\u00e7as (Document\u00e1rio curta-metragem do Est\u00fadio Livre do Puraqu\u00e9 - M\u00fasicos Santarenos #3)\" width=\"500\" height=\"375\" src=\"https:\/\/www.youtube.com\/embed\/u3wrvbq8Si0?feature=oembed\" frameborder=\"0\" allow=\"accelerometer; autoplay; clipboard-write; encrypted-media; gyroscope; picture-in-picture; web-share\" referrerpolicy=\"strict-origin-when-cross-origin\" allowfullscreen><\/iframe>\n<\/div><\/figure>\n\n\n\n<p>A nova sede do Puraqu\u00e9, para onde nos mudamos h\u00e1 pouco mais de um m\u00eas, ainda est\u00e1 em obras, o que deve atrasar o in\u00edcio das pr\u00f3ximas grava\u00e7\u00f5es (que ser\u00e1 com o compositor Chico malta, de Alter-do-ch\u00e3o). A proposta \u00e9, assim que estivermos com tudo pronto, lan\u00e7armos um \u201cpacote\u201d com v\u00eddeo, \u00e1udios e partituras a cada quinzena. As imagens a seguir s\u00e3o da fachada da casa e do est\u00fadio, que foram pintadas essa semana pelo grafiteiro Jos\u00e9 Sarmento.<\/p>\n\n\n\n<figure class=\"wp-block-gallery has-nested-images columns-default is-cropped wp-block-gallery-1 is-layout-flex wp-block-gallery-is-layout-flex\">\n<figure class=\"wp-block-image size-large\"><a href=\"https:\/\/fabiocavalcante.com\/blog\/wp-content\/uploads\/2010\/05\/fachada.jpg\"><img loading=\"lazy\" decoding=\"async\" width=\"600\" height=\"450\" data-id=\"389\" src=\"https:\/\/fabiocavalcante.com\/blog\/wp-content\/uploads\/2010\/05\/fachada.jpg\" alt=\"Fachada da casa do Coletivo Puraqu\u00e9, de Santar\u00e9m\" class=\"wp-image-389\" srcset=\"https:\/\/fabiocavalcante.com\/blog\/wp-content\/uploads\/2010\/05\/fachada.jpg 600w, https:\/\/fabiocavalcante.com\/blog\/wp-content\/uploads\/2010\/05\/fachada-300x225.jpg 300w\" sizes=\"auto, (max-width: 600px) 100vw, 600px\" \/><\/a><figcaption class=\"wp-element-caption\">Fachada do Coletivo Puraqu\u00e9.<\/figcaption><\/figure>\n\n\n\n<figure class=\"wp-block-image size-large\"><a href=\"https:\/\/fabiocavalcante.com\/blog\/wp-content\/uploads\/2010\/05\/estudiolivre.jpg\"><img loading=\"lazy\" decoding=\"async\" width=\"600\" height=\"450\" data-id=\"391\" src=\"https:\/\/fabiocavalcante.com\/blog\/wp-content\/uploads\/2010\/05\/estudiolivre.jpg\" alt=\"Detalhe do Est\u00fadio Livre do Col\u00e9tivo Puraqu\u00e9, de Santar\u00e9m\" class=\"wp-image-391\" srcset=\"https:\/\/fabiocavalcante.com\/blog\/wp-content\/uploads\/2010\/05\/estudiolivre.jpg 600w, https:\/\/fabiocavalcante.com\/blog\/wp-content\/uploads\/2010\/05\/estudiolivre-300x225.jpg 300w\" sizes=\"auto, (max-width: 600px) 100vw, 600px\" \/><\/a><figcaption class=\"wp-element-caption\">Detalhe do Est\u00fadio Livre do Col\u00e9tivo Puraqu\u00e9.<\/figcaption><\/figure>\n<\/figure>\n","protected":false},"excerpt":{"rendered":"<p>J\u00e1 est\u00e1 em atividade o Est\u00fadio Livre do Coletivo Puraqu\u00e9, do qual sou membro desde janeiro deste ano, quando me mudei para a cidade de Santar\u00e9m (PA). A proposta do nosso Est\u00fadio Livre \u00e9 mapear e registar (em \u00e1udio, v\u00eddeo e partituras) os m\u00fasicos e \u201cgri\u00f4s\u201d locais (ou de fora, quando de passagem por aqui), [&hellip;]<\/p>\n","protected":false},"author":1,"featured_media":700,"comment_status":"open","ping_status":"open","sticky":false,"template":"","format":"standard","meta":{"footnotes":""},"categories":[3,2,4,5],"tags":[28,17,32],"class_list":["post-212","post","type-post","status-publish","format-standard","has-post-thumbnail","hentry","category-folclore","category-musicas-audios","category-partituras","category-videos","tag-album","tag-folclore-paraense","tag-santarem"],"_links":{"self":[{"href":"https:\/\/fabiocavalcante.com\/blog\/wp-json\/wp\/v2\/posts\/212","targetHints":{"allow":["GET"]}}],"collection":[{"href":"https:\/\/fabiocavalcante.com\/blog\/wp-json\/wp\/v2\/posts"}],"about":[{"href":"https:\/\/fabiocavalcante.com\/blog\/wp-json\/wp\/v2\/types\/post"}],"author":[{"embeddable":true,"href":"https:\/\/fabiocavalcante.com\/blog\/wp-json\/wp\/v2\/users\/1"}],"replies":[{"embeddable":true,"href":"https:\/\/fabiocavalcante.com\/blog\/wp-json\/wp\/v2\/comments?post=212"}],"version-history":[{"count":14,"href":"https:\/\/fabiocavalcante.com\/blog\/wp-json\/wp\/v2\/posts\/212\/revisions"}],"predecessor-version":[{"id":4619,"href":"https:\/\/fabiocavalcante.com\/blog\/wp-json\/wp\/v2\/posts\/212\/revisions\/4619"}],"wp:featuredmedia":[{"embeddable":true,"href":"https:\/\/fabiocavalcante.com\/blog\/wp-json\/wp\/v2\/media\/700"}],"wp:attachment":[{"href":"https:\/\/fabiocavalcante.com\/blog\/wp-json\/wp\/v2\/media?parent=212"}],"wp:term":[{"taxonomy":"category","embeddable":true,"href":"https:\/\/fabiocavalcante.com\/blog\/wp-json\/wp\/v2\/categories?post=212"},{"taxonomy":"post_tag","embeddable":true,"href":"https:\/\/fabiocavalcante.com\/blog\/wp-json\/wp\/v2\/tags?post=212"}],"curies":[{"name":"wp","href":"https:\/\/api.w.org\/{rel}","templated":true}]}}