{"id":214,"date":"2010-04-01T20:54:00","date_gmt":"2010-04-01T20:54:00","guid":{"rendered":"http:\/\/fabiocavalcante.com\/blog\/?p=214"},"modified":"2025-05-29T03:23:53","modified_gmt":"2025-05-29T03:23:53","slug":"mestre-cardoso-especial-no-cena-musical","status":"publish","type":"post","link":"https:\/\/fabiocavalcante.com\/blog\/mestre-cardoso-especial-no-cena-musical\/","title":{"rendered":"Mestre Cardoso &#8211; Especial no Cena Musical"},"content":{"rendered":"\n<p>Este \u00e9 o Programa Cena Musical \u2013 Especial com o Mestre Cardoso, de Our\u00e9m, exibido na TV Cultura do Par\u00e1 em 23 de maio de 2009. Acompanhando o Mestre, estamos eu (na flauta), o Allan Carvalho (no banjo), e o Batalh\u00e3o da Estrela, regido pelo Rafael Barros. Apresenta\u00e7\u00e3o de Isidoro Calixto.<\/p>\n\n\n\n<p>Curta logo abaixo o programa completo, dividido em seis partes.<\/p>\n\n\n\n<figure class=\"wp-block-embed is-type-video is-provider-youtube wp-block-embed-youtube wp-embed-aspect-16-9 wp-has-aspect-ratio\"><div class=\"wp-block-embed__wrapper\">\n<iframe loading=\"lazy\" title=\"Mestre Cardoso no Cena Musical\" width=\"500\" height=\"281\" src=\"https:\/\/www.youtube.com\/embed\/videoseries?list=PLrGBvQg4wXeJTeXtkmXl3Fiv_xw9oiWpl\" frameborder=\"0\" allow=\"accelerometer; autoplay; clipboard-write; encrypted-media; gyroscope; picture-in-picture; web-share\" referrerpolicy=\"strict-origin-when-cross-origin\" allowfullscreen><\/iframe>\n<\/div><\/figure>\n","protected":false},"excerpt":{"rendered":"<p>Este \u00e9 o Programa Cena Musical \u2013 Especial com o Mestre Cardoso, de Our\u00e9m, exibido na TV Cultura do Par\u00e1 em 23 de maio de 2009. Acompanhando o Mestre, estamos eu (na flauta), o Allan Carvalho (no banjo), e o Batalh\u00e3o da Estrela, regido pelo Rafael Barros. Apresenta\u00e7\u00e3o de Isidoro Calixto. Curta logo abaixo o [&hellip;]<\/p>\n","protected":false},"author":1,"featured_media":0,"comment_status":"open","ping_status":"open","sticky":false,"template":"","format":"standard","meta":{"footnotes":""},"categories":[3,5],"tags":[85,31,34,19,17,35,39],"class_list":["post-214","post","type-post","status-publish","format-standard","hentry","category-folclore","category-videos","tag-allan-carvalho","tag-ao-vivo","tag-boi-pavulagem","tag-flauta-doce","tag-folclore-paraense","tag-mestre-cardoso","tag-ourem"],"_links":{"self":[{"href":"https:\/\/fabiocavalcante.com\/blog\/wp-json\/wp\/v2\/posts\/214","targetHints":{"allow":["GET"]}}],"collection":[{"href":"https:\/\/fabiocavalcante.com\/blog\/wp-json\/wp\/v2\/posts"}],"about":[{"href":"https:\/\/fabiocavalcante.com\/blog\/wp-json\/wp\/v2\/types\/post"}],"author":[{"embeddable":true,"href":"https:\/\/fabiocavalcante.com\/blog\/wp-json\/wp\/v2\/users\/1"}],"replies":[{"embeddable":true,"href":"https:\/\/fabiocavalcante.com\/blog\/wp-json\/wp\/v2\/comments?post=214"}],"version-history":[{"count":5,"href":"https:\/\/fabiocavalcante.com\/blog\/wp-json\/wp\/v2\/posts\/214\/revisions"}],"predecessor-version":[{"id":4308,"href":"https:\/\/fabiocavalcante.com\/blog\/wp-json\/wp\/v2\/posts\/214\/revisions\/4308"}],"wp:attachment":[{"href":"https:\/\/fabiocavalcante.com\/blog\/wp-json\/wp\/v2\/media?parent=214"}],"wp:term":[{"taxonomy":"category","embeddable":true,"href":"https:\/\/fabiocavalcante.com\/blog\/wp-json\/wp\/v2\/categories?post=214"},{"taxonomy":"post_tag","embeddable":true,"href":"https:\/\/fabiocavalcante.com\/blog\/wp-json\/wp\/v2\/tags?post=214"}],"curies":[{"name":"wp","href":"https:\/\/api.w.org\/{rel}","templated":true}]}}