{"id":215,"date":"2010-03-29T19:19:00","date_gmt":"2010-03-29T19:19:00","guid":{"rendered":"http:\/\/fabiocavalcante.com\/blog\/?p=215"},"modified":"2025-06-12T22:35:52","modified_gmt":"2025-06-12T22:35:52","slug":"blog-da-feira-cultura-digital-dos-bairros","status":"publish","type":"post","link":"https:\/\/fabiocavalcante.com\/blog\/blog-da-feira-cultura-digital-dos-bairros\/","title":{"rendered":"Blog da Feira Cultura Digital dos Bairros"},"content":{"rendered":"\n<p>Montei um <a href=\"http:\/\/feiraculturadigital.blogspot.com\/\" target=\"_blank\" rel=\"noopener\">novo blog<\/a>. Nele trato da Feira Cultura Digital dos Bairros. Este \u00e9 um projeto do <a href=\"https:\/\/www.facebook.com\/pontaodecultura.digitaldotapajos\/\" target=\"_blank\" rel=\"noreferrer noopener\">Pont\u00e3o de Cultura Digital do Tapaj\u00f3s<\/a> que reunir\u00e1 diversas iniciativas da cultura digital numa feira com oficinas, rodas de conversa, cineclubismo, apresenta\u00e7\u00f5es musicais, presta\u00e7\u00f5es de servi\u00e7os, jogos e muitas coisas mais.<\/p>\n\n\n\n<p>Como membro da\u00a0<a href=\"https:\/\/casabrasilstm.wordpress.com\/category\/puraque\/\" target=\"_blank\" rel=\"noreferrer noopener\">Casa Puraqu\u00e9<\/a>, que tamb\u00e9m est\u00e1 realizando a Feira (ao lado da\u00a0<a href=\"http:\/\/casabrasilstm.wordpress.com\/\" target=\"_blank\" rel=\"noreferrer noopener\">Casa Brasil de Santar\u00e9m<\/a>, da UCLA, e do\u00a0<a href=\"http:\/\/www.saudeealegria.org.br\/\" target=\"_blank\" rel=\"noreferrer noopener\">Projeto Sa\u00fade e Alegria<\/a>), estou na organiza\u00e7\u00e3o do evento e com a possibilidade de registrar em \u00e1udio e v\u00eddeo as apresenta\u00e7\u00f5es, e tamb\u00e9m produzindo material de divulga\u00e7\u00e3o, no final fiquei com coisas interessantes para postar l\u00e1.<\/p>\n\n\n\n<p>Confira aqui: <a href=\"http:\/\/feiraculturadigital.blogspot.com\/\" target=\"_blank\" rel=\"noopener\">Blog da Feira Cultura Digital dos Bairros<\/a>.<\/p>\n\n\n\n<div style=\"height:25px\" aria-hidden=\"true\" class=\"wp-block-spacer\"><\/div>\n\n\n\n<h6 class=\"wp-block-heading\">Atualiza\u00e7\u00e3o em 20 de abril de 2010<\/h6>\n\n\n\n<p>Estas s\u00e3o imagens de alguns m\u00fasicos que tocaram na Feira Cultura Digital dos Bairros, que aconteceu no bairro do Santarenzinho nos dias 7, 8, e 9 de abril.<\/p>\n\n\n\n<h6 class=\"wp-block-heading\"><strong>07.04.2010 \u2013 Noite de abertura<\/strong><\/h6>\n\n\n\n<p>Na noite de abertura tocaram o grupo Nossas Lembran\u00e7as (do bairro do Maracan\u00e3) e os m\u00fasicos Juvenal Imbiriba (da comunidade Amanim, no rio Arapiuns) e o Chico Malta (de Alter-do-ch\u00e3o).<\/p>\n\n\n\n<figure class=\"wp-block-gallery has-nested-images columns-default is-cropped wp-block-gallery-1 is-layout-flex wp-block-gallery-is-layout-flex\">\n<figure class=\"wp-block-image size-large\"><a href=\"https:\/\/fabiocavalcante.com\/blog\/wp-content\/uploads\/2010\/04\/videos_da_feira_abertura01_nossas_lembrancas01.jpg\"><img loading=\"lazy\" decoding=\"async\" width=\"588\" height=\"500\" data-id=\"4563\" src=\"https:\/\/fabiocavalcante.com\/blog\/wp-content\/uploads\/2010\/04\/videos_da_feira_abertura01_nossas_lembrancas01.jpg\" alt=\"\" class=\"wp-image-4563\" srcset=\"https:\/\/fabiocavalcante.com\/blog\/wp-content\/uploads\/2010\/04\/videos_da_feira_abertura01_nossas_lembrancas01.jpg 588w, https:\/\/fabiocavalcante.com\/blog\/wp-content\/uploads\/2010\/04\/videos_da_feira_abertura01_nossas_lembrancas01-300x255.jpg 300w\" sizes=\"auto, (max-width: 588px) 100vw, 588px\" \/><\/a><figcaption class=\"wp-element-caption\">Grupo Nossas Lembran\u00e7as<\/figcaption><\/figure>\n\n\n\n<figure class=\"wp-block-image size-large\"><a href=\"https:\/\/fabiocavalcante.com\/blog\/wp-content\/uploads\/2010\/04\/videos_da_feira_abertura02_nossas_lembrancas02.jpg\"><img loading=\"lazy\" decoding=\"async\" width=\"667\" height=\"500\" data-id=\"4564\" src=\"https:\/\/fabiocavalcante.com\/blog\/wp-content\/uploads\/2010\/04\/videos_da_feira_abertura02_nossas_lembrancas02.jpg\" alt=\"\" class=\"wp-image-4564\" srcset=\"https:\/\/fabiocavalcante.com\/blog\/wp-content\/uploads\/2010\/04\/videos_da_feira_abertura02_nossas_lembrancas02.jpg 667w, https:\/\/fabiocavalcante.com\/blog\/wp-content\/uploads\/2010\/04\/videos_da_feira_abertura02_nossas_lembrancas02-300x225.jpg 300w\" sizes=\"auto, (max-width: 667px) 100vw, 667px\" \/><\/a><figcaption class=\"wp-element-caption\">Grupo Nossas Lembran\u00e7as<\/figcaption><\/figure>\n\n\n\n<figure class=\"wp-block-image size-large\"><a href=\"https:\/\/fabiocavalcante.com\/blog\/wp-content\/uploads\/2010\/04\/videos_da_feira_abertura03_nossas_lembrancas03.jpg\"><img loading=\"lazy\" decoding=\"async\" width=\"646\" height=\"500\" data-id=\"4565\" src=\"https:\/\/fabiocavalcante.com\/blog\/wp-content\/uploads\/2010\/04\/videos_da_feira_abertura03_nossas_lembrancas03.jpg\" alt=\"\" class=\"wp-image-4565\" srcset=\"https:\/\/fabiocavalcante.com\/blog\/wp-content\/uploads\/2010\/04\/videos_da_feira_abertura03_nossas_lembrancas03.jpg 646w, https:\/\/fabiocavalcante.com\/blog\/wp-content\/uploads\/2010\/04\/videos_da_feira_abertura03_nossas_lembrancas03-300x232.jpg 300w\" sizes=\"auto, (max-width: 646px) 100vw, 646px\" \/><\/a><figcaption class=\"wp-element-caption\">Grupo Nossas Lembran\u00e7as<\/figcaption><\/figure>\n\n\n\n<figure class=\"wp-block-image size-large\"><a href=\"https:\/\/fabiocavalcante.com\/blog\/wp-content\/uploads\/2010\/04\/videos_da_feira_abertura04_chico_malta01.jpg\"><img loading=\"lazy\" decoding=\"async\" width=\"668\" height=\"500\" data-id=\"4566\" src=\"https:\/\/fabiocavalcante.com\/blog\/wp-content\/uploads\/2010\/04\/videos_da_feira_abertura04_chico_malta01.jpg\" alt=\"\" class=\"wp-image-4566\" srcset=\"https:\/\/fabiocavalcante.com\/blog\/wp-content\/uploads\/2010\/04\/videos_da_feira_abertura04_chico_malta01.jpg 668w, https:\/\/fabiocavalcante.com\/blog\/wp-content\/uploads\/2010\/04\/videos_da_feira_abertura04_chico_malta01-300x225.jpg 300w\" sizes=\"auto, (max-width: 668px) 100vw, 668px\" \/><\/a><figcaption class=\"wp-element-caption\">Chico Malta<\/figcaption><\/figure>\n\n\n\n<figure class=\"wp-block-image size-large\"><a href=\"https:\/\/fabiocavalcante.com\/blog\/wp-content\/uploads\/2010\/04\/videos_da_feira_abertura05_magnolio.jpg\"><img loading=\"lazy\" decoding=\"async\" width=\"685\" height=\"500\" data-id=\"4567\" src=\"https:\/\/fabiocavalcante.com\/blog\/wp-content\/uploads\/2010\/04\/videos_da_feira_abertura05_magnolio.jpg\" alt=\"\" class=\"wp-image-4567\" srcset=\"https:\/\/fabiocavalcante.com\/blog\/wp-content\/uploads\/2010\/04\/videos_da_feira_abertura05_magnolio.jpg 685w, https:\/\/fabiocavalcante.com\/blog\/wp-content\/uploads\/2010\/04\/videos_da_feira_abertura05_magnolio-300x219.jpg 300w\" sizes=\"auto, (max-width: 685px) 100vw, 685px\" \/><\/a><figcaption class=\"wp-element-caption\">Magn\u00f3lio<\/figcaption><\/figure>\n\n\n\n<figure class=\"wp-block-image size-large\"><a href=\"https:\/\/fabiocavalcante.com\/blog\/wp-content\/uploads\/2010\/04\/videos_da_feira_abertura06_imbiriba.jpg\"><img loading=\"lazy\" decoding=\"async\" width=\"680\" height=\"500\" data-id=\"4568\" src=\"https:\/\/fabiocavalcante.com\/blog\/wp-content\/uploads\/2010\/04\/videos_da_feira_abertura06_imbiriba.jpg\" alt=\"\" class=\"wp-image-4568\" srcset=\"https:\/\/fabiocavalcante.com\/blog\/wp-content\/uploads\/2010\/04\/videos_da_feira_abertura06_imbiriba.jpg 680w, https:\/\/fabiocavalcante.com\/blog\/wp-content\/uploads\/2010\/04\/videos_da_feira_abertura06_imbiriba-300x221.jpg 300w\" sizes=\"auto, (max-width: 680px) 100vw, 680px\" \/><\/a><figcaption class=\"wp-element-caption\">Juvenal Imbiriba<\/figcaption><\/figure>\n<\/figure>\n\n\n\n<h6 class=\"wp-block-heading\"><strong>08.04.2010 \u2013&nbsp;Show de calouros<\/strong><\/h6>\n\n\n\n<figure class=\"wp-block-gallery has-nested-images columns-default is-cropped wp-block-gallery-2 is-layout-flex wp-block-gallery-is-layout-flex\">\n<figure class=\"wp-block-image size-large\"><a href=\"https:\/\/fabiocavalcante.com\/blog\/wp-content\/uploads\/2010\/04\/videos_da_feira_calouros01milena.jpg\"><img loading=\"lazy\" decoding=\"async\" width=\"650\" height=\"500\" data-id=\"4569\" src=\"https:\/\/fabiocavalcante.com\/blog\/wp-content\/uploads\/2010\/04\/videos_da_feira_calouros01milena.jpg\" alt=\"\" class=\"wp-image-4569\" srcset=\"https:\/\/fabiocavalcante.com\/blog\/wp-content\/uploads\/2010\/04\/videos_da_feira_calouros01milena.jpg 650w, https:\/\/fabiocavalcante.com\/blog\/wp-content\/uploads\/2010\/04\/videos_da_feira_calouros01milena-300x231.jpg 300w\" sizes=\"auto, (max-width: 650px) 100vw, 650px\" \/><\/a><figcaption class=\"wp-element-caption\">Milena Mota de Freitas (Foto de Lucivaldo Junior)<\/figcaption><\/figure>\n\n\n\n<figure class=\"wp-block-image size-large\"><a href=\"https:\/\/fabiocavalcante.com\/blog\/wp-content\/uploads\/2010\/04\/videos_da_feira_calouros02kleber.jpg\"><img loading=\"lazy\" decoding=\"async\" width=\"668\" height=\"500\" data-id=\"4570\" src=\"https:\/\/fabiocavalcante.com\/blog\/wp-content\/uploads\/2010\/04\/videos_da_feira_calouros02kleber.jpg\" alt=\"\" class=\"wp-image-4570\" srcset=\"https:\/\/fabiocavalcante.com\/blog\/wp-content\/uploads\/2010\/04\/videos_da_feira_calouros02kleber.jpg 668w, https:\/\/fabiocavalcante.com\/blog\/wp-content\/uploads\/2010\/04\/videos_da_feira_calouros02kleber-300x225.jpg 300w\" sizes=\"auto, (max-width: 668px) 100vw, 668px\" \/><\/a><figcaption class=\"wp-element-caption\">Kleber Pagel, 2\u00ba lugar (Foto de Lucivaldo Junior)<\/figcaption><\/figure>\n\n\n\n<figure class=\"wp-block-image size-large\"><a href=\"https:\/\/fabiocavalcante.com\/blog\/wp-content\/uploads\/2010\/04\/videos_da_feira_calouros03rafaela.jpg\"><img loading=\"lazy\" decoding=\"async\" width=\"671\" height=\"500\" data-id=\"4571\" src=\"https:\/\/fabiocavalcante.com\/blog\/wp-content\/uploads\/2010\/04\/videos_da_feira_calouros03rafaela.jpg\" alt=\"\" class=\"wp-image-4571\" srcset=\"https:\/\/fabiocavalcante.com\/blog\/wp-content\/uploads\/2010\/04\/videos_da_feira_calouros03rafaela.jpg 671w, https:\/\/fabiocavalcante.com\/blog\/wp-content\/uploads\/2010\/04\/videos_da_feira_calouros03rafaela-300x224.jpg 300w\" sizes=\"auto, (max-width: 671px) 100vw, 671px\" \/><\/a><figcaption class=\"wp-element-caption\">Rafaela Marquelane Coelho de Souza, 3\u00ba lugar (Foto de Lucivaldo Junior)<\/figcaption><\/figure>\n<\/figure>\n\n\n\n<p>As interpreta\u00e7\u00f5es vencedoras do Show de Calouros da Feira Cultura Digital, apresentado pelo Mestre de Cerim\u00f4nia Magn\u00f3lio, foram as de Milena Mota (Mente t\u00e3o bem), Kleber Pagel (Estou apaixonado) e Rafaela Marquelane (Infiel)<\/p>\n\n\n\n<h6 class=\"wp-block-heading\"><strong>09.04.2010 \u2013&nbsp;Festival de M\u00fasica<\/strong><\/h6>\n\n\n\n<p>Os tr\u00eas primeiros lugares do Festival de M\u00fasica da Feira Cultura Digital dos Bairros foram:<\/p>\n\n\n\n<ol class=\"wp-block-list\">\n<li><strong>Hugo Herlon<\/strong>, com a m\u00fasica \u201c<em>Enquanto eu te espero<\/em>\u201d (62 pontos);<\/li>\n\n\n\n<li><strong>Hiller dos Santos Souza<\/strong>, com \u201c<em>Mina<\/em>\u201d (61 pontos) e<\/li>\n\n\n\n<li><strong>Andr\u00e9 de Souza<\/strong>, com \u201c<em>Viver pela f\u00e9<\/em>\u201d (59 pontos).<\/li>\n<\/ol>\n\n\n\n<p>Assista \u00e0 participa\u00e7\u00e3o de Hiller dos Santos Souza, o segundo colocado, com a m\u00fasica \u201cMina\u201d.<\/p>\n\n\n\n<figure class=\"wp-block-embed is-type-rich is-provider-incorporar-manipulador wp-block-embed-incorporar-manipulador wp-embed-aspect-4-3 wp-has-aspect-ratio\"><div class=\"wp-block-embed__wrapper\">\n<iframe loading=\"lazy\" title=\"Mina (Hiller dos Santos Souza) - Feira Cultura Digital dos Bairros (Santar\u00e9m, 2010) #1\" width=\"500\" height=\"375\" src=\"https:\/\/www.youtube.com\/embed\/dyMdKiod648?feature=oembed\" frameborder=\"0\" allow=\"accelerometer; autoplay; clipboard-write; encrypted-media; gyroscope; picture-in-picture; web-share\" referrerpolicy=\"strict-origin-when-cross-origin\" allowfullscreen><\/iframe>\n<\/div><\/figure>\n\n\n\n<p>Al\u00e9m do Festival de M\u00fasica, a noite de encerramento contou com diversos m\u00fasicos e grupos, entre eles o trio formado por Quinhos Caet\u00e9s, Daniel Lu\u00eds e Ronaldo Eli, representando o&nbsp;Coco de Umbigada&nbsp;de Pernambuco.<\/p>\n\n\n\n<figure class=\"wp-block-embed is-type-rich is-provider-incorporar-manipulador wp-block-embed-incorporar-manipulador wp-embed-aspect-4-3 wp-has-aspect-ratio\"><div class=\"wp-block-embed__wrapper\">\n<iframe loading=\"lazy\" title=\"Coco de Umbigada de Pernambuco - Feira Cultura Digital dos Bairros (Santar\u00e9m, 2010) #2\" width=\"500\" height=\"375\" src=\"https:\/\/www.youtube.com\/embed\/RlICOM1uZuw?feature=oembed\" frameborder=\"0\" allow=\"accelerometer; autoplay; clipboard-write; encrypted-media; gyroscope; picture-in-picture; web-share\" referrerpolicy=\"strict-origin-when-cross-origin\" allowfullscreen><\/iframe>\n<\/div><\/figure>\n\n\n\n<p>E a noite \u201cfechou\u201d com o som da Companhia Papo Show, de Altamira. Para mais informa\u00e7\u00f5es sobre o evento, visite o&nbsp;<a href=\"http:\/\/feiraculturadigital.blogspot.com\/\" target=\"_blank\" rel=\"noreferrer noopener\">blog oficial da Feira Cultura Digital dos Bairros<\/a>.<\/p>\n","protected":false},"excerpt":{"rendered":"<p>Montei um novo blog. Nele trato da Feira Cultura Digital dos Bairros. Este \u00e9 um projeto do Pont\u00e3o de Cultura Digital do Tapaj\u00f3s que reunir\u00e1 diversas iniciativas da cultura digital numa feira com oficinas, rodas de conversa, cineclubismo, apresenta\u00e7\u00f5es musicais, presta\u00e7\u00f5es de servi\u00e7os, jogos e muitas coisas mais. Como membro da\u00a0Casa Puraqu\u00e9, que tamb\u00e9m est\u00e1 [&hellip;]<\/p>\n","protected":false},"author":1,"featured_media":4868,"comment_status":"open","ping_status":"open","sticky":false,"template":"","format":"standard","meta":{"footnotes":""},"categories":[1],"tags":[31,32],"class_list":["post-215","post","type-post","status-publish","format-standard","has-post-thumbnail","hentry","category-uncategorized","tag-ao-vivo","tag-santarem"],"_links":{"self":[{"href":"https:\/\/fabiocavalcante.com\/blog\/wp-json\/wp\/v2\/posts\/215","targetHints":{"allow":["GET"]}}],"collection":[{"href":"https:\/\/fabiocavalcante.com\/blog\/wp-json\/wp\/v2\/posts"}],"about":[{"href":"https:\/\/fabiocavalcante.com\/blog\/wp-json\/wp\/v2\/types\/post"}],"author":[{"embeddable":true,"href":"https:\/\/fabiocavalcante.com\/blog\/wp-json\/wp\/v2\/users\/1"}],"replies":[{"embeddable":true,"href":"https:\/\/fabiocavalcante.com\/blog\/wp-json\/wp\/v2\/comments?post=215"}],"version-history":[{"count":8,"href":"https:\/\/fabiocavalcante.com\/blog\/wp-json\/wp\/v2\/posts\/215\/revisions"}],"predecessor-version":[{"id":4867,"href":"https:\/\/fabiocavalcante.com\/blog\/wp-json\/wp\/v2\/posts\/215\/revisions\/4867"}],"wp:featuredmedia":[{"embeddable":true,"href":"https:\/\/fabiocavalcante.com\/blog\/wp-json\/wp\/v2\/media\/4868"}],"wp:attachment":[{"href":"https:\/\/fabiocavalcante.com\/blog\/wp-json\/wp\/v2\/media?parent=215"}],"wp:term":[{"taxonomy":"category","embeddable":true,"href":"https:\/\/fabiocavalcante.com\/blog\/wp-json\/wp\/v2\/categories?post=215"},{"taxonomy":"post_tag","embeddable":true,"href":"https:\/\/fabiocavalcante.com\/blog\/wp-json\/wp\/v2\/tags?post=215"}],"curies":[{"name":"wp","href":"https:\/\/api.w.org\/{rel}","templated":true}]}}