{"id":221,"date":"2009-11-09T19:06:00","date_gmt":"2009-11-09T19:06:00","guid":{"rendered":"http:\/\/fabiocavalcante.com\/blog\/?p=221"},"modified":"2025-05-30T23:20:58","modified_gmt":"2025-05-30T23:20:58","slug":"familiares-reconhecem-mestre-cardoso-no-blog-fgc","status":"publish","type":"post","link":"https:\/\/fabiocavalcante.com\/blog\/familiares-reconhecem-mestre-cardoso-no-blog-fgc\/","title":{"rendered":"Familiares reconhecem Mestre Cardoso no Blog FGC"},"content":{"rendered":"\n<p>Olha que hist\u00f3ria bacana eu soube hoje! Quase 60 anos depois de ir embora da casa dos pais sem despedir-se,&nbsp;<a href=\"https:\/\/fgcproducoes.fabiocavalcante.com\/artistas\/mestre-cardoso\/\" target=\"_blank\" rel=\"noreferrer noopener\">Mestre Cardoso<\/a>&nbsp;entra em contato novamente com seus familiares, e o contato surgiu depois que ele foi reconhecido pela Solange, neta de sua irm\u00e3, num&nbsp;<a href=\"https:\/\/fabiocavalcante.com\/blog\/ostp-e-mestre-cardoso-no-teatro-da-paz\/\" target=\"_blank\" rel=\"noreferrer noopener\">post<\/a>&nbsp;aqui do blog.&nbsp;<\/p>\n\n\n\n<p>&nbsp;Segundo o meu amigo&nbsp;<a href=\"http:\/\/www.overmundo.com.br\/perfis\/arlindo-matos\" target=\"_blank\" rel=\"noreferrer noopener\">Arlindo Matos<\/a>, de Our\u00e9m, \u201cela [a Solange] me disse que a av\u00f3 falou de um problema que o Cardoso teve no ouvido quando crian\u00e7a. Ela identificou essa altera\u00e7\u00e3o na orelha dele atrav\u00e9s de fotos do teu blog (\u2026)&nbsp; Essas senhas foram lhe dando a certeza que era ele mesmo\u201d.<\/p>\n\n\n\n<figure class=\"wp-block-image aligncenter size-large\"><img loading=\"lazy\" decoding=\"async\" width=\"289\" height=\"379\" src=\"https:\/\/fabiocavalcante.com\/blog\/wp-content\/uploads\/2009\/11\/cardoso_20_anos.jpg\" alt=\"Mestre Cardoso,de  Our\u00e9m, aos 20 anos\" class=\"wp-image-517\" srcset=\"https:\/\/fabiocavalcante.com\/blog\/wp-content\/uploads\/2009\/11\/cardoso_20_anos.jpg 289w, https:\/\/fabiocavalcante.com\/blog\/wp-content\/uploads\/2009\/11\/cardoso_20_anos-229x300.jpg 229w\" sizes=\"auto, (max-width: 289px) 100vw, 289px\" \/><figcaption class=\"wp-element-caption\">Cardoso aos 20 anos (imagem enviada pela Solange).<\/figcaption><\/figure>\n\n\n\n<p>Quando ainda morava em Our\u00e9m, algumas vezes eu pedi pro Mestre me contar sua hist\u00f3ria, e principalmente, sobre a viagem que ele fez do Piau\u00ed pra c\u00e1 (Clique&nbsp;<a href=\"https:\/\/archive.org\/download\/ConversasComMestreCardoso\/03-VindaProPara_192kb.mp3\" target=\"_blank\" rel=\"noreferrer noopener\">aqui<\/a>&nbsp;para ouvir um depoimento dele sobre isso). Ele falava tamb\u00e9m dos v\u00e1rios irm\u00e3os e da falta de informa\u00e7\u00f5es sobre eles \u2013 sabia apenas que tinha familiares em Bras\u00edlia, e quase nada mais. Pois no s\u00e1bado passado, atrav\u00e9s do telefone do Arlindo, o Cardoso falou com sua irm\u00e3 Joana e outros familiares que moram na Capital Federal.<\/p>\n\n\n\n<p>Fiquei sabendo um pouco mais da hist\u00f3ria da fam\u00edlia do Cardoso: Dos dez irm\u00e3os, seis j\u00e1 faleceram, sendo o Cardoso (com 76 anos) o \u00fanico homem ainda vivo. Duas irm\u00e3s (Joana, de 96 anos; e Neide, 94) moram em Bras\u00edlia; e outra irm\u00e3, Alice, a mais nova, na Argentina. E dando continuidade \u00e0 brincadeira do boi na fam\u00edlia, o Pedrinho, filho da Solange, tem l\u00e1 em Bras\u00edlia o seu boi tamb\u00e9m!<\/p>\n\n\n\n<figure class=\"wp-block-image aligncenter size-large is-resized\"><img loading=\"lazy\" decoding=\"async\" width=\"600\" height=\"449\" src=\"https:\/\/fabiocavalcante.com\/blog\/wp-content\/uploads\/2009\/11\/pedrinho_e_o_boi.jpg\" alt=\"Crian\u00e7a com um boi-bumb\u00e1 ao lado\" class=\"wp-image-408\" style=\"width:450px;height:337px\" srcset=\"https:\/\/fabiocavalcante.com\/blog\/wp-content\/uploads\/2009\/11\/pedrinho_e_o_boi.jpg 600w, https:\/\/fabiocavalcante.com\/blog\/wp-content\/uploads\/2009\/11\/pedrinho_e_o_boi-300x225.jpg 300w\" sizes=\"auto, (max-width: 600px) 100vw, 600px\" \/><figcaption class=\"wp-element-caption\">Pedrinho e o boi.<\/figcaption><\/figure>\n\n\n\n<p>H\u00e1 exatos 3 anos (em 9 de novembro de 2006), o Cardoso cantou pra mim uma m\u00fasica chamada \u201cEu recebi not\u00edcia de um irm\u00e3o meu de Bras\u00edlia\u201d. Ele disse em uma entrevista no programa Sala de Reboco (que eu apresentava na R\u00e1dio Temb\u00e9s de Our\u00e9m), que a m\u00fasica tratava duma carta que ele havia recebido de um irm\u00e3o.<\/p>\n\n\n\n<blockquote class=\"wp-block-quote is-layout-flow wp-block-quote-is-layout-flow\">\n<p><strong>Eu recebi not\u00edcia de um irm\u00e3o meu de Bras\u00edlia<\/strong><\/p>\n\n\n\n<p>Eu recebi not\u00edcia \/ dum irm\u00e3o meu de Bras\u00edlia<br>H\u00e1 muito tempo \/ viajo com sua fam\u00edlia<\/p>\n\n\n\n<p>Ele mandou uma carta \/ n\u00e3o mandou fotografia<br>Pra relembrar o passado \/ do tempo que n\u00f3s se via<\/p>\n<\/blockquote>\n","protected":false},"excerpt":{"rendered":"<p>Olha que hist\u00f3ria bacana eu soube hoje! Quase 60 anos depois de ir embora da casa dos pais sem despedir-se,&nbsp;Mestre Cardoso&nbsp;entra em contato novamente com seus familiares, e o contato surgiu depois que ele foi reconhecido pela Solange, neta de sua irm\u00e3, num&nbsp;post&nbsp;aqui do blog.&nbsp; &nbsp;Segundo o meu amigo&nbsp;Arlindo Matos, de Our\u00e9m, \u201cela [a Solange] [&hellip;]<\/p>\n","protected":false},"author":1,"featured_media":0,"comment_status":"open","ping_status":"open","sticky":false,"template":"","format":"standard","meta":{"footnotes":""},"categories":[3],"tags":[17,35,39],"class_list":["post-221","post","type-post","status-publish","format-standard","hentry","category-folclore","tag-folclore-paraense","tag-mestre-cardoso","tag-ourem"],"_links":{"self":[{"href":"https:\/\/fabiocavalcante.com\/blog\/wp-json\/wp\/v2\/posts\/221","targetHints":{"allow":["GET"]}}],"collection":[{"href":"https:\/\/fabiocavalcante.com\/blog\/wp-json\/wp\/v2\/posts"}],"about":[{"href":"https:\/\/fabiocavalcante.com\/blog\/wp-json\/wp\/v2\/types\/post"}],"author":[{"embeddable":true,"href":"https:\/\/fabiocavalcante.com\/blog\/wp-json\/wp\/v2\/users\/1"}],"replies":[{"embeddable":true,"href":"https:\/\/fabiocavalcante.com\/blog\/wp-json\/wp\/v2\/comments?post=221"}],"version-history":[{"count":11,"href":"https:\/\/fabiocavalcante.com\/blog\/wp-json\/wp\/v2\/posts\/221\/revisions"}],"predecessor-version":[{"id":4555,"href":"https:\/\/fabiocavalcante.com\/blog\/wp-json\/wp\/v2\/posts\/221\/revisions\/4555"}],"wp:attachment":[{"href":"https:\/\/fabiocavalcante.com\/blog\/wp-json\/wp\/v2\/media?parent=221"}],"wp:term":[{"taxonomy":"category","embeddable":true,"href":"https:\/\/fabiocavalcante.com\/blog\/wp-json\/wp\/v2\/categories?post=221"},{"taxonomy":"post_tag","embeddable":true,"href":"https:\/\/fabiocavalcante.com\/blog\/wp-json\/wp\/v2\/tags?post=221"}],"curies":[{"name":"wp","href":"https:\/\/api.w.org\/{rel}","templated":true}]}}