{"id":222,"date":"2009-09-01T04:37:00","date_gmt":"2009-09-01T04:37:00","guid":{"rendered":"http:\/\/fabiocavalcante.com\/blog\/?p=222"},"modified":"2025-05-31T01:13:28","modified_gmt":"2025-05-31T01:13:28","slug":"preto-no-branco","status":"publish","type":"post","link":"https:\/\/fabiocavalcante.com\/blog\/preto-no-branco\/","title":{"rendered":"Preto no Branco"},"content":{"rendered":"\n<figure class=\"wp-block-image aligncenter size-large\"><img loading=\"lazy\" decoding=\"async\" width=\"367\" height=\"500\" src=\"https:\/\/fabiocavalcante.com\/blog\/wp-content\/uploads\/2009\/09\/01programa_capa.jpg\" alt=\"Programa do show Preto no Branco, de Lu\u00eds Girard\" class=\"wp-image-411\" srcset=\"https:\/\/fabiocavalcante.com\/blog\/wp-content\/uploads\/2009\/09\/01programa_capa.jpg 367w, https:\/\/fabiocavalcante.com\/blog\/wp-content\/uploads\/2009\/09\/01programa_capa-220x300.jpg 220w\" sizes=\"auto, (max-width: 367px) 100vw, 367px\" \/><figcaption class=\"wp-element-caption\">Preto no Branco &#8211; Capa do programa<\/figcaption><\/figure>\n\n\n\n<p>O show Preto no Branco, do cantor\u00a0<a href=\"https:\/\/www.instagram.com\/luisgirardoficial_\/\" target=\"_blank\" rel=\"noreferrer noopener\">Lu\u00eds Girard<\/a>, aconteceu em maio de 1998 no\u00a0<a href=\"https:\/\/pt.wikipedia.org\/wiki\/Teatro_Experimental_Waldemar_Henrique\" target=\"_blank\" rel=\"noreferrer noopener\">Teatro Experimental Waldemar Henrique<\/a>. Participaram os m\u00fasicos: Arthur Alves (cello),\u00a0<a href=\"https:\/\/open.spotify.com\/artist\/7cKWRupZws7hUlVMpZ9T7t\" target=\"_blank\" rel=\"noreferrer noopener\">Allan Carvalho<\/a>\u00a0(banjo), Cl\u00e1udio Costa (percuss\u00f5es), F\u00e1bio Cavalcante (flauta transversal),\u00a0<a href=\"https:\/\/mapacultural.pa.gov.br\/agente\/11511\/\" target=\"_blank\" rel=\"noreferrer noopener\">M\u00e1rcio Jardim<\/a>\u00a0(percuss\u00f5es), Pr\u00edamo Brand\u00e3o (contrabaixo) e\u00a0<a href=\"http:\/\/www.overmundo.com.br\/perfis\/renato-torres\" target=\"_blank\" rel=\"noreferrer noopener\">Renato Torres<\/a>\u00a0(guitarra). <\/p>\n\n\n\n<p>Al\u00e9m de tocar flauta, o Girard me convidou pra assinar os arranjos e a dire\u00e7\u00e3o musical do espet\u00e1culo. Tamb\u00e9m estavam presentes na produ\u00e7\u00e3o: Pl\u00ednio Palha (figurinos e maquiagem), Melba Lois (ilumina\u00e7\u00e3o), Ronalda Simone (interpretando uma feiticeira) e Lu\u00eds Carlos Fran\u00e7a (dire\u00e7\u00e3o geral).<\/p>\n\n\n\n<figure class=\"wp-block-image size-large\"><img loading=\"lazy\" decoding=\"async\" width=\"1000\" height=\"697\" src=\"https:\/\/fabiocavalcante.com\/blog\/wp-content\/uploads\/2009\/09\/02programa.jpg\" alt=\"Parte interna do programa do Show Preto no Branco, de Luis Girard\" class=\"wp-image-413\" srcset=\"https:\/\/fabiocavalcante.com\/blog\/wp-content\/uploads\/2009\/09\/02programa.jpg 1000w, https:\/\/fabiocavalcante.com\/blog\/wp-content\/uploads\/2009\/09\/02programa-300x209.jpg 300w, https:\/\/fabiocavalcante.com\/blog\/wp-content\/uploads\/2009\/09\/02programa-768x535.jpg 768w\" sizes=\"auto, (max-width: 1000px) 100vw, 1000px\" \/><figcaption class=\"wp-element-caption\">Programa<\/figcaption><\/figure>\n\n\n\n<p>Ou\u00e7a logo abaixo algumas m\u00fasicas do repert\u00f3rio. E para baixar todo o show em um \u00fanico arquivo, clique&nbsp;<a href=\"https:\/\/archive.org\/compress\/PretoNoBranco\/formats=192KBPS%20MP3,JPEG\" target=\"_blank\" rel=\"noreferrer noopener\">aqui (arquivo zip)<\/a>.<\/p>\n\n\n\n<p><iframe loading=\"lazy\" src=\"https:\/\/archive.org\/embed\/PretoNoBranco&amp;playlist=1\" width=\"500\" height=\"250\" frameborder=\"0\" allowfullscreen=\"allowfullscreen\"><\/iframe><\/p>\n","protected":false},"excerpt":{"rendered":"<p>O show Preto no Branco, do cantor\u00a0Lu\u00eds Girard, aconteceu em maio de 1998 no\u00a0Teatro Experimental Waldemar Henrique. Participaram os m\u00fasicos: Arthur Alves (cello),\u00a0Allan Carvalho\u00a0(banjo), Cl\u00e1udio Costa (percuss\u00f5es), F\u00e1bio Cavalcante (flauta transversal),\u00a0M\u00e1rcio Jardim\u00a0(percuss\u00f5es), Pr\u00edamo Brand\u00e3o (contrabaixo) e\u00a0Renato Torres\u00a0(guitarra). Al\u00e9m de tocar flauta, o Girard me convidou pra assinar os arranjos e a dire\u00e7\u00e3o musical do espet\u00e1culo. [&hellip;]<\/p>\n","protected":false},"author":1,"featured_media":0,"comment_status":"open","ping_status":"open","sticky":false,"template":"","format":"standard","meta":{"footnotes":""},"categories":[2],"tags":[85,31,49,36],"class_list":["post-222","post","type-post","status-publish","format-standard","hentry","category-musicas-audios","tag-allan-carvalho","tag-ao-vivo","tag-arranjo","tag-teatro-waldemar-henrique"],"_links":{"self":[{"href":"https:\/\/fabiocavalcante.com\/blog\/wp-json\/wp\/v2\/posts\/222","targetHints":{"allow":["GET"]}}],"collection":[{"href":"https:\/\/fabiocavalcante.com\/blog\/wp-json\/wp\/v2\/posts"}],"about":[{"href":"https:\/\/fabiocavalcante.com\/blog\/wp-json\/wp\/v2\/types\/post"}],"author":[{"embeddable":true,"href":"https:\/\/fabiocavalcante.com\/blog\/wp-json\/wp\/v2\/users\/1"}],"replies":[{"embeddable":true,"href":"https:\/\/fabiocavalcante.com\/blog\/wp-json\/wp\/v2\/comments?post=222"}],"version-history":[{"count":9,"href":"https:\/\/fabiocavalcante.com\/blog\/wp-json\/wp\/v2\/posts\/222\/revisions"}],"predecessor-version":[{"id":4609,"href":"https:\/\/fabiocavalcante.com\/blog\/wp-json\/wp\/v2\/posts\/222\/revisions\/4609"}],"wp:attachment":[{"href":"https:\/\/fabiocavalcante.com\/blog\/wp-json\/wp\/v2\/media?parent=222"}],"wp:term":[{"taxonomy":"category","embeddable":true,"href":"https:\/\/fabiocavalcante.com\/blog\/wp-json\/wp\/v2\/categories?post=222"},{"taxonomy":"post_tag","embeddable":true,"href":"https:\/\/fabiocavalcante.com\/blog\/wp-json\/wp\/v2\/tags?post=222"}],"curies":[{"name":"wp","href":"https:\/\/api.w.org\/{rel}","templated":true}]}}