{"id":223,"date":"2009-08-07T14:57:00","date_gmt":"2009-08-07T14:57:00","guid":{"rendered":"http:\/\/fabiocavalcante.com\/blog\/?p=223"},"modified":"2025-05-29T03:23:13","modified_gmt":"2025-05-29T03:23:13","slug":"ovelhas","status":"publish","type":"post","link":"https:\/\/fabiocavalcante.com\/blog\/ovelhas\/","title":{"rendered":"Ovelhas"},"content":{"rendered":"\n<p>Publiquei na internet o desenho animado \u201cOvelhas\u201d, da \u201cS\u00f3 H \u2013 Produ\u00e7\u00f5es \u00e1udio-visu\u00e1\u201d, um projeto independente meu e da&nbsp;<a href=\"http:\/\/lucianaleal.art.br\/\" target=\"_blank\" rel=\"noreferrer noopener\">Luciana Leal<\/a>.<\/p>\n\n\n\n<p>\u201cOvelhas\u201d \u00e9 baseado numa ideia de Ina\u00ea Nascimento. O roteiro simples e gracioso, que recebeu adapta\u00e7\u00f5es da Luciana Leal, sugere uma explica\u00e7\u00e3o para as nuvens do c\u00e9u. Toda a produ\u00e7\u00e3o ficou por minha conta (sonoplastia) e da Lu (anima\u00e7\u00e3o em flash); bem como a dire\u00e7\u00e3o, feita por n\u00f3s dois.<\/p>\n\n\n\n<figure class=\"wp-block-embed is-type-video is-provider-youtube wp-block-embed-youtube wp-embed-aspect-4-3 wp-has-aspect-ratio\"><div class=\"wp-block-embed__wrapper\">\n<iframe loading=\"lazy\" title=\"Ovelhas (curta-metragem)\" width=\"500\" height=\"375\" src=\"https:\/\/www.youtube.com\/embed\/rsEIKm2a6BU?feature=oembed\" frameborder=\"0\" allow=\"accelerometer; autoplay; clipboard-write; encrypted-media; gyroscope; picture-in-picture; web-share\" referrerpolicy=\"strict-origin-when-cross-origin\" allowfullscreen><\/iframe>\n<\/div><\/figure>\n\n\n\n<p>Uma palavra sobre a S\u00f3 H:<\/p>\n\n\n\n<p>Eu e Luciana temos um monte de projetos. Com tantas coisas pretendidas, decidimos criar nossa pr\u00f3pria produtora independente e tirar as ideias do papel. Mas o tempo foi passando e as resmas de papel aumentando, at\u00e9 que decidimos batizar a produtora para que ela pudesse parecer um pouco mais real.<\/p>\n\n\n\n<p>\u201c\u00c9gua, a gente \u00e9 s\u00f3 papo furado, s\u00f3 bafo, s\u00f3 embroma\u00e7\u00e3o!\u201d, comentamos uma vez. Assim veio o nome \u201cS\u00f3 H\u201d. Continuamos embromando muita coisa, mas o primeiro produto t\u00e1 no ar. Agora \u00e9 usar mais papel pra continuar anotando as ideias.<\/p>\n\n\n\n<figure class=\"wp-block-image aligncenter size-large\"><img loading=\"lazy\" decoding=\"async\" width=\"369\" height=\"500\" src=\"https:\/\/fabiocavalcante.com\/blog\/wp-content\/uploads\/2009\/08\/ovelha_cartaz.jpg\" alt=\"Cartaz do curta metragem de anima\u00e7\u00e3o Ovelhas\" class=\"wp-image-416\" srcset=\"https:\/\/fabiocavalcante.com\/blog\/wp-content\/uploads\/2009\/08\/ovelha_cartaz.jpg 369w, https:\/\/fabiocavalcante.com\/blog\/wp-content\/uploads\/2009\/08\/ovelha_cartaz-221x300.jpg 221w\" sizes=\"auto, (max-width: 369px) 100vw, 369px\" \/><figcaption class=\"wp-element-caption\">Cartaz por Luciana Leal<\/figcaption><\/figure>\n","protected":false},"excerpt":{"rendered":"<p>Publiquei na internet o desenho animado \u201cOvelhas\u201d, da \u201cS\u00f3 H \u2013 Produ\u00e7\u00f5es \u00e1udio-visu\u00e1\u201d, um projeto independente meu e da&nbsp;Luciana Leal. \u201cOvelhas\u201d \u00e9 baseado numa ideia de Ina\u00ea Nascimento. O roteiro simples e gracioso, que recebeu adapta\u00e7\u00f5es da Luciana Leal, sugere uma explica\u00e7\u00e3o para as nuvens do c\u00e9u. Toda a produ\u00e7\u00e3o ficou por minha conta (sonoplastia) [&hellip;]<\/p>\n","protected":false},"author":1,"featured_media":0,"comment_status":"open","ping_status":"open","sticky":false,"template":"","format":"standard","meta":{"footnotes":""},"categories":[5],"tags":[40],"class_list":["post-223","post","type-post","status-publish","format-standard","hentry","category-videos","tag-trilha-sonora"],"_links":{"self":[{"href":"https:\/\/fabiocavalcante.com\/blog\/wp-json\/wp\/v2\/posts\/223","targetHints":{"allow":["GET"]}}],"collection":[{"href":"https:\/\/fabiocavalcante.com\/blog\/wp-json\/wp\/v2\/posts"}],"about":[{"href":"https:\/\/fabiocavalcante.com\/blog\/wp-json\/wp\/v2\/types\/post"}],"author":[{"embeddable":true,"href":"https:\/\/fabiocavalcante.com\/blog\/wp-json\/wp\/v2\/users\/1"}],"replies":[{"embeddable":true,"href":"https:\/\/fabiocavalcante.com\/blog\/wp-json\/wp\/v2\/comments?post=223"}],"version-history":[{"count":7,"href":"https:\/\/fabiocavalcante.com\/blog\/wp-json\/wp\/v2\/posts\/223\/revisions"}],"predecessor-version":[{"id":4306,"href":"https:\/\/fabiocavalcante.com\/blog\/wp-json\/wp\/v2\/posts\/223\/revisions\/4306"}],"wp:attachment":[{"href":"https:\/\/fabiocavalcante.com\/blog\/wp-json\/wp\/v2\/media?parent=223"}],"wp:term":[{"taxonomy":"category","embeddable":true,"href":"https:\/\/fabiocavalcante.com\/blog\/wp-json\/wp\/v2\/categories?post=223"},{"taxonomy":"post_tag","embeddable":true,"href":"https:\/\/fabiocavalcante.com\/blog\/wp-json\/wp\/v2\/tags?post=223"}],"curies":[{"name":"wp","href":"https:\/\/api.w.org\/{rel}","templated":true}]}}