{"id":224,"date":"2009-07-15T22:43:00","date_gmt":"2009-07-15T22:43:00","guid":{"rendered":"http:\/\/fabiocavalcante.com\/blog\/?p=224"},"modified":"2025-05-30T22:54:40","modified_gmt":"2025-05-30T22:54:40","slug":"trilhas-sonoras-fgc","status":"publish","type":"post","link":"https:\/\/fabiocavalcante.com\/blog\/trilhas-sonoras-fgc\/","title":{"rendered":"Trilhas sonoras FGC"},"content":{"rendered":"\n<p>Assim como na postagem anterior, apresento aqui um novo disco feito com material antigo selecionado. Esta \u00e9 uma sele\u00e7\u00e3o de trilhas sonoras que produzi pra teatro e v\u00eddeo.<\/p>\n\n\n\n<p>Seguem algumas informa\u00e7\u00f5es:<\/p>\n\n\n\n<p>A linda melodia do mantra (faixa 3) \u00e9 do cantor Rafael Nolleto. A letra \u00e9 do Ronald Bergman, o diretor do espet\u00e1culo e grande amigo falecido em junho passado. Minha participa\u00e7\u00e3o aqui est\u00e1 no arranjo das vozes e grava\u00e7\u00e3o.<\/p>\n\n\n\n<p>A m\u00fasica &#8220;\u00c9 a pororoca&#8221; (faixa 5) \u00e9 do compositor ouremense Rivaldo Lopes. A original chama-se &#8220;\u00c9 o Papa-tudo&#8221;, e \u00e9 uma homenagem a uma aparelhagem local. A adapta\u00e7\u00e3o da letra \u00e9 minha, que foi cantada por Ira\u00e7u Silva, tamb\u00e9m da cidade de Our\u00e9m.<\/p>\n\n\n\n<p>A Valsa (faixa 9) que est\u00e1 aqui como um instrumental, serve de base para uma can\u00e7\u00e3o interpretada ao vivo pelo ator Paulo Ricardo. A melodia \u00e9 da valsa da <a href=\"http:\/\/wikidanca.net\/wiki\/index.php\/Ciranda_do_Norte\" target=\"_blank\" rel=\"noopener noreferrer\">Ciranda do norte<\/a>, do folclore amazonense.<\/p>\n\n\n\n<p><iframe loading=\"lazy\" src=\"https:\/\/archive.org\/embed\/TrilhasSonorasFgc&amp;playlist=1&amp;list_height=230\" width=\"500\" height=\"230\" frameborder=\"0\" webkitallowfullscreen=\"true\" mozallowfullscreen=\"true\" allowfullscreen=\"\"><\/iframe><\/p>\n\n\n\n<p>Baixe o disco Trilhas sonoras FGC, completo, clicando <a href=\"https:\/\/archive.org\/compress\/TrilhasSonorasFgc\/formats=192KBPS%20MP3,JPEG\" target=\"_blank\" rel=\"noreferrer noopener\">aqui (arquivo zip)<\/a>. <\/p>\n\n\n\n<p>E abaixo est\u00e3o mais algumas informa\u00e7\u00f5es das faixas.<\/p>\n\n\n\n<ol class=\"wp-block-list\">\n<li><span style=\"font-size: 100%;\"><u><strong>Constru\u00e7\u00e3o<\/strong><\/u>. <em>Da pe\u00e7a &#8220;Duas t\u00e1buas e uma paix\u00e3o&#8221;<\/em> (2001). Escola de Teatro e Dan\u00e7a da UFPA. Dire\u00e7\u00e3o: Wlad Lima.<\/span><\/li>\n\n\n\n<li><span style=\"font-size: 100%;\"><u><strong>Dan\u00e7a do Enteu<\/strong><\/u>. <em>Da pe\u00e7a &#8220;Ad infinitum&#8221;<\/em> (1999). Companhia Atores Contempor\u00e2neos. Dire\u00e7\u00e3o: Miguel Santa Br\u00edgida.<\/span><\/li>\n\n\n\n<li><span style=\"font-size: 100%;\"><u><strong>Mantra<\/strong><\/u>. <em>Da pe\u00e7a &#8220;Negra mem\u00f3ria&#8221;<\/em> (2008). Dire\u00e7\u00e3o: Ronald Bergman.<\/span><\/li>\n\n\n\n<li><span style=\"font-size: 100%;\"><u><strong>Abertura<\/strong><\/u>. <em>Do curta de anima\u00e7\u00e3o &#8220;A Onda&#8221;<\/em> (2005). Dire\u00e7\u00e3o: C\u00e1ssio Tavernard.<\/span><\/li>\n\n\n\n<li><span style=\"font-size: 100%;\"><u><strong>\u00c9 a Pororoca<\/strong><\/u>. <em>Do curta de anima\u00e7\u00e3o &#8220;A Onda&#8221;<\/em> (2005). Dire\u00e7\u00e3o: C\u00e1ssio Tavernard.<\/span><\/li>\n\n\n\n<li><span style=\"font-size: 100%;\"><u><strong>Lua<\/strong><\/u>. <em>Da pe\u00e7a &#8220;Ora noite, ora dia&#8221;<\/em> (2002). Inbust &#8211; Teatro com bonecos. Dire\u00e7\u00e3o: Adriana Cruz.<\/span><\/li>\n\n\n\n<li><span style=\"font-size: 100%;\"><u><strong>Papel<\/strong><\/u>. <em>Da pe\u00e7a &#8220;Paix\u00e3o barata e Madalenas&#8221;<\/em> (2001). Escola de Teatro e Dan\u00e7a da UFPA. Dire\u00e7\u00e3o: Wlad Lima e Karine Jansen.<\/span><\/li>\n\n\n\n<li><span style=\"font-size: 100%;\"><u><strong>Choque<\/strong><\/u>. <em>Da pe\u00e7a &#8220;Paix\u00e3o barata e Madalenas&#8221;<\/em> (2001). Escola de Teatro e Dan\u00e7a da UFPA. Dire\u00e7\u00e3o: Wlad Lima e Karine Jansen.<\/span><\/li>\n\n\n\n<li><span style=\"font-size: 100%;\"><u><strong>Valsa<\/strong><\/u>. <em>Da pe\u00e7a &#8220;A Peleja da Princesa Mariana e seu P\u00e1ssaro Gar\u00e7a Dourada contra a terr\u00edvel Rainha Val\u00e9ria de Marambaia e a Feiticeira do Mal&#8221;<\/em> (2002). Inbust &#8211; Teatro com bonecos. Dire\u00e7\u00e3o: Adriana Cruz.<\/span><\/li>\n\n\n\n<li><span style=\"font-size: 100%;\"><u><strong>Quem manda ser tra\u00edra?<\/strong><\/u>\u00a0<em>Do curta de anima\u00e7\u00e3o &#8220;O Rapto do Peixe-boi&#8221; <\/em>(2009). Dire\u00e7\u00e3o: C\u00e1ssio Tavernard e Rodrigo Aben-Athar.<\/span><\/li>\n<\/ol>\n","protected":false},"excerpt":{"rendered":"<p>Assim como na postagem anterior, apresento aqui um novo disco feito com material antigo selecionado. Esta \u00e9 uma sele\u00e7\u00e3o de trilhas sonoras que produzi pra teatro e v\u00eddeo. Seguem algumas informa\u00e7\u00f5es: A linda melodia do mantra (faixa 3) \u00e9 do cantor Rafael Nolleto. A letra \u00e9 do Ronald Bergman, o diretor do espet\u00e1culo e grande [&hellip;]<\/p>\n","protected":false},"author":1,"featured_media":0,"comment_status":"open","ping_status":"open","sticky":false,"template":"","format":"standard","meta":{"footnotes":""},"categories":[2],"tags":[40],"class_list":["post-224","post","type-post","status-publish","format-standard","hentry","category-musicas-audios","tag-trilha-sonora"],"_links":{"self":[{"href":"https:\/\/fabiocavalcante.com\/blog\/wp-json\/wp\/v2\/posts\/224","targetHints":{"allow":["GET"]}}],"collection":[{"href":"https:\/\/fabiocavalcante.com\/blog\/wp-json\/wp\/v2\/posts"}],"about":[{"href":"https:\/\/fabiocavalcante.com\/blog\/wp-json\/wp\/v2\/types\/post"}],"author":[{"embeddable":true,"href":"https:\/\/fabiocavalcante.com\/blog\/wp-json\/wp\/v2\/users\/1"}],"replies":[{"embeddable":true,"href":"https:\/\/fabiocavalcante.com\/blog\/wp-json\/wp\/v2\/comments?post=224"}],"version-history":[{"count":11,"href":"https:\/\/fabiocavalcante.com\/blog\/wp-json\/wp\/v2\/posts\/224\/revisions"}],"predecessor-version":[{"id":4545,"href":"https:\/\/fabiocavalcante.com\/blog\/wp-json\/wp\/v2\/posts\/224\/revisions\/4545"}],"wp:attachment":[{"href":"https:\/\/fabiocavalcante.com\/blog\/wp-json\/wp\/v2\/media?parent=224"}],"wp:term":[{"taxonomy":"category","embeddable":true,"href":"https:\/\/fabiocavalcante.com\/blog\/wp-json\/wp\/v2\/categories?post=224"},{"taxonomy":"post_tag","embeddable":true,"href":"https:\/\/fabiocavalcante.com\/blog\/wp-json\/wp\/v2\/tags?post=224"}],"curies":[{"name":"wp","href":"https:\/\/api.w.org\/{rel}","templated":true}]}}