{"id":225,"date":"2009-07-15T19:28:00","date_gmt":"2009-07-15T19:28:00","guid":{"rendered":"http:\/\/fabiocavalcante.com\/blog\/?p=225"},"modified":"2025-05-30T21:50:13","modified_gmt":"2025-05-30T21:50:13","slug":"fgc-vol-0","status":"publish","type":"post","link":"https:\/\/fabiocavalcante.com\/blog\/fgc-vol-0\/","title":{"rendered":"FGC Vol. 0"},"content":{"rendered":"\n<p>Aqui est\u00e3o 8 m\u00fasicas gravadas por mim nos anos de 1999 e 2000. Elas n\u00e3o foram feitas pra compor um \u00e1lbum, mas como s\u00e3o pe\u00e7as avulsas produzidas antes do disco&nbsp;<a href=\"https:\/\/fabiocavalcante.com\/musicas\/fgc-vol-1\/\" target=\"_blank\" rel=\"noreferrer noopener\">FGC Vol. 1<\/a>, resolvi reun\u00ed-las agora sob o t\u00edtulo FGC Vol. 0.<\/p>\n\n\n\n<figure class=\"wp-block-image aligncenter size-large\"><img loading=\"lazy\" decoding=\"async\" width=\"600\" height=\"301\" src=\"https:\/\/fabiocavalcante.com\/blog\/wp-content\/uploads\/2009\/07\/capa_fgcvolume0.jpg\" alt=\"Capa do \u00e1lbum FGC. Vol. 0, de F\u00e1bio Cavalcante, por Luciana Leal\" class=\"wp-image-520\" srcset=\"https:\/\/fabiocavalcante.com\/blog\/wp-content\/uploads\/2009\/07\/capa_fgcvolume0.jpg 600w, https:\/\/fabiocavalcante.com\/blog\/wp-content\/uploads\/2009\/07\/capa_fgcvolume0-300x151.jpg 300w\" sizes=\"auto, (max-width: 600px) 100vw, 600px\" \/><figcaption class=\"wp-element-caption\">Arte da capa de Luciana Leal<\/figcaption><\/figure>\n\n\n\n<p>A capa do disco \u00e9 da&nbsp;<a href=\"http:\/\/lucianaleal.art.br\/\" target=\"_blank\" rel=\"noreferrer noopener\">Luciana Leal<\/a>. O instrumental \u00e9 quase todo eletr\u00f4nico, criado com um sequenciador&nbsp;<a href=\"http:\/\/www.bossus.com\/gear\/productdetails.php?ProductId=115\" target=\"_blank\" rel=\"noreferrer noopener\">dr5<\/a>&nbsp;da Boss e soundfonts (o mesmo instrumental usado no FGC Vol. 1). O&nbsp;<a href=\"https:\/\/open.spotify.com\/artist\/7cKWRupZws7hUlVMpZ9T7t\" target=\"_blank\" rel=\"noreferrer noopener\">Allan Carvalho<\/a>&nbsp;participa cantando a ainda in\u00e9dita \u201cGuar\u00e2nia\u201d, do Ronaldo Silva. O t\u00edtulo Guar\u00e2nia foi dado por mim e pelo Allan, j\u00e1 que o Ronaldo nunca definiu o nome dela. Caso isso venha a acontecer, eu troco mais tarde.<\/p>\n\n\n\n<p>A partitura de \u201c3,1415926535897932384626433832795\u201d (faixa 6) pode ser baixada&nbsp;<a rel=\"noreferrer noopener\" href=\"http:\/\/www.fabiocavalcante.com\/textos\/PartiturasFGC_31415926535897932384626433832795_1995.pdf\" target=\"_blank\">aqui<\/a>. Ou\u00e7a as m\u00fasicas no <em>player<\/em> abaixo.<\/p>\n\n\n\n<p><iframe style=\"border: 0; width: 350px; height: 786px;\" src=\"https:\/\/bandcamp.com\/EmbeddedPlayer\/album=1881560288\/size=large\/bgcol=ffffff\/linkcol=0687f5\/transparent=true\/\" seamless=\"\"><a href=\"https:\/\/fabiocavalcante.bandcamp.com\/album\/fgc-vol-0\">FGC, Vol. 0 by F\u00e1bio Cavalcante<\/a><\/iframe><\/p>\n\n\n\n<p>A ficha t\u00e9cnica \u00e9 a seguinte:<\/p>\n\n\n\n<ol class=\"wp-block-list\">\n<li><strong>Lundu dos caboclos<\/strong>\u00a0(<em>Waldemar Henrique \/ Jo\u00e3o de Jesus Paes Loreiro<\/em>) \u2013 2:44. Instrumentos eletr\u00f4nicos, viol\u00e3o e voz: F\u00e1bio Cavalcante.<\/li>\n\n\n\n<li><strong>Retumb\u00e3o<\/strong>\u00a0(<em>DP \u2013 Dom\u00ednio P\u00fablico<\/em>) \u2013 2:49. Instrumentos eletr\u00f4nicos e viol\u00e3o: F\u00e1bio Cavalcante.<\/li>\n\n\n\n<li><strong>Os 8 batutas<\/strong>\u00a0(<em>Pixinguinha \/ Benedito Lacerda<\/em>) \u2013 5:01. Instrumentos eletr\u00f4nicos: F\u00e1bio Cavalcante.<\/li>\n\n\n\n<li><strong>A \u00faltima papa do beb\u00ea<\/strong>\u00a0(<em>F\u00e1bio Cavalcante<\/em>) \u2013 5:02. Instrumentos eletr\u00f4nicos: F\u00e1bio Cavalcante.<\/li>\n\n\n\n<li><strong>Lundu<\/strong>\u00a0(<em>DP \u2013 Dom\u00ednio P\u00fablico<\/em>) \u2013 2:40. Instrumentos eletr\u00f4nicos: F\u00e1bio Cavalcante.<\/li>\n\n\n\n<li><strong>3,1415926535897932384626433832795<\/strong>\u00a0(<em>F\u00e1bio Cavalcante<\/em>) \u2013 1:42. Instrumentos eletr\u00f4nicos: F\u00e1bio Cavalcante.<\/li>\n\n\n\n<li><strong>Rodopiado<\/strong>\u00a0(<em>Ronaldo Silva<\/em>) \u2013 3:15. Instrumentos eletr\u00f4nicos e voz: F\u00e1bio Cavalcante.<\/li>\n\n\n\n<li><strong>Lanceio<\/strong>\u00a0(<em>Ronaldo Silva<\/em>) \u2013 3:04. Viol\u00f5es: F\u00e1bio Cavalcante. Voz: Allan Carvalho.<\/li>\n\n\n\n<li><strong>Tico-tico no fub\u00e1<\/strong> (<em>Zequinha de Abreu<\/em>) &#8211; 2:17. Instrumentos eletr\u00f4nicos: F\u00e1bio Cavalcante.<\/li>\n\n\n\n<li><strong>Uirapuru<\/strong> (<em>Waldemar Henrique<\/em>) &#8211; 05:49. Instrumentos eletr\u00f4nicos e voz: F\u00e1bio Cavalcante.<\/li>\n<\/ol>\n","protected":false},"excerpt":{"rendered":"<p>Aqui est\u00e3o 8 m\u00fasicas gravadas por mim nos anos de 1999 e 2000. Elas n\u00e3o foram feitas pra compor um \u00e1lbum, mas como s\u00e3o pe\u00e7as avulsas produzidas antes do disco&nbsp;FGC Vol. 1, resolvi reun\u00ed-las agora sob o t\u00edtulo FGC Vol. 0. A capa do disco \u00e9 da&nbsp;Luciana Leal. O instrumental \u00e9 quase todo eletr\u00f4nico, criado [&hellip;]<\/p>\n","protected":false},"author":1,"featured_media":0,"comment_status":"open","ping_status":"open","sticky":false,"template":"","format":"standard","meta":{"footnotes":""},"categories":[2],"tags":[28,85],"class_list":["post-225","post","type-post","status-publish","format-standard","hentry","category-musicas-audios","tag-album","tag-allan-carvalho"],"_links":{"self":[{"href":"https:\/\/fabiocavalcante.com\/blog\/wp-json\/wp\/v2\/posts\/225","targetHints":{"allow":["GET"]}}],"collection":[{"href":"https:\/\/fabiocavalcante.com\/blog\/wp-json\/wp\/v2\/posts"}],"about":[{"href":"https:\/\/fabiocavalcante.com\/blog\/wp-json\/wp\/v2\/types\/post"}],"author":[{"embeddable":true,"href":"https:\/\/fabiocavalcante.com\/blog\/wp-json\/wp\/v2\/users\/1"}],"replies":[{"embeddable":true,"href":"https:\/\/fabiocavalcante.com\/blog\/wp-json\/wp\/v2\/comments?post=225"}],"version-history":[{"count":13,"href":"https:\/\/fabiocavalcante.com\/blog\/wp-json\/wp\/v2\/posts\/225\/revisions"}],"predecessor-version":[{"id":4542,"href":"https:\/\/fabiocavalcante.com\/blog\/wp-json\/wp\/v2\/posts\/225\/revisions\/4542"}],"wp:attachment":[{"href":"https:\/\/fabiocavalcante.com\/blog\/wp-json\/wp\/v2\/media?parent=225"}],"wp:term":[{"taxonomy":"category","embeddable":true,"href":"https:\/\/fabiocavalcante.com\/blog\/wp-json\/wp\/v2\/categories?post=225"},{"taxonomy":"post_tag","embeddable":true,"href":"https:\/\/fabiocavalcante.com\/blog\/wp-json\/wp\/v2\/tags?post=225"}],"curies":[{"name":"wp","href":"https:\/\/api.w.org\/{rel}","templated":true}]}}