{"id":226,"date":"2009-05-13T02:30:00","date_gmt":"2009-05-13T02:30:00","guid":{"rendered":"http:\/\/fabiocavalcante.com\/blog\/?p=226"},"modified":"2025-05-31T01:41:26","modified_gmt":"2025-05-31T01:41:26","slug":"caderno-de-arranjos-musicais-da-turma-do-5-semestre","status":"publish","type":"post","link":"https:\/\/fabiocavalcante.com\/blog\/caderno-de-arranjos-musicais-da-turma-do-5-semestre\/","title":{"rendered":"Caderno de Arranjos Musicais da Turma do 5\u00ba semestre do Curso de M\u00fasica (UEPA, Santar\u00e9m)"},"content":{"rendered":"\n<p>Este caderno de arranjos musicais foi criado junto com meus alunos da disciplina &#8220;Arranjo e Improvisa\u00e7\u00e3o&#8221;, da turma de 2007 (5\u00b0 semestre) do curso de Licenciatura em M\u00fasica da <a href=\"http:\/\/www.uepa.br\/\">UEPA<\/a>, em Santar\u00e9m, entre 13 a 24 de abril de 2009. <\/p>\n\n\n\n<div class=\"wp-block-columns has-light-gray-background-color has-background is-layout-flex wp-container-core-columns-is-layout-28f84493 wp-block-columns-is-layout-flex\" style=\"border-top-color:var(--wp--preset--color--accent-6);border-top-width:1px;border-bottom-color:var(--wp--preset--color--accent-6);border-bottom-width:1px\">\n<div class=\"wp-block-column is-layout-flow wp-block-column-is-layout-flow\" style=\"flex-basis:33.33%\">\n<figure class=\"wp-block-image size-full has-custom-border\"><a href=\"https:\/\/archive.org\/download\/BlogFGC41_CadernoDePartiturasSantarem2009\/BlogFGC_ArranjosMusicaisDaTurma2007_UEPA_Santarem.pdf\" target=\"_blank\" rel=\"noopener\"><img loading=\"lazy\" decoding=\"async\" width=\"250\" height=\"352\" src=\"https:\/\/fabiocavalcante.com\/blog\/wp-content\/uploads\/2009\/05\/songbook_CadernoDeArranjosDaUepa_Santarem2009.jpg\" alt=\"\" class=\"has-border-color has-accent-6-border-color wp-image-4588\" style=\"border-width:1px\" srcset=\"https:\/\/fabiocavalcante.com\/blog\/wp-content\/uploads\/2009\/05\/songbook_CadernoDeArranjosDaUepa_Santarem2009.jpg 250w, https:\/\/fabiocavalcante.com\/blog\/wp-content\/uploads\/2009\/05\/songbook_CadernoDeArranjosDaUepa_Santarem2009-213x300.jpg 213w\" sizes=\"auto, (max-width: 250px) 100vw, 250px\" \/><\/a><\/figure>\n<\/div>\n\n\n\n<div class=\"wp-block-column is-layout-flow wp-block-column-is-layout-flow\" style=\"flex-basis:66.66%\">\n<pre class=\"wp-block-preformatted\"><strong>Arranjos musicais da turma do 5\u00ba semestre do Curso de Licenciatura em M\u00fasica<\/strong>&nbsp;(<em>2009, Santar\u00e9m, Par\u00e1<\/em>). Arranjos criados na aula de \"Arranjo e Improvisa\u00e7\u00e3o\" da UEPA de Santar\u00e9m.<\/pre>\n\n\n\n<figure class=\"wp-block-image size-full is-resized\"><a href=\"https:\/\/archive.org\/download\/BlogFGC41_CadernoDePartiturasSantarem2009\/BlogFGC_ArranjosMusicaisDaTurma2007_UEPA_Santarem.pdf\" target=\"_blank\" rel=\" noreferrer noopener\"><img loading=\"lazy\" decoding=\"async\" width=\"178\" height=\"173\" src=\"https:\/\/fabiocavalcante.com\/blog\/wp-content\/uploads\/2017\/12\/Icon-Download.png\" alt=\"\" class=\"wp-image-2669\" style=\"width:70px\"\/><\/a><\/figure>\n<\/div>\n<\/div>\n\n\n\n<p>Junto com o caderno fiz as grava\u00e7\u00f5es dos arranjos, interpretados pelos mesmos alunos da turma de 2007 (com exce\u00e7\u00e3o da flauta doce, tocada por mim). S\u00e3o eles: Bruno Vieira (guitarra), Jos\u00e9 Brindeiro (trompete), Jos\u00e9 Janderson (viol\u00e3o), Kleberto Corr\u00eaa (piano), Lu\u00eds Ac\u00e1cio (flauta transversal) e Lucenildo Soares &#8220;Corona&#8221; (percuss\u00e3o). Essas grava\u00e7\u00f5es foram feitas em 25 de abril de 2009, no laborat\u00f3rio de m\u00fasica da UEPA\/Santar\u00e9m. <\/p>\n\n\n\n<p><iframe loading=\"lazy\" src=\"https:\/\/archive.org\/embed\/BlogFGC41_CadernoDePartiturasSantarem2009audios&amp;playlist=1&amp;list_height=130\" width=\"500\" height=\"130\" frameborder=\"0\" webkitallowfullscreen=\"true\" mozallowfullscreen=\"true\" allowfullscreen=\"\"><\/iframe><\/p>\n\n\n\n<p>Para baixar as m\u00fasicas, clique <a href=\"https:\/\/archive.org\/compress\/BlogFGC41_CadernoDePartiturasSantarem2009audios\/formats=192KBPS%20MP3,JPEG\" target=\"_blank\" rel=\"noreferrer noopener\">aqui (arquivo zip)<\/a>.<\/p>\n\n\n\n<h6 class=\"wp-block-heading\">Atualiza\u00e7\u00e3o de 16 de julho de 2010<\/h6>\n\n\n\n<p>Repetindo a parada do ano passado, os \u00e1udios e partituras a seguir s\u00e3o de arranjos feitos pelos alunos da turma de 2008 (5\u00ba semestre) do curso de m\u00fasica da UEPA (p\u00f3lo Santar\u00e9m), durante as aulas de \u201carranjo e improvisa\u00e7\u00e3o\u201d, ministradas por mim neste 2010. Aproveitando temas musicais gravados no projeto de mapeamento e registro que estou fazendo com o&nbsp;<a rel=\"noreferrer noopener\" href=\"https:\/\/casabrasilstm.wordpress.com\/category\/puraque\/\" target=\"_blank\">Coletivo Puraqu\u00e9<\/a>, v\u00e1rios arranjos foram criados sobre melodias do repert\u00f3rio do grupo Nossas Lembran\u00e7as (saiba mais sobre ele neste&nbsp;<a rel=\"noreferrer noopener\" href=\"https:\/\/fabiocavalcante.com\/blog\/nossas-lembrancas-no-estudio-livre-do-puraque\/\" target=\"_blank\">post<\/a>). Curta a\u00ed o novo caderno.<\/p>\n\n\n\n<div class=\"wp-block-columns has-light-gray-background-color has-background is-layout-flex wp-container-core-columns-is-layout-28f84493 wp-block-columns-is-layout-flex\" style=\"border-top-color:var(--wp--preset--color--accent-6);border-top-width:1px;border-bottom-color:var(--wp--preset--color--accent-6);border-bottom-width:1px\">\n<div class=\"wp-block-column is-layout-flow wp-block-column-is-layout-flow\" style=\"flex-basis:33.33%\">\n<figure class=\"wp-block-image size-full has-custom-border\"><a href=\"https:\/\/archive.org\/download\/PartiturasDoCadernoDeArranjosDaTurma2008DaUepaSantarem\/CadernoDeArranjosDaTurma2008DaUepaSantarem.pdf\" target=\"_blank\" rel=\"noopener\"><img loading=\"lazy\" decoding=\"async\" width=\"250\" height=\"353\" src=\"https:\/\/fabiocavalcante.com\/blog\/wp-content\/uploads\/2009\/05\/songbook_CadernoDeArranjosDaUepa_Santarem2010.jpg\" alt=\"\" class=\"has-border-color has-accent-6-border-color wp-image-4591\" style=\"border-width:1px\" srcset=\"https:\/\/fabiocavalcante.com\/blog\/wp-content\/uploads\/2009\/05\/songbook_CadernoDeArranjosDaUepa_Santarem2010.jpg 250w, https:\/\/fabiocavalcante.com\/blog\/wp-content\/uploads\/2009\/05\/songbook_CadernoDeArranjosDaUepa_Santarem2010-212x300.jpg 212w\" sizes=\"auto, (max-width: 250px) 100vw, 250px\" \/><\/a><\/figure>\n<\/div>\n\n\n\n<div class=\"wp-block-column is-layout-flow wp-block-column-is-layout-flow\" style=\"flex-basis:66.66%\">\n<pre class=\"wp-block-preformatted\"><strong>Arranjos musicais da turma do 5\u00ba semestre do Curso de Licenciatura em M\u00fasica<\/strong>&nbsp;(<em>2010, Santar\u00e9m, Par\u00e1<\/em>). Arranjos criados na aula de \"Arranjo e Improvisa\u00e7\u00e3o\" da UEPA de Santar\u00e9m.<\/pre>\n\n\n\n<figure class=\"wp-block-image size-full is-resized\"><a href=\"https:\/\/archive.org\/download\/PartiturasDoCadernoDeArranjosDaTurma2008DaUepaSantarem\/CadernoDeArranjosDaTurma2008DaUepaSantarem.pdf\" target=\"_blank\" rel=\" noreferrer noopener\"><img loading=\"lazy\" decoding=\"async\" width=\"178\" height=\"173\" src=\"https:\/\/fabiocavalcante.com\/blog\/wp-content\/uploads\/2017\/12\/Icon-Download.png\" alt=\"\" class=\"wp-image-2669\" style=\"width:70px\"\/><\/a><\/figure>\n<\/div>\n<\/div>\n\n\n\n<p>As grava\u00e7\u00f5es dos arranjos, interpretados pelos pr\u00f3prios alunos, t\u00e3o aqui.<\/p>\n\n\n\n<p><iframe loading=\"lazy\" src=\"https:\/\/archive.org\/embed\/CadernoDeArranjosDaUepaDeSantarm2010&amp;playlist=1&amp;list_height=110\" width=\"500\" height=\"110\" frameborder=\"0\" webkitallowfullscreen=\"true\" mozallowfullscreen=\"true\" allowfullscreen=\"\"><\/iframe><\/p>\n\n\n\n<p>A ficha t\u00e9cnica \u00e9 a seguinte:<\/p>\n\n\n\n<ul class=\"wp-block-list\">\n<li><strong>Dan\u00e7a da mata<\/strong> (<em>Beto Paix\u00e3o \u2013 Arranjo de Leogiery Lira e Miriany Japson<\/em>). Com Leogiery Lira Pereira (clarinete), Miriany Japson (viol\u00e3o) e Lu\u00eds Ac\u00e1cio (pandeiro).<\/li>\n\n\n\n<li><strong>Eu fa\u00e7o brega<\/strong> (<em>Raimundo Pimentel \u2013 Arranjo de Ediene Mota, Jedel Salgado, Lu\u00eds Ac\u00e1cio e Ronnyere Rodrigues<\/em>). Com Jedel Gomes Salgado (trompete), Ediene Mota Pinto (voz), Ronnyere da Silva Rodrigues: (flauta doce contralto) e Lu\u00eds Ac\u00e1cio (pandeiro).<\/li>\n\n\n\n<li><strong>Mambo <\/strong>(<em>Dom\u00ednio P\u00fablico \u2013 Arranjo de Diego Torres, Leogiery Lira, Miriany Japson e Wenderson Oliveira<\/em>). Com Leogiery Lira Pereira (flauta doce), Miriany Japson (viol\u00e3o) e Lu\u00eds Ac\u00e1cio (pandeiro).<\/li>\n\n\n\n<li><strong>Z\u00e9 Marmita<\/strong> (<em>Dom\u00ednio P\u00fablico \u2013 Arranjo de Daniele Patr\u00edcia, Ena Carina, Priscila Tha\u00eds e Renata Souza<\/em>). Com Ena Carina dos Santos Oliveira (flauta doce), e Priscila Tha\u00eds de Sousa Moreira (viol\u00e3o).<\/li>\n<\/ul>\n\n\n\n<p>Pra baixar as m\u00fasicas deste segundo caderno, clique&nbsp;<a href=\"https:\/\/archive.org\/compress\/CadernoDeArranjosDaUepaDeSantarm2010\/formats=192KBPS%20MP3,JPEG\" target=\"_blank\" rel=\"noreferrer noopener\">aqui (arquivo zip)<\/a>.<\/p>\n","protected":false},"excerpt":{"rendered":"<p>Este caderno de arranjos musicais foi criado junto com meus alunos da disciplina &#8220;Arranjo e Improvisa\u00e7\u00e3o&#8221;, da turma de 2007 (5\u00b0 semestre) do curso de Licenciatura em M\u00fasica da UEPA, em Santar\u00e9m, entre 13 a 24 de abril de 2009. Arranjos musicais da turma do 5\u00ba semestre do Curso de Licenciatura em M\u00fasica&nbsp;(2009, Santar\u00e9m, Par\u00e1). [&hellip;]<\/p>\n","protected":false},"author":1,"featured_media":0,"comment_status":"open","ping_status":"open","sticky":false,"template":"","format":"standard","meta":{"footnotes":""},"categories":[2,4],"tags":[49,19,32],"class_list":["post-226","post","type-post","status-publish","format-standard","hentry","category-musicas-audios","category-partituras","tag-arranjo","tag-flauta-doce","tag-santarem"],"_links":{"self":[{"href":"https:\/\/fabiocavalcante.com\/blog\/wp-json\/wp\/v2\/posts\/226","targetHints":{"allow":["GET"]}}],"collection":[{"href":"https:\/\/fabiocavalcante.com\/blog\/wp-json\/wp\/v2\/posts"}],"about":[{"href":"https:\/\/fabiocavalcante.com\/blog\/wp-json\/wp\/v2\/types\/post"}],"author":[{"embeddable":true,"href":"https:\/\/fabiocavalcante.com\/blog\/wp-json\/wp\/v2\/users\/1"}],"replies":[{"embeddable":true,"href":"https:\/\/fabiocavalcante.com\/blog\/wp-json\/wp\/v2\/comments?post=226"}],"version-history":[{"count":45,"href":"https:\/\/fabiocavalcante.com\/blog\/wp-json\/wp\/v2\/posts\/226\/revisions"}],"predecessor-version":[{"id":4621,"href":"https:\/\/fabiocavalcante.com\/blog\/wp-json\/wp\/v2\/posts\/226\/revisions\/4621"}],"wp:attachment":[{"href":"https:\/\/fabiocavalcante.com\/blog\/wp-json\/wp\/v2\/media?parent=226"}],"wp:term":[{"taxonomy":"category","embeddable":true,"href":"https:\/\/fabiocavalcante.com\/blog\/wp-json\/wp\/v2\/categories?post=226"},{"taxonomy":"post_tag","embeddable":true,"href":"https:\/\/fabiocavalcante.com\/blog\/wp-json\/wp\/v2\/tags?post=226"}],"curies":[{"name":"wp","href":"https:\/\/api.w.org\/{rel}","templated":true}]}}