{"id":227,"date":"2009-03-19T19:31:00","date_gmt":"2009-03-19T19:31:00","guid":{"rendered":"http:\/\/fabiocavalcante.com\/blog\/?p=227"},"modified":"2025-06-11T02:00:48","modified_gmt":"2025-06-11T02:00:48","slug":"11-partituras","status":"publish","type":"post","link":"https:\/\/fabiocavalcante.com\/blog\/11-partituras\/","title":{"rendered":"11 Partituras"},"content":{"rendered":"\n<p>Publiquei na internet 11 partituras minhas. Com exce\u00e7\u00e3o de &#8220;Mestre Cardoso Direto&#8221;, um pout-pourri para orquestra com temas de <a href=\"https:\/\/fgcproducoes.fabiocavalcante.com\/artistas\/mestre-cardoso\/\" target=\"_blank\" rel=\"noreferrer noopener\">Mestre Cardoso<\/a>, escrita em 2008; todas as outras s\u00e3o da d\u00e9cada de 90, e para diversas forma\u00e7\u00f5es instrumentais. Al\u00e9m de &#8220;Mestre Cardoso Direto&#8221;, tocada pela <a href=\"https:\/\/www.theatrodapaz.com.br\/orquestra-sinf%C3%B4nica-do-theatro-da-paz\" target=\"_blank\" rel=\"noreferrer noopener\">OSTP<\/a> (a m\u00fasica foi encomendada pelo maestro <a href=\"https:\/\/www.instagram.com\/mateusaraujomaestro\/\" target=\"_blank\" rel=\"noreferrer noopener\">Mateus Araujo<\/a> para um concerto em homenagem ao amo de boi de Our\u00e9m &#8211; ler sobre esse evento <a href=\"https:\/\/fabiocavalcante.com\/blog\/ostp-e-mestre-cardoso-no-teatro-da-paz\/\" target=\"_blank\" rel=\"noopener\">aqui neste post<\/a>), a pe\u00e7a &#8220;O Diabo na Terra das Bananas&#8221; foi executada anteriormente, pelo cellista Arthur Alves, em 1997; e em 98 o cantor Edelmiro Soares interpretou &#8220;Tr\u00eas de mim&#8221; no seu show Cantos do Brasil. Eu mesmo gravei mais tarde essa m\u00fasica no meu primeiro disco (ou\u00e7a <a href=\"https:\/\/open.spotify.com\/track\/0GDEOMUpBuSnGqTTPtT5sJ\">aqui<\/a>). As demais permanecem in\u00e9ditas.<\/p>\n\n\n\n<p>As partituras foram editadas por mim, e est\u00e3o na \u00edntegra, apresentando as grades completas e todas as partes cavas, quase sempre em formato A4.<\/p>\n\n\n\n<div class=\"wp-block-columns has-light-gray-background-color has-background is-layout-flex wp-container-core-columns-is-layout-28f84493 wp-block-columns-is-layout-flex\" style=\"border-top-color:var(--wp--preset--color--accent-6);border-top-width:1px;border-bottom-color:var(--wp--preset--color--accent-6);border-bottom-width:1px\">\n<div class=\"wp-block-column is-layout-flow wp-block-column-is-layout-flow\" style=\"flex-basis:33.33%\">\n<figure class=\"wp-block-image size-full has-custom-border\"><a href=\"https:\/\/archive.org\/download\/MestreCardosoDireto\/MestreCardosoDireto.pdf\" target=\"_blank\" rel=\"noopener\"><img loading=\"lazy\" decoding=\"async\" width=\"250\" height=\"346\" src=\"https:\/\/fabiocavalcante.com\/blog\/wp-content\/uploads\/2009\/03\/livro-composicoes-mestre-cardoso-direto.webp\" alt=\"\" class=\"wp-image-4829\" style=\"border-style:none;border-width:0px\" srcset=\"https:\/\/fabiocavalcante.com\/blog\/wp-content\/uploads\/2009\/03\/livro-composicoes-mestre-cardoso-direto.webp 250w, https:\/\/fabiocavalcante.com\/blog\/wp-content\/uploads\/2009\/03\/livro-composicoes-mestre-cardoso-direto-217x300.webp 217w\" sizes=\"auto, (max-width: 250px) 100vw, 250px\" \/><\/a><\/figure>\n<\/div>\n\n\n\n<div class=\"wp-block-column is-layout-flow wp-block-column-is-layout-flow\" style=\"flex-basis:66.66%\">\n<pre class=\"wp-block-preformatted\"><strong><a href=\"https:\/\/archive.org\/download\/MestreCardosoDireto\/MestreCardosoDireto.pdf\" target=\"_blank\" rel=\"noreferrer noopener nofollow\">Mestre Cardoso Direto<\/a><\/strong> (<em>2008, Bel\u00e9m, Par\u00e1<\/em>). Pe\u00e7a para Orquestra baseada em toadas de Mestre Cardoso, amo do boi Ouro Fino de Our\u00e9m. A pe\u00e7a foi tocada pela Orquestra Sinf\u00f4nica do Theatro da Paz, em outubro de 2008, durante evento em homenagem ao Mestre.<\/pre>\n\n\n\n<figure class=\"wp-block-image size-full is-resized\"><a href=\"https:\/\/archive.org\/download\/MestreCardosoDireto\/MestreCardosoDireto.pdf\" target=\"_blank\" rel=\" noreferrer noopener\"><img loading=\"lazy\" decoding=\"async\" width=\"178\" height=\"173\" src=\"https:\/\/fabiocavalcante.com\/blog\/wp-content\/uploads\/2017\/12\/Icon-Download.png\" alt=\"\" class=\"wp-image-2669\" style=\"width:70px\"\/><\/a><\/figure>\n<\/div>\n<\/div>\n\n\n\n<div class=\"wp-block-columns has-light-gray-background-color has-background is-layout-flex wp-container-core-columns-is-layout-28f84493 wp-block-columns-is-layout-flex\" style=\"border-top-color:var(--wp--preset--color--accent-6);border-top-width:1px;border-bottom-color:var(--wp--preset--color--accent-6);border-bottom-width:1px\">\n<div class=\"wp-block-column is-layout-flow wp-block-column-is-layout-flow\" style=\"flex-basis:33.33%\">\n<figure class=\"wp-block-image size-full has-custom-border\"><a href=\"https:\/\/archive.org\/download\/EitaPauPereira\/EitaPauPereira.pdf\" target=\"_blank\" rel=\"noopener\"><img loading=\"lazy\" decoding=\"async\" width=\"250\" height=\"346\" src=\"https:\/\/fabiocavalcante.com\/blog\/wp-content\/uploads\/2009\/03\/livro-composicoes-eita-pau-pereira.webp\" alt=\"\" class=\"wp-image-4830\" style=\"border-style:none;border-width:0px\" srcset=\"https:\/\/fabiocavalcante.com\/blog\/wp-content\/uploads\/2009\/03\/livro-composicoes-eita-pau-pereira.webp 250w, https:\/\/fabiocavalcante.com\/blog\/wp-content\/uploads\/2009\/03\/livro-composicoes-eita-pau-pereira-217x300.webp 217w\" sizes=\"auto, (max-width: 250px) 100vw, 250px\" \/><\/a><\/figure>\n<\/div>\n\n\n\n<div class=\"wp-block-column is-layout-flow wp-block-column-is-layout-flow\" style=\"flex-basis:66.66%\">\n<pre class=\"wp-block-preformatted\"><strong><a href=\"https:\/\/archive.org\/download\/EitaPauPereira\/EitaPauPereira.pdf\" target=\"_blank\" rel=\"noreferrer noopener nofollow\">Eita pau pereira<\/a><\/strong> (<em>1999, Bel\u00e9m, Par\u00e1<\/em>). Partitura musical para orquestra.<\/pre>\n\n\n\n<figure class=\"wp-block-image size-full is-resized\"><a href=\"https:\/\/archive.org\/download\/EitaPauPereira\/EitaPauPereira.pdf\" target=\"_blank\" rel=\" noreferrer noopener\"><img loading=\"lazy\" decoding=\"async\" width=\"178\" height=\"173\" src=\"https:\/\/fabiocavalcante.com\/blog\/wp-content\/uploads\/2017\/12\/Icon-Download.png\" alt=\"\" class=\"wp-image-2669\" style=\"width:70px\"\/><\/a><\/figure>\n<\/div>\n<\/div>\n\n\n\n<div class=\"wp-block-columns has-light-gray-background-color has-background is-layout-flex wp-container-core-columns-is-layout-28f84493 wp-block-columns-is-layout-flex\" style=\"border-top-color:var(--wp--preset--color--accent-6);border-top-width:1px;border-bottom-color:var(--wp--preset--color--accent-6);border-bottom-width:1px\">\n<div class=\"wp-block-column is-layout-flow wp-block-column-is-layout-flow\" style=\"flex-basis:33.33%\">\n<figure class=\"wp-block-image size-full has-custom-border\"><a href=\"https:\/\/archive.org\/download\/AindaOntemEleComeuOBife\/AindaOntemEleComeuOBife.pdf\" target=\"_blank\" rel=\"noopener\"><img loading=\"lazy\" decoding=\"async\" width=\"250\" height=\"346\" src=\"https:\/\/fabiocavalcante.com\/blog\/wp-content\/uploads\/2009\/03\/livro-composicoes-ainda-ontem-ele-comeu-o-bife.webp\" alt=\"\" class=\"wp-image-4831\" style=\"border-style:none;border-width:0px\" srcset=\"https:\/\/fabiocavalcante.com\/blog\/wp-content\/uploads\/2009\/03\/livro-composicoes-ainda-ontem-ele-comeu-o-bife.webp 250w, https:\/\/fabiocavalcante.com\/blog\/wp-content\/uploads\/2009\/03\/livro-composicoes-ainda-ontem-ele-comeu-o-bife-217x300.webp 217w\" sizes=\"auto, (max-width: 250px) 100vw, 250px\" \/><\/a><\/figure>\n<\/div>\n\n\n\n<div class=\"wp-block-column is-layout-flow wp-block-column-is-layout-flow\" style=\"flex-basis:66.66%\">\n<pre class=\"wp-block-preformatted\"><strong><a href=\"https:\/\/archive.org\/download\/AindaOntemEleComeuOBife\/AindaOntemEleComeuOBife.pdf\" target=\"_blank\" rel=\"noreferrer noopener nofollow\">Ainda ontem ele comeu o bife<\/a><\/strong> (<em>1998, Bel\u00e9m, Par\u00e1<\/em>). Partitura musical para dois violinos e violoncelo.<\/pre>\n\n\n\n<figure class=\"wp-block-image size-full is-resized\"><a href=\"https:\/\/archive.org\/download\/AindaOntemEleComeuOBife\/AindaOntemEleComeuOBife.pdf\" target=\"_blank\" rel=\" noreferrer noopener\"><img loading=\"lazy\" decoding=\"async\" width=\"178\" height=\"173\" src=\"https:\/\/fabiocavalcante.com\/blog\/wp-content\/uploads\/2017\/12\/Icon-Download.png\" alt=\"\" class=\"wp-image-2669\" style=\"width:70px\"\/><\/a><\/figure>\n<\/div>\n<\/div>\n\n\n\n<div class=\"wp-block-columns has-light-gray-background-color has-background is-layout-flex wp-container-core-columns-is-layout-28f84493 wp-block-columns-is-layout-flex\" style=\"border-top-color:var(--wp--preset--color--accent-6);border-top-width:1px;border-bottom-color:var(--wp--preset--color--accent-6);border-bottom-width:1px\">\n<div class=\"wp-block-column is-layout-flow wp-block-column-is-layout-flow\" style=\"flex-basis:33.33%\">\n<figure class=\"wp-block-image size-full has-custom-border\"><a href=\"https:\/\/archive.org\/download\/TresDeMim\/TresDeMim.pdf\" target=\"_blank\" rel=\"noopener\"><img loading=\"lazy\" decoding=\"async\" width=\"250\" height=\"346\" src=\"https:\/\/fabiocavalcante.com\/blog\/wp-content\/uploads\/2009\/03\/livro-composicoes-tres-de-mim.webp\" alt=\"\" class=\"wp-image-4832\" style=\"border-style:none;border-width:0px\" srcset=\"https:\/\/fabiocavalcante.com\/blog\/wp-content\/uploads\/2009\/03\/livro-composicoes-tres-de-mim.webp 250w, https:\/\/fabiocavalcante.com\/blog\/wp-content\/uploads\/2009\/03\/livro-composicoes-tres-de-mim-217x300.webp 217w\" sizes=\"auto, (max-width: 250px) 100vw, 250px\" \/><\/a><\/figure>\n<\/div>\n\n\n\n<div class=\"wp-block-column is-layout-flow wp-block-column-is-layout-flow\" style=\"flex-basis:66.66%\">\n<pre class=\"wp-block-preformatted\"><a href=\"https:\/\/archive.org\/download\/TresDeMim\/TresDeMim.pdf\" target=\"_blank\" rel=\"noreferrer noopener nofollow\"><strong>Tr\u00eas de mim<\/strong><\/a> (<em>1997, Bel\u00e9m, Par\u00e1<\/em>). Can\u00e7\u00e3o para voz e piano.<\/pre>\n\n\n\n<figure class=\"wp-block-image size-full is-resized\"><a href=\"https:\/\/archive.org\/download\/TresDeMim\/TresDeMim.pdf\" target=\"_blank\" rel=\" noreferrer noopener\"><img loading=\"lazy\" decoding=\"async\" width=\"178\" height=\"173\" src=\"https:\/\/fabiocavalcante.com\/blog\/wp-content\/uploads\/2017\/12\/Icon-Download.png\" alt=\"\" class=\"wp-image-2669\" style=\"width:70px\"\/><\/a><\/figure>\n<\/div>\n<\/div>\n\n\n\n<div class=\"wp-block-columns has-light-gray-background-color has-background is-layout-flex wp-container-core-columns-is-layout-28f84493 wp-block-columns-is-layout-flex\" style=\"border-top-color:var(--wp--preset--color--accent-6);border-top-width:1px;border-bottom-color:var(--wp--preset--color--accent-6);border-bottom-width:1px\">\n<div class=\"wp-block-column is-layout-flow wp-block-column-is-layout-flow\" style=\"flex-basis:33.33%\">\n<figure class=\"wp-block-image size-full has-custom-border\"><a href=\"https:\/\/archive.org\/download\/Quadrilhas\/Quadrilhas.pdf\" target=\"_blank\" rel=\"noopener\"><img loading=\"lazy\" decoding=\"async\" width=\"250\" height=\"346\" src=\"https:\/\/fabiocavalcante.com\/blog\/wp-content\/uploads\/2009\/03\/livro-composicoes-quadrilha.webp\" alt=\"\" class=\"wp-image-4833\" style=\"border-style:none;border-width:0px\" srcset=\"https:\/\/fabiocavalcante.com\/blog\/wp-content\/uploads\/2009\/03\/livro-composicoes-quadrilha.webp 250w, https:\/\/fabiocavalcante.com\/blog\/wp-content\/uploads\/2009\/03\/livro-composicoes-quadrilha-217x300.webp 217w\" sizes=\"auto, (max-width: 250px) 100vw, 250px\" \/><\/a><\/figure>\n<\/div>\n\n\n\n<div class=\"wp-block-column is-layout-flow wp-block-column-is-layout-flow\" style=\"flex-basis:66.66%\">\n<pre class=\"wp-block-preformatted\"><a href=\"https:\/\/archive.org\/download\/Quadrilhas\/Quadrilhas.pdf\" target=\"_blank\" rel=\"noreferrer noopener nofollow\"><strong>Quadrilhas<\/strong><\/a> (<em>1996, Bel\u00e9m, Par\u00e1<\/em>). Cole\u00e7\u00e3o de 11 pequenas pe\u00e7as musicais para 6 violinos e 6 violoncelos.<\/pre>\n\n\n\n<figure class=\"wp-block-image size-full is-resized\"><a href=\"https:\/\/archive.org\/download\/Quadrilhas\/Quadrilhas.pdf\" target=\"_blank\" rel=\" noreferrer noopener\"><img loading=\"lazy\" decoding=\"async\" width=\"178\" height=\"173\" src=\"https:\/\/fabiocavalcante.com\/blog\/wp-content\/uploads\/2017\/12\/Icon-Download.png\" alt=\"\" class=\"wp-image-2669\" style=\"width:70px\"\/><\/a><\/figure>\n<\/div>\n<\/div>\n\n\n\n<div class=\"wp-block-columns has-light-gray-background-color has-background is-layout-flex wp-container-core-columns-is-layout-28f84493 wp-block-columns-is-layout-flex\" style=\"border-top-color:var(--wp--preset--color--accent-6);border-top-width:1px;border-bottom-color:var(--wp--preset--color--accent-6);border-bottom-width:1px\">\n<div class=\"wp-block-column is-layout-flow wp-block-column-is-layout-flow\" style=\"flex-basis:33.33%\">\n<figure class=\"wp-block-image size-full has-custom-border\"><a href=\"https:\/\/archive.org\/download\/ODiaboNaTerraDasBananas\/ODiaboNaTerraDasBananas.pdf\" target=\"_blank\" rel=\"noopener\"><img loading=\"lazy\" decoding=\"async\" width=\"250\" height=\"346\" src=\"https:\/\/fabiocavalcante.com\/blog\/wp-content\/uploads\/2009\/03\/livro-composicoes-o-diabo-na-terra-das-bananas.webp\" alt=\"\" class=\"wp-image-4835\" style=\"border-style:none;border-width:0px\" srcset=\"https:\/\/fabiocavalcante.com\/blog\/wp-content\/uploads\/2009\/03\/livro-composicoes-o-diabo-na-terra-das-bananas.webp 250w, https:\/\/fabiocavalcante.com\/blog\/wp-content\/uploads\/2009\/03\/livro-composicoes-o-diabo-na-terra-das-bananas-217x300.webp 217w\" sizes=\"auto, (max-width: 250px) 100vw, 250px\" \/><\/a><\/figure>\n<\/div>\n\n\n\n<div class=\"wp-block-column is-layout-flow wp-block-column-is-layout-flow\" style=\"flex-basis:66.66%\">\n<pre class=\"wp-block-preformatted\"><strong><a href=\"https:\/\/archive.org\/download\/ODiaboNaTerraDasBananas\/ODiaboNaTerraDasBananas.pdf\" target=\"_blank\" rel=\"noreferrer noopener nofollow\">O Diabo na Terra das Bananas<\/a><\/strong> (<em>1995, Bel\u00e9m, Par\u00e1<\/em>). Partitura musical para piano e violoncelo, tocada pela primeira vez pelo violoncelista Arthur Alves, em 1995, em concerto no Theatro da Paz, Bel\u00e9m.<\/pre>\n\n\n\n<figure class=\"wp-block-image size-full is-resized\"><a href=\"https:\/\/archive.org\/download\/ODiaboNaTerraDasBananas\/ODiaboNaTerraDasBananas.pdf\" target=\"_blank\" rel=\" noreferrer noopener\"><img loading=\"lazy\" decoding=\"async\" width=\"178\" height=\"173\" src=\"https:\/\/fabiocavalcante.com\/blog\/wp-content\/uploads\/2017\/12\/Icon-Download.png\" alt=\"\" class=\"wp-image-2669\" style=\"width:70px\"\/><\/a><\/figure>\n<\/div>\n<\/div>\n\n\n\n<div class=\"wp-block-columns has-light-gray-background-color has-background is-layout-flex wp-container-core-columns-is-layout-28f84493 wp-block-columns-is-layout-flex\" style=\"border-top-color:var(--wp--preset--color--accent-6);border-top-width:1px;border-bottom-color:var(--wp--preset--color--accent-6);border-bottom-width:1px\">\n<div class=\"wp-block-column is-layout-flow wp-block-column-is-layout-flow\" style=\"flex-basis:33.33%\">\n<figure class=\"wp-block-image size-full has-custom-border\"><a href=\"https:\/\/archive.org\/download\/Untitled_Titulo_e_o_caralho\/Untitled.pdf\" target=\"_blank\" rel=\"noopener\"><img loading=\"lazy\" decoding=\"async\" width=\"250\" height=\"346\" src=\"https:\/\/fabiocavalcante.com\/blog\/wp-content\/uploads\/2009\/03\/livro-composicoes-untitled.webp\" alt=\"\" class=\"wp-image-4837\" style=\"border-style:none;border-width:0px\" srcset=\"https:\/\/fabiocavalcante.com\/blog\/wp-content\/uploads\/2009\/03\/livro-composicoes-untitled.webp 250w, https:\/\/fabiocavalcante.com\/blog\/wp-content\/uploads\/2009\/03\/livro-composicoes-untitled-217x300.webp 217w\" sizes=\"auto, (max-width: 250px) 100vw, 250px\" \/><\/a><\/figure>\n<\/div>\n\n\n\n<div class=\"wp-block-column is-layout-flow wp-block-column-is-layout-flow\" style=\"flex-basis:66.66%\">\n<pre class=\"wp-block-preformatted\"><strong><a href=\"https:\/\/archive.org\/download\/Untitled_Titulo_e_o_caralho\/Untitled.pdf\" target=\"_blank\" rel=\"noreferrer noopener nofollow\">Untitled<\/a><\/strong> (<em>1995, Bel\u00e9m, Par\u00e1<\/em>). Partitura musical para 3 flautas, 2 violinos, violoncelo e t\u00edmpano.<\/pre>\n\n\n\n<figure class=\"wp-block-image size-full is-resized\"><a href=\"https:\/\/archive.org\/download\/Untitled_Titulo_e_o_caralho\/Untitled.pdf\" target=\"_blank\" rel=\" noreferrer noopener\"><img loading=\"lazy\" decoding=\"async\" width=\"178\" height=\"173\" src=\"https:\/\/fabiocavalcante.com\/blog\/wp-content\/uploads\/2017\/12\/Icon-Download.png\" alt=\"\" class=\"wp-image-2669\" style=\"width:70px\"\/><\/a><\/figure>\n<\/div>\n<\/div>\n\n\n\n<div class=\"wp-block-columns has-light-gray-background-color has-background is-layout-flex wp-container-core-columns-is-layout-28f84493 wp-block-columns-is-layout-flex\" style=\"border-top-color:var(--wp--preset--color--accent-6);border-top-width:1px;border-bottom-color:var(--wp--preset--color--accent-6);border-bottom-width:1px\">\n<div class=\"wp-block-column is-layout-flow wp-block-column-is-layout-flow\" style=\"flex-basis:33.33%\">\n<figure class=\"wp-block-image size-full has-custom-border\"><a href=\"https:\/\/archive.org\/download\/31415926535897932384626433832795\/31415926535897932384626433832795.pdf\" target=\"_blank\" rel=\"noopener\"><img loading=\"lazy\" decoding=\"async\" width=\"250\" height=\"346\" src=\"https:\/\/fabiocavalcante.com\/blog\/wp-content\/uploads\/2009\/03\/livro-composicoes-314.webp\" alt=\"\" class=\"wp-image-4838\" style=\"border-style:none;border-width:0px\" srcset=\"https:\/\/fabiocavalcante.com\/blog\/wp-content\/uploads\/2009\/03\/livro-composicoes-314.webp 250w, https:\/\/fabiocavalcante.com\/blog\/wp-content\/uploads\/2009\/03\/livro-composicoes-314-217x300.webp 217w\" sizes=\"auto, (max-width: 250px) 100vw, 250px\" \/><\/a><\/figure>\n<\/div>\n\n\n\n<div class=\"wp-block-column is-layout-flow wp-block-column-is-layout-flow\" style=\"flex-basis:66.66%\">\n<pre class=\"wp-block-preformatted\"><strong><a href=\"https:\/\/archive.org\/download\/31415926535897932384626433832795\/31415926535897932384626433832795.pdf\" target=\"_blank\" rel=\"noreferrer noopener nofollow\">3,1415926535897932384626433832795<\/a><\/strong> (<em>1995, Bel\u00e9m, Par\u00e1<\/em>). Partitura musical para flauta, clarinete, fagote, piano, 2 violinos e violoncelo.<\/pre>\n\n\n\n<figure class=\"wp-block-image size-full is-resized\"><a href=\"https:\/\/archive.org\/download\/31415926535897932384626433832795\/31415926535897932384626433832795.pdf\" target=\"_blank\" rel=\" noreferrer noopener\"><img loading=\"lazy\" decoding=\"async\" width=\"178\" height=\"173\" src=\"https:\/\/fabiocavalcante.com\/blog\/wp-content\/uploads\/2017\/12\/Icon-Download.png\" alt=\"\" class=\"wp-image-2669\" style=\"width:70px\"\/><\/a><\/figure>\n<\/div>\n<\/div>\n\n\n\n<div class=\"wp-block-columns has-light-gray-background-color has-background is-layout-flex wp-container-core-columns-is-layout-28f84493 wp-block-columns-is-layout-flex\" style=\"border-top-color:var(--wp--preset--color--accent-6);border-top-width:1px;border-bottom-color:var(--wp--preset--color--accent-6);border-bottom-width:1px\">\n<div class=\"wp-block-column is-layout-flow wp-block-column-is-layout-flow\" style=\"flex-basis:33.33%\">\n<figure class=\"wp-block-image size-full has-custom-border\"><a href=\"https:\/\/archive.org\/download\/MangaBoceta\/MangaBoceta.pdf\" target=\"_blank\" rel=\"noopener\"><img loading=\"lazy\" decoding=\"async\" width=\"250\" height=\"346\" src=\"https:\/\/fabiocavalcante.com\/blog\/wp-content\/uploads\/2009\/03\/livro-composicoes-manga-boceta.webp\" alt=\"\" class=\"wp-image-4841\" style=\"border-style:none;border-width:0px\" srcset=\"https:\/\/fabiocavalcante.com\/blog\/wp-content\/uploads\/2009\/03\/livro-composicoes-manga-boceta.webp 250w, https:\/\/fabiocavalcante.com\/blog\/wp-content\/uploads\/2009\/03\/livro-composicoes-manga-boceta-217x300.webp 217w\" sizes=\"auto, (max-width: 250px) 100vw, 250px\" \/><\/a><\/figure>\n<\/div>\n\n\n\n<div class=\"wp-block-column is-layout-flow wp-block-column-is-layout-flow\" style=\"flex-basis:66.66%\">\n<pre class=\"wp-block-preformatted\"><strong><a href=\"https:\/\/archive.org\/download\/MangaBoceta\/MangaBoceta.pdf\" target=\"_blank\" rel=\"noreferrer noopener nofollow\">Manga boceta<\/a><\/strong> (<em>1995, Bel\u00e9m, Par\u00e1<\/em>). Partitura musical para flauta, violino e piano.<\/pre>\n\n\n\n<figure class=\"wp-block-image size-full is-resized\"><a href=\"https:\/\/archive.org\/download\/MangaBoceta\/MangaBoceta.pdf\" target=\"_blank\" rel=\" noreferrer noopener\"><img loading=\"lazy\" decoding=\"async\" width=\"178\" height=\"173\" src=\"https:\/\/fabiocavalcante.com\/blog\/wp-content\/uploads\/2017\/12\/Icon-Download.png\" alt=\"\" class=\"wp-image-2669\" style=\"width:70px\"\/><\/a><\/figure>\n<\/div>\n<\/div>\n\n\n\n<div class=\"wp-block-columns has-light-gray-background-color has-background is-layout-flex wp-container-core-columns-is-layout-28f84493 wp-block-columns-is-layout-flex\" style=\"border-top-color:var(--wp--preset--color--accent-6);border-top-width:1px;border-bottom-color:var(--wp--preset--color--accent-6);border-bottom-width:1px\">\n<div class=\"wp-block-column is-layout-flow wp-block-column-is-layout-flow\" style=\"flex-basis:33.33%\">\n<figure class=\"wp-block-image size-full has-custom-border\"><a href=\"https:\/\/archive.org\/download\/AutoPecas\/AutoPecas.pdf\" target=\"_blank\" rel=\"noopener\"><img loading=\"lazy\" decoding=\"async\" width=\"250\" height=\"346\" src=\"https:\/\/fabiocavalcante.com\/blog\/wp-content\/uploads\/2009\/03\/livro-composicoes-auto-pecas.webp\" alt=\"\" class=\"wp-image-4843\" style=\"border-style:none;border-width:0px\" srcset=\"https:\/\/fabiocavalcante.com\/blog\/wp-content\/uploads\/2009\/03\/livro-composicoes-auto-pecas.webp 250w, https:\/\/fabiocavalcante.com\/blog\/wp-content\/uploads\/2009\/03\/livro-composicoes-auto-pecas-217x300.webp 217w\" sizes=\"auto, (max-width: 250px) 100vw, 250px\" \/><\/a><\/figure>\n<\/div>\n\n\n\n<div class=\"wp-block-column is-layout-flow wp-block-column-is-layout-flow\" style=\"flex-basis:66.66%\">\n<pre class=\"wp-block-preformatted\"><strong><a href=\"https:\/\/archive.org\/download\/AutoPecas\/AutoPecas.pdf\" target=\"_blank\" rel=\"noreferrer noopener nofollow\">Auto-pe\u00e7as<\/a><\/strong> (<em>1995, Bel\u00e9m, Par\u00e1<\/em>). 4 pe\u00e7as musicas para piano: Para-choque, Retrovisor, Para-lama e Para-brisa.<\/pre>\n\n\n\n<figure class=\"wp-block-image size-full is-resized\"><a href=\"https:\/\/archive.org\/download\/AutoPecas\/AutoPecas.pdf\" target=\"_blank\" rel=\" noreferrer noopener\"><img loading=\"lazy\" decoding=\"async\" width=\"178\" height=\"173\" src=\"https:\/\/fabiocavalcante.com\/blog\/wp-content\/uploads\/2017\/12\/Icon-Download.png\" alt=\"\" class=\"wp-image-2669\" style=\"width:70px\"\/><\/a><\/figure>\n<\/div>\n<\/div>\n\n\n\n<div class=\"wp-block-columns has-light-gray-background-color has-background is-layout-flex wp-container-core-columns-is-layout-28f84493 wp-block-columns-is-layout-flex\" style=\"border-top-color:var(--wp--preset--color--accent-6);border-top-width:1px;border-bottom-color:var(--wp--preset--color--accent-6);border-bottom-width:1px\">\n<div class=\"wp-block-column is-layout-flow wp-block-column-is-layout-flow\" style=\"flex-basis:33.33%\">\n<figure class=\"wp-block-image size-full has-custom-border\"><a href=\"https:\/\/archive.org\/download\/PecasLivres\/PecasLivres.pdf\" target=\"_blank\" rel=\"noopener\"><img loading=\"lazy\" decoding=\"async\" width=\"250\" height=\"346\" src=\"https:\/\/fabiocavalcante.com\/blog\/wp-content\/uploads\/2009\/03\/livro-composicoes-pecas-livres.webp\" alt=\"\" class=\"wp-image-4842\" style=\"border-style:none;border-width:0px\" srcset=\"https:\/\/fabiocavalcante.com\/blog\/wp-content\/uploads\/2009\/03\/livro-composicoes-pecas-livres.webp 250w, https:\/\/fabiocavalcante.com\/blog\/wp-content\/uploads\/2009\/03\/livro-composicoes-pecas-livres-217x300.webp 217w\" sizes=\"auto, (max-width: 250px) 100vw, 250px\" \/><\/a><\/figure>\n<\/div>\n\n\n\n<div class=\"wp-block-column is-layout-flow wp-block-column-is-layout-flow\" style=\"flex-basis:66.66%\">\n<pre class=\"wp-block-preformatted\"><strong><a href=\"https:\/\/archive.org\/download\/PecasLivres\/PecasLivres.pdf\" target=\"_blank\" rel=\"noreferrer noopener nofollow\">Pe\u00e7as livres<\/a><\/strong> (<em>1994, Bel\u00e9m, Par\u00e1<\/em>). 3 pe\u00e7as musicais para instrumental diverso: Puta merda, para 2 violinos e violoncelo; Poxa vida, para guitarra, violoncelo e vibrafone; e Putz grila, para flauta, violoncelo e piano.<\/pre>\n\n\n\n<figure class=\"wp-block-image size-full is-resized\"><a href=\"https:\/\/archive.org\/download\/PecasLivres\/PecasLivres.pdf\" target=\"_blank\" rel=\" noreferrer noopener\"><img loading=\"lazy\" decoding=\"async\" width=\"178\" height=\"173\" src=\"https:\/\/fabiocavalcante.com\/blog\/wp-content\/uploads\/2017\/12\/Icon-Download.png\" alt=\"\" class=\"wp-image-2669\" style=\"width:70px\"\/><\/a><\/figure>\n<\/div>\n<\/div>\n\n\n\n<p>As partituras tamb\u00e9m est\u00e3o dispon\u00edveis a partir da p\u00e1gina &#8220;<a href=\"https:\/\/fabiocavalcante.com\/livros\/\" target=\"_blank\" rel=\"noreferrer noopener\">Livros<\/a>&#8221; do meu s\u00edtio.<\/p>\n","protected":false},"excerpt":{"rendered":"<p>Publiquei na internet 11 partituras minhas. Com exce\u00e7\u00e3o de &#8220;Mestre Cardoso Direto&#8221;, um pout-pourri para orquestra com temas de Mestre Cardoso, escrita em 2008; todas as outras s\u00e3o da d\u00e9cada de 90, e para diversas forma\u00e7\u00f5es instrumentais. Al\u00e9m de &#8220;Mestre Cardoso Direto&#8221;, tocada pela OSTP (a m\u00fasica foi encomendada pelo maestro Mateus Araujo para um [&hellip;]<\/p>\n","protected":false},"author":1,"featured_media":0,"comment_status":"open","ping_status":"open","sticky":false,"template":"","format":"standard","meta":{"footnotes":""},"categories":[4],"tags":[],"class_list":["post-227","post","type-post","status-publish","format-standard","hentry","category-partituras"],"_links":{"self":[{"href":"https:\/\/fabiocavalcante.com\/blog\/wp-json\/wp\/v2\/posts\/227","targetHints":{"allow":["GET"]}}],"collection":[{"href":"https:\/\/fabiocavalcante.com\/blog\/wp-json\/wp\/v2\/posts"}],"about":[{"href":"https:\/\/fabiocavalcante.com\/blog\/wp-json\/wp\/v2\/types\/post"}],"author":[{"embeddable":true,"href":"https:\/\/fabiocavalcante.com\/blog\/wp-json\/wp\/v2\/users\/1"}],"replies":[{"embeddable":true,"href":"https:\/\/fabiocavalcante.com\/blog\/wp-json\/wp\/v2\/comments?post=227"}],"version-history":[{"count":9,"href":"https:\/\/fabiocavalcante.com\/blog\/wp-json\/wp\/v2\/posts\/227\/revisions"}],"predecessor-version":[{"id":4844,"href":"https:\/\/fabiocavalcante.com\/blog\/wp-json\/wp\/v2\/posts\/227\/revisions\/4844"}],"wp:attachment":[{"href":"https:\/\/fabiocavalcante.com\/blog\/wp-json\/wp\/v2\/media?parent=227"}],"wp:term":[{"taxonomy":"category","embeddable":true,"href":"https:\/\/fabiocavalcante.com\/blog\/wp-json\/wp\/v2\/categories?post=227"},{"taxonomy":"post_tag","embeddable":true,"href":"https:\/\/fabiocavalcante.com\/blog\/wp-json\/wp\/v2\/tags?post=227"}],"curies":[{"name":"wp","href":"https:\/\/api.w.org\/{rel}","templated":true}]}}