{"id":228,"date":"2009-02-28T15:20:00","date_gmt":"2009-02-28T15:20:00","guid":{"rendered":"http:\/\/fabiocavalcante.com\/blog\/?p=228"},"modified":"2025-05-29T03:29:33","modified_gmt":"2025-05-29T03:29:33","slug":"cinderela","status":"publish","type":"post","link":"https:\/\/fabiocavalcante.com\/blog\/cinderela\/","title":{"rendered":"Cinderela"},"content":{"rendered":"\n<p>As grava\u00e7\u00f5es da Cinderela aqui postadas foram criadas para servir de ambienta\u00e7\u00e3o sonora da exposi\u00e7\u00e3o &#8220;Fresta&#8221;, da fot\u00f3grafa <a href=\"http:\/\/blogdalilarosa.blogspot.com\/\" target=\"_blank\" rel=\"noopener\">Lila Bemerguy<\/a>, que aconteceu em dezembro de 2008 na galeria da <a href=\"http:\/\/www.fotoativa.org.br\/\" target=\"_blank\" rel=\"noopener\">FotoAtiva<\/a>. A exposi\u00e7\u00e3o foi resultado de um trabalho com as prostitutas da zona do Com\u00e9rcio de Bel\u00e9m, e recebeu apoio da Bolsa de Pesquisa e Experimenta\u00e7\u00e3o do <a href=\"http:\/\/blogdoiap.blogspot.com\/\">Instituto de Artes do Par\u00e1 (IAP)<\/a>. As imagens da instala\u00e7\u00e3o foram produzidas pela Lila, pelas prostitutas e por pessoas ligadas ao GEMPAC (Grupos de Mulheres Prostitutas do Estado do Par\u00e1), que ao longo do ano passado participaram de oficina de fotografia ministrada pela bolsista.<\/p>\n\n\n\n<p>Cinderela \u00e9 o nome &#8220;de guerra&#8221; de Eunice Silva, prostituta da zona do Com\u00e9rcio de Bel\u00e9m, que j\u00e1 se apresentou por diversas vezes como cantora nos lugares onde trabalhou &#8211; bares, boates e teatro. O repert\u00f3rio da Cinderela \u00e9 formado principalmente por boleros cl\u00e1ssicos, e foi a &#8220;m\u00fasica ambiente&#8221; da <span style=\"font-style: italic;\">vernissage<\/span> de &#8220;Frestas&#8221;.<\/p>\n\n\n\n<figure class=\"wp-block-image aligncenter\"><a href=\"https:\/\/fabiocavalcante.com\/blog\/wp-content\/uploads\/2009\/02\/Cinderela.jpg\" rel=\"noopener\"><img loading=\"lazy\" decoding=\"async\" width=\"338\" height=\"450\" src=\"https:\/\/fabiocavalcante.com\/blog\/wp-content\/uploads\/2009\/02\/Cinderela.jpg\" alt=\"Cinderela num bar da Riachuelo (foto de Lila Bemerguy).\" class=\"wp-image-524\" srcset=\"https:\/\/fabiocavalcante.com\/blog\/wp-content\/uploads\/2009\/02\/Cinderela.jpg 338w, https:\/\/fabiocavalcante.com\/blog\/wp-content\/uploads\/2009\/02\/Cinderela-225x300.jpg 225w\" sizes=\"auto, (max-width: 338px) 100vw, 338px\" \/><\/a><figcaption class=\"wp-element-caption\">Cinderela num bar da Riachuelo (foto de Lila Bemerguy).<\/figcaption><\/figure>\n\n\n\n<p>Essas s\u00e3o algumas m\u00fasicas gravadas pela Cinderela. Os arranjos e execu\u00e7\u00f5es instrumentais s\u00e3o todos meus.<\/p>\n\n\n\n<p><iframe loading=\"lazy\" src=\"https:\/\/archive.org\/embed\/BlogFGC39_Cinderela&amp;playlist=1&amp;list_height=130\" width=\"500\" height=\"130\" frameborder=\"0\" webkitallowfullscreen=\"true\" mozallowfullscreen=\"true\" allowfullscreen=\"\"><\/iframe><\/p>\n\n\n\n<p>Para baixar todas as cinco m\u00fasicas abaixo em um \u00fanico arquivo, clique <a href=\"https:\/\/archive.org\/compress\/BlogFGC39_Cinderela\/formats=160KBPS%20MP3,JPEG,\" target=\"_blank\" data-type=\"URL\" data-id=\"http:\/\/www.archive.org\/download\/BlogFGC39_Cinderela\/BlogFGC39_Cinderela_vbr_mp3.zip\" rel=\"noreferrer noopener\">aqui (arquivo zip).<\/a><\/p>\n","protected":false},"excerpt":{"rendered":"<p>As grava\u00e7\u00f5es da Cinderela aqui postadas foram criadas para servir de ambienta\u00e7\u00e3o sonora da exposi\u00e7\u00e3o &#8220;Fresta&#8221;, da fot\u00f3grafa Lila Bemerguy, que aconteceu em dezembro de 2008 na galeria da FotoAtiva. A exposi\u00e7\u00e3o foi resultado de um trabalho com as prostitutas da zona do Com\u00e9rcio de Bel\u00e9m, e recebeu apoio da Bolsa de Pesquisa e Experimenta\u00e7\u00e3o [&hellip;]<\/p>\n","protected":false},"author":1,"featured_media":0,"comment_status":"open","ping_status":"open","sticky":false,"template":"","format":"standard","meta":{"footnotes":""},"categories":[2],"tags":[28,49],"class_list":["post-228","post","type-post","status-publish","format-standard","hentry","category-musicas-audios","tag-album","tag-arranjo"],"_links":{"self":[{"href":"https:\/\/fabiocavalcante.com\/blog\/wp-json\/wp\/v2\/posts\/228","targetHints":{"allow":["GET"]}}],"collection":[{"href":"https:\/\/fabiocavalcante.com\/blog\/wp-json\/wp\/v2\/posts"}],"about":[{"href":"https:\/\/fabiocavalcante.com\/blog\/wp-json\/wp\/v2\/types\/post"}],"author":[{"embeddable":true,"href":"https:\/\/fabiocavalcante.com\/blog\/wp-json\/wp\/v2\/users\/1"}],"replies":[{"embeddable":true,"href":"https:\/\/fabiocavalcante.com\/blog\/wp-json\/wp\/v2\/comments?post=228"}],"version-history":[{"count":10,"href":"https:\/\/fabiocavalcante.com\/blog\/wp-json\/wp\/v2\/posts\/228\/revisions"}],"predecessor-version":[{"id":4353,"href":"https:\/\/fabiocavalcante.com\/blog\/wp-json\/wp\/v2\/posts\/228\/revisions\/4353"}],"wp:attachment":[{"href":"https:\/\/fabiocavalcante.com\/blog\/wp-json\/wp\/v2\/media?parent=228"}],"wp:term":[{"taxonomy":"category","embeddable":true,"href":"https:\/\/fabiocavalcante.com\/blog\/wp-json\/wp\/v2\/categories?post=228"},{"taxonomy":"post_tag","embeddable":true,"href":"https:\/\/fabiocavalcante.com\/blog\/wp-json\/wp\/v2\/tags?post=228"}],"curies":[{"name":"wp","href":"https:\/\/api.w.org\/{rel}","templated":true}]}}