{"id":229,"date":"2009-01-24T04:52:00","date_gmt":"2009-01-24T04:52:00","guid":{"rendered":"http:\/\/fabiocavalcante.com\/blog\/?p=229"},"modified":"2025-05-30T22:56:09","modified_gmt":"2025-05-30T22:56:09","slug":"ostp-e-mestre-cardoso-no-teatro-da-paz","status":"publish","type":"post","link":"https:\/\/fabiocavalcante.com\/blog\/ostp-e-mestre-cardoso-no-teatro-da-paz\/","title":{"rendered":"OSTP e Mestre Cardoso no Teatro da Paz"},"content":{"rendered":"\n<p>Aqui est\u00e1 o show que a\u00a0<a href=\"https:\/\/www.theatrodapaz.com.br\/orquestra-sinf%C3%B4nica-do-theatro-da-paz\" target=\"_blank\" rel=\"noreferrer noopener\">Orquestra Sinf\u00f4nica do Teatro da Paz<\/a>\u00a0fez em homenagem ao\u00a0<a href=\"https:\/\/fgcproducoes.fabiocavalcante.com\/artistas\/mestre-cardoso\/\" target=\"_blank\" rel=\"noreferrer noopener\">Mestre Cardoso<\/a>, nos dias 23 e 24 de outubro de 2008. A id\u00e9ia original foi do maestro\u00a0<a href=\"https:\/\/www.instagram.com\/mateusaraujomaestro\/\" target=\"_blank\" rel=\"noreferrer noopener\">Mateus Araujo<\/a>, regente da OSTP, que conheceu o trabalho do Cardoso atrav\u00e9s do disco\u00a0<a href=\"https:\/\/fgcproducoes.fabiocavalcante.com\/artistas\/mestre-cardoso\/galo-de-campina\/\" target=\"_blank\" rel=\"noreferrer noopener\">Galo de Campina<\/a>, produzido por mim em 2005. Inspirado nas m\u00fasicas do amo de boi de Our\u00e9m, Mateus Araujo comp\u00f4s a \u201cSu\u00edte Brasileira\u201d, cujo \u00faltimo movimento tem como tema a melodia da toada \u201cA Pris\u00e3o de Saddam Hussein\u201d. Vale lembrar que essa toada, por sua vez, \u00e9 baseada na melodia da m\u00fasica \u201c<a href=\"https:\/\/www.letras.mus.br\/luiz-gonzaga\/68172\/\" target=\"_blank\" rel=\"noreferrer noopener\">Vem Morena<\/a>\u201c, de\u00a0<a href=\"http:\/\/pt.wikipedia.org\/wiki\/Luiz_Gonzaga\" target=\"_blank\" rel=\"noreferrer noopener\">Luiz Gonzaga<\/a>\u00a0e\u00a0<a href=\"http:\/\/pt.wikipedia.org\/wiki\/Z%C3%A9_Dantas\" target=\"_blank\" rel=\"noreferrer noopener\">Z\u00e9 Dantas<\/a>. O pr\u00f3prio Cardoso reconhece a apropria\u00e7\u00e3o, e ele chama esse processo de \u201ccobrir a m\u00fasica\u201d.<\/p>\n\n\n\n<p>A pe\u00e7a \u201cConto ao redor do fogo \u2013 de como Cardoso veio \u00e0 p\u00e9 de Parna\u00edba e de como Ele conseguiu encontr\u00e1-lo\u201d \u00e9 do compositor\u00a0<a href=\"http:\/\/www.overmundo.com.br\/perfis\/valerio-fiel-da-costa\" target=\"_blank\" rel=\"noreferrer noopener\">Val\u00e9rio Fiel da Costa<\/a>, e foi inspirada na hist\u00f3ria do percurso feito \u00e0 p\u00e9 por Cardoso da sua terra natal at\u00e9 o Estado do Par\u00e1, atravessando os sert\u00f5es e as matas ainda virgens da Amaz\u00f4nia. A pe\u00e7a utiliza sons gravados na parte final, que foram projetados do palco e do teto do teatro. Tamb\u00e9m na parte final, as luzes do teatro s\u00e3o apagadas lentamente, e os sons acontecem na escurid\u00e3o.<\/p>\n\n\n\n<p>\u201cMestre Cardoso Direto\u201d \u00e9 um pout-pourri de toadas do Cardoso, feito por mim especialmente para esta noite.<\/p>\n\n\n\n<p>A show ainda contou com a participa\u00e7\u00e3o do pr\u00f3prio Mestre Cardoso, que veio com alguns integrantes do seu boi Ouro Fino e m\u00fasicos de Our\u00e9m: Tarugo, Ina, Caratinga e Guru. Eles cantaram m\u00fasicas do brinquedo, e se despediram com a toada \u201cAdeus, morena\u201d, acompanhados pela OSTP, com arranjo de Mateus Araujo.<\/p>\n\n\n\n<p>Ou\u00e7a e curta as m\u00fasicas do show. E para baixar o show completo em um \u00fanico arquivo, clique&nbsp;<a href=\"https:\/\/archive.org\/compress\/BlogFGC38_OSTP_e_MestreCardoso\/formats=160KBPS%20MP3,JPEG\" target=\"_blank\" rel=\"noreferrer noopener\">aqui (arquivo zip)<\/a>.<\/p>\n\n\n\n<p><iframe loading=\"lazy\" src=\"https:\/\/archive.org\/embed\/BlogFGC38_OSTP_e_MestreCardoso&amp;playlist=1\" width=\"500\" height=\"170\" frameborder=\"0\" allowfullscreen=\"allowfullscreen\"><\/iframe><\/p>\n\n\n\n<p>Logo abaixo est\u00e1 a partitura da minha pe\u00e7a e as instru\u00e7\u00f5es da do Val\u00e9rio.<\/p>\n\n\n\n<p>Mestre Cardoso Direto \u2013 (<a href=\"http:\/\/www.fabiocavalcante.com\/textos\/PartiturasFGC_MestreCardosoDireto2008.pdf\" target=\"_blank\" rel=\"noreferrer noopener\">partitura em formato pdf<\/a>)<br>Conto ao redor do fogo \u2013 (<a href=\"https:\/\/www.fabiocavalcante.com\/blog\/arquivos\/38CardosoOSTP\/ContoAoRedorDoFogo_Valerio_Fiel_da_Costa_CapaInstrumentacaoInstrucoes.pdf\" target=\"_blank\" rel=\"noreferrer noopener\">capa e instru\u00e7\u00f5es<\/a>)<\/p>\n\n\n\n<p>As imagens a seguir foram tiradas por&nbsp;<a rel=\"noreferrer noopener\" href=\"http:\/\/www.overmundo.com.br\/perfis\/arlindo-matos\" target=\"_blank\">Arlindo Matos<\/a>, Diretor da R\u00e1dio Temb\u00e9s de Our\u00e9m, e que nos deu grande apoio pra realiza\u00e7\u00e3o do espet\u00e1culo.<\/p>\n\n\n\n<figure class=\"wp-block-gallery has-nested-images columns-default is-cropped wp-block-gallery-1 is-layout-flex wp-block-gallery-is-layout-flex\">\n<figure class=\"wp-block-image size-large\"><a href=\"https:\/\/fabiocavalcante.com\/blog\/wp-content\/uploads\/2009\/01\/Ostp_e_Cardoso_Cardoso1.jpg\"><img loading=\"lazy\" decoding=\"async\" width=\"600\" height=\"450\" data-id=\"4506\" src=\"https:\/\/fabiocavalcante.com\/blog\/wp-content\/uploads\/2009\/01\/Ostp_e_Cardoso_Cardoso1.jpg\" alt=\"\" class=\"wp-image-4506\" srcset=\"https:\/\/fabiocavalcante.com\/blog\/wp-content\/uploads\/2009\/01\/Ostp_e_Cardoso_Cardoso1.jpg 600w, https:\/\/fabiocavalcante.com\/blog\/wp-content\/uploads\/2009\/01\/Ostp_e_Cardoso_Cardoso1-300x225.jpg 300w\" sizes=\"auto, (max-width: 600px) 100vw, 600px\" \/><\/a><figcaption class=\"wp-element-caption\">Aplausos<\/figcaption><\/figure>\n\n\n\n<figure class=\"wp-block-image size-large\"><a href=\"https:\/\/fabiocavalcante.com\/blog\/wp-content\/uploads\/2009\/01\/Ostp_e_Cardoso_Cardoso2.jpg\"><img loading=\"lazy\" decoding=\"async\" width=\"600\" height=\"450\" data-id=\"4507\" src=\"https:\/\/fabiocavalcante.com\/blog\/wp-content\/uploads\/2009\/01\/Ostp_e_Cardoso_Cardoso2.jpg\" alt=\"\" class=\"wp-image-4507\" srcset=\"https:\/\/fabiocavalcante.com\/blog\/wp-content\/uploads\/2009\/01\/Ostp_e_Cardoso_Cardoso2.jpg 600w, https:\/\/fabiocavalcante.com\/blog\/wp-content\/uploads\/2009\/01\/Ostp_e_Cardoso_Cardoso2-300x225.jpg 300w\" sizes=\"auto, (max-width: 600px) 100vw, 600px\" \/><\/a><figcaption class=\"wp-element-caption\">Mateus Ara\u00fajo, Mestre Cardoso e Arlindo Matos<\/figcaption><\/figure>\n\n\n\n<figure class=\"wp-block-image size-large\"><a href=\"https:\/\/fabiocavalcante.com\/blog\/wp-content\/uploads\/2009\/01\/Ostp_e_Cardoso_Cardoso3.jpg\"><img loading=\"lazy\" decoding=\"async\" width=\"600\" height=\"450\" data-id=\"4508\" src=\"https:\/\/fabiocavalcante.com\/blog\/wp-content\/uploads\/2009\/01\/Ostp_e_Cardoso_Cardoso3.jpg\" alt=\"\" class=\"wp-image-4508\" srcset=\"https:\/\/fabiocavalcante.com\/blog\/wp-content\/uploads\/2009\/01\/Ostp_e_Cardoso_Cardoso3.jpg 600w, https:\/\/fabiocavalcante.com\/blog\/wp-content\/uploads\/2009\/01\/Ostp_e_Cardoso_Cardoso3-300x225.jpg 300w\" sizes=\"auto, (max-width: 600px) 100vw, 600px\" \/><\/a><figcaption class=\"wp-element-caption\">P\u00fablico<\/figcaption><\/figure>\n<\/figure>\n\n\n\n<p>Confira o programa do evento, com o repert\u00f3rio, os nomes dos integrantes da orquestra, e uma breve biografia da OSTP, do regente e do Cardoso. O desenho da capa foi feito por&nbsp;<a rel=\"noreferrer noopener\" href=\"http:\/\/www.flickr.com\/photos\/luleal\" target=\"_blank\">Luciana Leal<\/a>.<\/p>\n\n\n\n<figure class=\"wp-block-gallery has-nested-images columns-default is-cropped wp-block-gallery-2 is-layout-flex wp-block-gallery-is-layout-flex\">\n<figure class=\"wp-block-image size-large\"><a href=\"https:\/\/fabiocavalcante.com\/blog\/wp-content\/uploads\/2009\/01\/Ostp_e_Cardoso_Programa1.jpg\"><img loading=\"lazy\" decoding=\"async\" width=\"550\" height=\"800\" data-id=\"4509\" src=\"https:\/\/fabiocavalcante.com\/blog\/wp-content\/uploads\/2009\/01\/Ostp_e_Cardoso_Programa1.jpg\" alt=\"\" class=\"wp-image-4509\" srcset=\"https:\/\/fabiocavalcante.com\/blog\/wp-content\/uploads\/2009\/01\/Ostp_e_Cardoso_Programa1.jpg 550w, https:\/\/fabiocavalcante.com\/blog\/wp-content\/uploads\/2009\/01\/Ostp_e_Cardoso_Programa1-206x300.jpg 206w\" sizes=\"auto, (max-width: 550px) 100vw, 550px\" \/><\/a><figcaption class=\"wp-element-caption\">Programa &#8211; capa<\/figcaption><\/figure>\n\n\n\n<figure class=\"wp-block-image size-large\"><a href=\"https:\/\/fabiocavalcante.com\/blog\/wp-content\/uploads\/2009\/01\/Ostp_e_Cardoso_Programa2.jpg\"><img loading=\"lazy\" decoding=\"async\" width=\"550\" height=\"800\" data-id=\"4510\" src=\"https:\/\/fabiocavalcante.com\/blog\/wp-content\/uploads\/2009\/01\/Ostp_e_Cardoso_Programa2.jpg\" alt=\"\" class=\"wp-image-4510\" srcset=\"https:\/\/fabiocavalcante.com\/blog\/wp-content\/uploads\/2009\/01\/Ostp_e_Cardoso_Programa2.jpg 550w, https:\/\/fabiocavalcante.com\/blog\/wp-content\/uploads\/2009\/01\/Ostp_e_Cardoso_Programa2-206x300.jpg 206w\" sizes=\"auto, (max-width: 550px) 100vw, 550px\" \/><\/a><figcaption class=\"wp-element-caption\">Programa &#8211; p\u00e1gina 1<\/figcaption><\/figure>\n\n\n\n<figure class=\"wp-block-image size-large\"><a href=\"https:\/\/fabiocavalcante.com\/blog\/wp-content\/uploads\/2009\/01\/Ostp_e_Cardoso_Programa3.jpg\"><img loading=\"lazy\" decoding=\"async\" width=\"550\" height=\"800\" data-id=\"4511\" src=\"https:\/\/fabiocavalcante.com\/blog\/wp-content\/uploads\/2009\/01\/Ostp_e_Cardoso_Programa3.jpg\" alt=\"\" class=\"wp-image-4511\" srcset=\"https:\/\/fabiocavalcante.com\/blog\/wp-content\/uploads\/2009\/01\/Ostp_e_Cardoso_Programa3.jpg 550w, https:\/\/fabiocavalcante.com\/blog\/wp-content\/uploads\/2009\/01\/Ostp_e_Cardoso_Programa3-206x300.jpg 206w\" sizes=\"auto, (max-width: 550px) 100vw, 550px\" \/><\/a><figcaption class=\"wp-element-caption\">Programa &#8211; p\u00e1gina 2<\/figcaption><\/figure>\n<\/figure>\n","protected":false},"excerpt":{"rendered":"<p>Aqui est\u00e1 o show que a\u00a0Orquestra Sinf\u00f4nica do Teatro da Paz\u00a0fez em homenagem ao\u00a0Mestre Cardoso, nos dias 23 e 24 de outubro de 2008. A id\u00e9ia original foi do maestro\u00a0Mateus Araujo, regente da OSTP, que conheceu o trabalho do Cardoso atrav\u00e9s do disco\u00a0Galo de Campina, produzido por mim em 2005. Inspirado nas m\u00fasicas do amo [&hellip;]<\/p>\n","protected":false},"author":1,"featured_media":0,"comment_status":"open","ping_status":"open","sticky":false,"template":"","format":"standard","meta":{"footnotes":""},"categories":[2],"tags":[31,49,35,39],"class_list":["post-229","post","type-post","status-publish","format-standard","hentry","category-musicas-audios","tag-ao-vivo","tag-arranjo","tag-mestre-cardoso","tag-ourem"],"_links":{"self":[{"href":"https:\/\/fabiocavalcante.com\/blog\/wp-json\/wp\/v2\/posts\/229","targetHints":{"allow":["GET"]}}],"collection":[{"href":"https:\/\/fabiocavalcante.com\/blog\/wp-json\/wp\/v2\/posts"}],"about":[{"href":"https:\/\/fabiocavalcante.com\/blog\/wp-json\/wp\/v2\/types\/post"}],"author":[{"embeddable":true,"href":"https:\/\/fabiocavalcante.com\/blog\/wp-json\/wp\/v2\/users\/1"}],"replies":[{"embeddable":true,"href":"https:\/\/fabiocavalcante.com\/blog\/wp-json\/wp\/v2\/comments?post=229"}],"version-history":[{"count":13,"href":"https:\/\/fabiocavalcante.com\/blog\/wp-json\/wp\/v2\/posts\/229\/revisions"}],"predecessor-version":[{"id":4546,"href":"https:\/\/fabiocavalcante.com\/blog\/wp-json\/wp\/v2\/posts\/229\/revisions\/4546"}],"wp:attachment":[{"href":"https:\/\/fabiocavalcante.com\/blog\/wp-json\/wp\/v2\/media?parent=229"}],"wp:term":[{"taxonomy":"category","embeddable":true,"href":"https:\/\/fabiocavalcante.com\/blog\/wp-json\/wp\/v2\/categories?post=229"},{"taxonomy":"post_tag","embeddable":true,"href":"https:\/\/fabiocavalcante.com\/blog\/wp-json\/wp\/v2\/tags?post=229"}],"curies":[{"name":"wp","href":"https:\/\/api.w.org\/{rel}","templated":true}]}}