{"id":230,"date":"2008-12-27T14:56:00","date_gmt":"2008-12-27T14:56:00","guid":{"rendered":"http:\/\/fabiocavalcante.com\/blog\/?p=230"},"modified":"2025-05-29T03:29:38","modified_gmt":"2025-05-29T03:29:38","slug":"curimbo-de-bolso-no-ensaio-aberto-setembro-de-2008","status":"publish","type":"post","link":"https:\/\/fabiocavalcante.com\/blog\/curimbo-de-bolso-no-ensaio-aberto-setembro-de-2008\/","title":{"rendered":"Curimb\u00f3 de bolso no Ensaio Aberto (Setembro de 2008)"},"content":{"rendered":"\n<p>Liderado pelo compositor, cantor e banjo\u00edsta Felix Faccon (ex-Curuper\u00e9), o Curimb\u00f3 de bolso se apresentou no dia 6 de setembro na loja <a href=\"https:\/\/www.facebook.com\/nafigueredo\/\" target=\"_blank\" rel=\"noopener\">N\u00e1 Figueredo<\/a>, dentro do projeto Ensaio Aberto. O show foi uma pr\u00e9via do segundo disco do grupo, j\u00e1 gravado pela &#8220;N\u00e1 Records&#8221;, e atualmente em fase de mixagem. Para esse projeto, fui convidado a fazer os arranjos dos instrumentos solistas, e toquei flauta doce.<\/p>\n\n\n\n<p>Participaram desta apresenta\u00e7\u00e3o os m\u00fasicos <a href=\"https:\/\/open.spotify.com\/artist\/7cKWRupZws7hUlVMpZ9T7t\" target=\"_blank\" rel=\"noopener\">Allan Carvalho<\/a> (coro e viol\u00e3o), F\u00e1bio Cavalcante (arranjos e flauta doce), F\u00e9lix Faccon (voz e banjo), Jo\u00e3o Paulo (percuss\u00e3o), Maria (coro), Milene Alves (coro), e Rodrigo (percuss\u00e3o).<\/p>\n\n\n\n<p>Ou\u00e7a a seguir as m\u00fasicas do show. Para baixar o show completo em um \u00fanico arquivo, clique <a href=\"https:\/\/archive.org\/compress\/BlogFGC37_CurimboDeBolso_EnsaioAberto\/formats=160KBPS%20MP3,JPEG\" target=\"_blank\" data-type=\"URL\" data-id=\"http:\/\/www.archive.org\/download\/BlogFGC37_CurimboDeBolso_EnsaioAberto\/BlogFGC37_CurimboDeBolso_EnsaioAberto_vbr_mp3.zip\" rel=\"noreferrer noopener\">aqui (arquivo zip)<\/a>.<\/p>\n\n\n\n<p><iframe loading=\"lazy\" src=\"https:\/\/archive.org\/embed\/BlogFGC37_CurimboDeBolso_EnsaioAberto&amp;playlist=1&amp;list_height=270\" width=\"500\" height=\"270\" frameborder=\"0\" webkitallowfullscreen=\"true\" mozallowfullscreen=\"true\" allowfullscreen=\"\"><\/iframe><\/p>\n","protected":false},"excerpt":{"rendered":"<p>Liderado pelo compositor, cantor e banjo\u00edsta Felix Faccon (ex-Curuper\u00e9), o Curimb\u00f3 de bolso se apresentou no dia 6 de setembro na loja N\u00e1 Figueredo, dentro do projeto Ensaio Aberto. O show foi uma pr\u00e9via do segundo disco do grupo, j\u00e1 gravado pela &#8220;N\u00e1 Records&#8221;, e atualmente em fase de mixagem. Para esse projeto, fui convidado [&hellip;]<\/p>\n","protected":false},"author":1,"featured_media":0,"comment_status":"open","ping_status":"open","sticky":false,"template":"","format":"standard","meta":{"footnotes":""},"categories":[2],"tags":[85,31,49,19],"class_list":["post-230","post","type-post","status-publish","format-standard","hentry","category-musicas-audios","tag-allan-carvalho","tag-ao-vivo","tag-arranjo","tag-flauta-doce"],"_links":{"self":[{"href":"https:\/\/fabiocavalcante.com\/blog\/wp-json\/wp\/v2\/posts\/230","targetHints":{"allow":["GET"]}}],"collection":[{"href":"https:\/\/fabiocavalcante.com\/blog\/wp-json\/wp\/v2\/posts"}],"about":[{"href":"https:\/\/fabiocavalcante.com\/blog\/wp-json\/wp\/v2\/types\/post"}],"author":[{"embeddable":true,"href":"https:\/\/fabiocavalcante.com\/blog\/wp-json\/wp\/v2\/users\/1"}],"replies":[{"embeddable":true,"href":"https:\/\/fabiocavalcante.com\/blog\/wp-json\/wp\/v2\/comments?post=230"}],"version-history":[{"count":7,"href":"https:\/\/fabiocavalcante.com\/blog\/wp-json\/wp\/v2\/posts\/230\/revisions"}],"predecessor-version":[{"id":4354,"href":"https:\/\/fabiocavalcante.com\/blog\/wp-json\/wp\/v2\/posts\/230\/revisions\/4354"}],"wp:attachment":[{"href":"https:\/\/fabiocavalcante.com\/blog\/wp-json\/wp\/v2\/media?parent=230"}],"wp:term":[{"taxonomy":"category","embeddable":true,"href":"https:\/\/fabiocavalcante.com\/blog\/wp-json\/wp\/v2\/categories?post=230"},{"taxonomy":"post_tag","embeddable":true,"href":"https:\/\/fabiocavalcante.com\/blog\/wp-json\/wp\/v2\/tags?post=230"}],"curies":[{"name":"wp","href":"https:\/\/api.w.org\/{rel}","templated":true}]}}