{"id":231,"date":"2008-10-09T14:35:00","date_gmt":"2008-10-09T14:35:00","guid":{"rendered":"http:\/\/fabiocavalcante.com\/blog\/?p=231"},"modified":"2025-05-30T23:51:03","modified_gmt":"2025-05-30T23:51:03","slug":"o-robo-criador","status":"publish","type":"post","link":"https:\/\/fabiocavalcante.com\/blog\/o-robo-criador\/","title":{"rendered":"O Rob\u00f4 Criador"},"content":{"rendered":"\n<p>&#8220;O Rob\u00f4 Criador&#8221; \u00e9 um curta-metragem que produzimos durante a oficina &#8220;Trilha sonora para \u00e1udio-visual&#8221;, realizado pelo <a href=\"http:\/\/blogdoiap.blogspot.com\/\" target=\"_blank\" rel=\"noreferrer noopener\">Instituto de Artes do Par\u00e1 (IAP)<\/a>, atrav\u00e9s do N\u00facleo de Produ\u00e7\u00e3o Digital do Par\u00e1, e ministrada por mim, em Agosto de 2008.<\/p>\n\n\n\n<h3 class=\"wp-block-heading\">Sinopse<\/h3>\n\n\n\n<p>O filme conta a hist\u00f3ria de um bolsista charlat\u00e3o (interpretado pelo ator Paulo Ricardo) que, em 1955, entrega ao IAP o &#8220;Rob\u00f4 Ninja Criador&#8221;, como resultado da sua Bolsa de Pesquisa. Segundo o pr\u00f3prio bolsista, \u00e9 &#8220;uma obra que faz obras&#8221;. No entanto, durante a sua apresenta\u00e7\u00e3o, um assaltante rouba a central de processamento de &#8220;dados&#8221; do rob\u00f4, que \u00e9 ent\u00e3o levado para uma sala de reciclagem, a fim lhe darem outro proveito.<\/p>\n\n\n\n<p>&#8220;O Rob\u00f4 Criador&#8221; foi filmado na noite de 26 de agosto de 2008, dentro das depend\u00eancias do IAP, durante uma das aulas da Oficina de Trilha Sonora. Veja logo abaixo o filme.<\/p>\n\n\n\n<figure class=\"wp-block-embed is-type-video is-provider-youtube wp-block-embed-youtube wp-embed-aspect-4-3 wp-has-aspect-ratio\"><div class=\"wp-block-embed__wrapper\">\n<iframe loading=\"lazy\" title=\"O Rob\u00f4 Criador (curta-metragem)\" width=\"500\" height=\"375\" src=\"https:\/\/www.youtube.com\/embed\/k1uszIdz_fM?feature=oembed\" frameborder=\"0\" allow=\"accelerometer; autoplay; clipboard-write; encrypted-media; gyroscope; picture-in-picture; web-share\" referrerpolicy=\"strict-origin-when-cross-origin\" allowfullscreen><\/iframe>\n<\/div><\/figure>\n\n\n\n<h3 class=\"wp-block-heading\">Ficha T\u00e9cnica<\/h3>\n\n\n\n<ul class=\"wp-block-list\">\n<li>Atores: <strong>Andr\u00e9 Mardock<\/strong> (<em>Rob\u00f4 Ninja Criador<\/em>), <strong>Andr\u00e9 Pereira<\/strong> (<em>carregador do rob\u00f4<\/em>), <strong>Charles Andr\u00e9<\/strong> (<em>carregador do rob\u00f4<\/em>), <strong>F\u00e1bio Cavalcante<\/strong> (<em>avaliador<\/em>), <strong>Luciana Leal<\/strong> (<em>mulher no banheiro<\/em>), <strong>Lucas Esc\u00f3cio<\/strong> (<em>assaltante<\/em>), <strong>Paulo Ricardo<\/strong> (<em>bolsista<\/em>)<\/li>\n\n\n\n<li>Trilha Sonora e Efeitos (Cria\u00e7\u00e3o coletiva dos participantes da oficina \u201cTrilha sonora para \u00e1udio visual\u201d): <strong>Andr\u00e9 M\u00e1rcio Mardock<\/strong>, <strong>Andr\u00e9 Pereira Souza<\/strong>, <strong>Charles Andr\u00e9 da Costa e Silva<\/strong>, <strong>Emivaldo Ribeiro Feitosa J\u00fanior<\/strong>, <strong>Fabr\u00edcio Coutinho Gaby<\/strong>, <strong>F\u00e1bio Pereira dos Santos<\/strong>, <strong>Leonardo Chermont Rodrigues<\/strong>, <strong>Lucas Louren\u00e7o Esc\u00f3cio de Faria<\/strong>, <strong>Paulo Ricardo Silva do Nascimento<\/strong>.<\/li>\n\n\n\n<li>C\u00e2mera: <strong>Di\u00f3genes Leal<\/strong><\/li>\n\n\n\n<li>Dire\u00e7\u00e3o: <strong>F\u00e1bio Cavalcante<\/strong><\/li>\n<\/ul>\n\n\n\n<p><\/p>\n","protected":false},"excerpt":{"rendered":"<p>&#8220;O Rob\u00f4 Criador&#8221; \u00e9 um curta-metragem que produzimos durante a oficina &#8220;Trilha sonora para \u00e1udio-visual&#8221;, realizado pelo Instituto de Artes do Par\u00e1 (IAP), atrav\u00e9s do N\u00facleo de Produ\u00e7\u00e3o Digital do Par\u00e1, e ministrada por mim, em Agosto de 2008. Sinopse O filme conta a hist\u00f3ria de um bolsista charlat\u00e3o (interpretado pelo ator Paulo Ricardo) que, [&hellip;]<\/p>\n","protected":false},"author":1,"featured_media":0,"comment_status":"open","ping_status":"open","sticky":false,"template":"","format":"standard","meta":{"footnotes":""},"categories":[5],"tags":[40],"class_list":["post-231","post","type-post","status-publish","format-standard","hentry","category-videos","tag-trilha-sonora"],"_links":{"self":[{"href":"https:\/\/fabiocavalcante.com\/blog\/wp-json\/wp\/v2\/posts\/231","targetHints":{"allow":["GET"]}}],"collection":[{"href":"https:\/\/fabiocavalcante.com\/blog\/wp-json\/wp\/v2\/posts"}],"about":[{"href":"https:\/\/fabiocavalcante.com\/blog\/wp-json\/wp\/v2\/types\/post"}],"author":[{"embeddable":true,"href":"https:\/\/fabiocavalcante.com\/blog\/wp-json\/wp\/v2\/users\/1"}],"replies":[{"embeddable":true,"href":"https:\/\/fabiocavalcante.com\/blog\/wp-json\/wp\/v2\/comments?post=231"}],"version-history":[{"count":7,"href":"https:\/\/fabiocavalcante.com\/blog\/wp-json\/wp\/v2\/posts\/231\/revisions"}],"predecessor-version":[{"id":4578,"href":"https:\/\/fabiocavalcante.com\/blog\/wp-json\/wp\/v2\/posts\/231\/revisions\/4578"}],"wp:attachment":[{"href":"https:\/\/fabiocavalcante.com\/blog\/wp-json\/wp\/v2\/media?parent=231"}],"wp:term":[{"taxonomy":"category","embeddable":true,"href":"https:\/\/fabiocavalcante.com\/blog\/wp-json\/wp\/v2\/categories?post=231"},{"taxonomy":"post_tag","embeddable":true,"href":"https:\/\/fabiocavalcante.com\/blog\/wp-json\/wp\/v2\/tags?post=231"}],"curies":[{"name":"wp","href":"https:\/\/api.w.org\/{rel}","templated":true}]}}