{"id":233,"date":"2008-08-11T13:23:00","date_gmt":"2008-08-11T13:23:00","guid":{"rendered":"http:\/\/fabiocavalcante.com\/blog\/?p=233"},"modified":"2025-05-29T03:24:26","modified_gmt":"2025-05-29T03:24:26","slug":"cardoso-canta-as-toadas-do-boi-ouro-fino-para-2008","status":"publish","type":"post","link":"https:\/\/fabiocavalcante.com\/blog\/cardoso-canta-as-toadas-do-boi-ouro-fino-para-2008\/","title":{"rendered":"Cardoso canta as toadas do boi Ouro Fino para 2008"},"content":{"rendered":"\n<p>Aqui est\u00e3o as toadas que <a href=\"https:\/\/fgcproducoes.fabiocavalcante.com\/artistas\/mestre-cardoso\/\" target=\"_blank\" rel=\"noreferrer noopener\">Mestre Cardoso<\/a> preparou este ano para as brincadeiras do seu boi Ouro Fino, de <a href=\"http:\/\/pt.wikipedia.org\/wiki\/Our%C3%A9m_%28Par%C3%A1%29\" target=\"_blank\" rel=\"noopener noreferrer\">Our\u00e9m<\/a> (PA). Nessas grava\u00e7\u00f5es, Cardoso cantou e tocou o tambor. Em algumas faixas, eu gravei a minha voz para o coro, e usei <i>samples<\/i> de instrumentos de percuss\u00e3o retirados do disco &#8220;<a href=\"https:\/\/fgcproducoes.fabiocavalcante.com\/artistas\/mestre-cardoso\/galo-de-campina\/\" target=\"_blank\" rel=\"noreferrer noopener\">Galo de campina<\/a>&#8221; (2005).<\/p>\n\n\n\n<p>Gravei essas m\u00fasicas no m\u00eas de Julho, no per\u00edodo em que estive com Cardoso para defender com ele a m\u00fasica &#8220;N\u00e3o sou Norte-americano&#8221; no XXV <a href=\"http:\/\/santaluziaonline.blogspot.com\/2008\/07\/um-pouco-da-histria-do-festival-da-cano.html\" target=\"_blank\" rel=\"noopener noreferrer\">FMO<\/a> (veja o v\u00eddeo da apresenta\u00e7\u00e3o no <a href=\"https:\/\/fabiocavalcante.com\/blog\/mestre-cardoso-no-xxv-festival-da-cancao-ouremense\/\" target=\"_blank\" rel=\"noopener noreferrer\">post anterior<\/a>). A \u00faltima faixa \u00e9, por sinal, o \u00e1udio dessa apresenta\u00e7\u00e3o.<\/p>\n\n\n\n<p>Ou\u00e7a e curta o som do Mestre. E se quiser baixar todas as faixas em um \u00fanico arquivo zipado, clique <a href=\"https:\/\/archive.org\/compress\/BlogFGC34_CardosoToadas2008\/formats=160KBPS%20MP3,JPEG\">aqui<\/a>.<\/p>\n\n\n\n<p><iframe loading=\"lazy\" src=\"https:\/\/archive.org\/embed\/BlogFGC34_CardosoToadas2008&amp;playlist=1&amp;list_height=190\" width=\"500\" height=\"190\" frameborder=\"0\" webkitallowfullscreen=\"true\" mozallowfullscreen=\"true\" allowfullscreen=\"\"><\/iframe><\/p>\n","protected":false},"excerpt":{"rendered":"<p>Aqui est\u00e3o as toadas que Mestre Cardoso preparou este ano para as brincadeiras do seu boi Ouro Fino, de Our\u00e9m (PA). Nessas grava\u00e7\u00f5es, Cardoso cantou e tocou o tambor. Em algumas faixas, eu gravei a minha voz para o coro, e usei samples de instrumentos de percuss\u00e3o retirados do disco &#8220;Galo de campina&#8221; (2005). Gravei [&hellip;]<\/p>\n","protected":false},"author":1,"featured_media":0,"comment_status":"open","ping_status":"open","sticky":false,"template":"","format":"standard","meta":{"footnotes":""},"categories":[3,2],"tags":[17,35,39],"class_list":["post-233","post","type-post","status-publish","format-standard","hentry","category-folclore","category-musicas-audios","tag-folclore-paraense","tag-mestre-cardoso","tag-ourem"],"_links":{"self":[{"href":"https:\/\/fabiocavalcante.com\/blog\/wp-json\/wp\/v2\/posts\/233","targetHints":{"allow":["GET"]}}],"collection":[{"href":"https:\/\/fabiocavalcante.com\/blog\/wp-json\/wp\/v2\/posts"}],"about":[{"href":"https:\/\/fabiocavalcante.com\/blog\/wp-json\/wp\/v2\/types\/post"}],"author":[{"embeddable":true,"href":"https:\/\/fabiocavalcante.com\/blog\/wp-json\/wp\/v2\/users\/1"}],"replies":[{"embeddable":true,"href":"https:\/\/fabiocavalcante.com\/blog\/wp-json\/wp\/v2\/comments?post=233"}],"version-history":[{"count":8,"href":"https:\/\/fabiocavalcante.com\/blog\/wp-json\/wp\/v2\/posts\/233\/revisions"}],"predecessor-version":[{"id":4315,"href":"https:\/\/fabiocavalcante.com\/blog\/wp-json\/wp\/v2\/posts\/233\/revisions\/4315"}],"wp:attachment":[{"href":"https:\/\/fabiocavalcante.com\/blog\/wp-json\/wp\/v2\/media?parent=233"}],"wp:term":[{"taxonomy":"category","embeddable":true,"href":"https:\/\/fabiocavalcante.com\/blog\/wp-json\/wp\/v2\/categories?post=233"},{"taxonomy":"post_tag","embeddable":true,"href":"https:\/\/fabiocavalcante.com\/blog\/wp-json\/wp\/v2\/tags?post=233"}],"curies":[{"name":"wp","href":"https:\/\/api.w.org\/{rel}","templated":true}]}}