{"id":234,"date":"2008-07-31T19:17:00","date_gmt":"2008-07-31T19:17:00","guid":{"rendered":"http:\/\/fabiocavalcante.com\/blog\/?p=234"},"modified":"2025-05-29T03:24:32","modified_gmt":"2025-05-29T03:24:32","slug":"mestre-cardoso-no-xxv-festival-da-cancao-ouremense","status":"publish","type":"post","link":"https:\/\/fabiocavalcante.com\/blog\/mestre-cardoso-no-xxv-festival-da-cancao-ouremense\/","title":{"rendered":"Mestre Cardoso no XXV Festival da Can\u00e7\u00e3o Ouremense"},"content":{"rendered":"\n<p>No dia 26 de julho,&nbsp;<a href=\"https:\/\/fgcproducoes.fabiocavalcante.com\/artistas\/mestre-cardoso\/\" target=\"_blank\" rel=\"noreferrer noopener\">Mestre Cardoso<\/a>&nbsp;esteve na final do XXV&nbsp;<a href=\"http:\/\/santaluziaonline.blogspot.com\/2008\/07\/um-pouco-da-histria-do-festival-da-cano.html\" target=\"_blank\" rel=\"noreferrer noopener\">Festival da Can\u00e7\u00e3o Ouremense<\/a>, com a toada \u201cN\u00e3o sou norte-americano\u201d, composta originalmente para ser cantada nas brincadeiras do boi Ouro Fino.<\/p>\n\n\n\n<p>Ganhou o primeiro lugar na categoria \u201cM\u00fasicas de Our\u00e9m\u201d. Ele foi acompanhado por&nbsp;<a href=\"https:\/\/open.spotify.com\/artist\/7cKWRupZws7hUlVMpZ9T7t\" target=\"_blank\" rel=\"noreferrer noopener\">Allan Carvalho<\/a>&nbsp;(banjo e voz), Elaine Borges e \u201cIna\u201d (Coro), F\u00e1bio Cavalcante (flauta e arranjo), e nas percuss\u00f5es, por Andr\u00e9 \u201cMixico\u201d, Bruno, Natalino \u201cCaratinga\u201d e Rafael Barros.<\/p>\n\n\n\n<p>O video foi filmado por&nbsp;<a rel=\"noreferrer noopener\" href=\"http:\/\/www.overmundo.com.br\/perfis\/arlindo-matos\" target=\"_blank\">Arlindo Matos<\/a>, que, al\u00e9m de ter incentivado Mestre Cardoso na inscri\u00e7\u00e3o, deu o t\u00edtulo da m\u00fasica.<\/p>\n\n\n\n<figure class=\"wp-block-embed is-type-video is-provider-youtube wp-block-embed-youtube wp-embed-aspect-4-3 wp-has-aspect-ratio\"><div class=\"wp-block-embed__wrapper\">\n<iframe loading=\"lazy\" title=\"N\u00e3o Sou Norte Americano (ao vivo) - Mestre Cardoso [XXV Festival da Can\u00e7\u00e3o Ouremense; Our\u00e9m, 2008]\" width=\"500\" height=\"375\" src=\"https:\/\/www.youtube.com\/embed\/o4LbGd7wNdo?feature=oembed\" frameborder=\"0\" allow=\"accelerometer; autoplay; clipboard-write; encrypted-media; gyroscope; picture-in-picture; web-share\" referrerpolicy=\"strict-origin-when-cross-origin\" allowfullscreen><\/iframe>\n<\/div><\/figure>\n\n\n\n<p>Confira a letra desta toada de Mestre Cardoso:<\/p>\n\n\n\n<blockquote class=\"wp-block-quote is-layout-flow wp-block-quote-is-layout-flow\">\n<p><strong>N\u00e3o Sou Norte-Americano<br><\/strong>(<em>Mestre Cardoso<\/em>)<\/p>\n\n\n\n<p>Minha m\u00e3e, mam\u00e3e eu vou<br>Amanh\u00e3 para o Iraque<br>Meu filho tenha cuidado<br>N\u00e3o v\u00e1 passear de t\u00e1xi<br>Que os jornais de Bagd\u00e1<br>Anunciam os ataques<\/p>\n\n\n\n<p>Minha m\u00e3e, quero ben\u00e7\u00e3o<br>Me diga adeus, que eu j\u00e1 vou<br>Meu filho tenha cuidado<br>Siga com nosso Senhor<br>Mataram Saddam Hussein<br>E a guerra continuou<\/p>\n\n\n\n<p>Minha m\u00e3e quero ben\u00e7\u00e3o<br>Quero ouvir as vozes suas<br>Meu filho tenha cuidado<br>N\u00e3o vacile pelas ruas<br>Mataram Saddam Hussein<br>E a guerra continua<\/p>\n\n\n\n<p>Minha m\u00e3e, quero ben\u00e7\u00e3o<br>N\u00e3o sei se eu volto este ano<br>Meu filho tenha cuidado<br>Pra depois n\u00e3o ter engano<br>Comparar um brasileiro<br>Com um soldado americano<\/p>\n\n\n\n<p>Eu cantei essa toada<br>Aqui para o pessoal<br>Porque eu tenho mem\u00f3ria<br>E tenho meu ideal<br>Compositei em toada<br>Conforme passa o jornal<\/p>\n<\/blockquote>\n","protected":false},"excerpt":{"rendered":"<p>No dia 26 de julho,&nbsp;Mestre Cardoso&nbsp;esteve na final do XXV&nbsp;Festival da Can\u00e7\u00e3o Ouremense, com a toada \u201cN\u00e3o sou norte-americano\u201d, composta originalmente para ser cantada nas brincadeiras do boi Ouro Fino. Ganhou o primeiro lugar na categoria \u201cM\u00fasicas de Our\u00e9m\u201d. Ele foi acompanhado por&nbsp;Allan Carvalho&nbsp;(banjo e voz), Elaine Borges e \u201cIna\u201d (Coro), F\u00e1bio Cavalcante (flauta e [&hellip;]<\/p>\n","protected":false},"author":1,"featured_media":0,"comment_status":"open","ping_status":"open","sticky":false,"template":"","format":"standard","meta":{"footnotes":""},"categories":[5],"tags":[31,49,25,19,35,39],"class_list":["post-234","post","type-post","status-publish","format-standard","hentry","category-videos","tag-ao-vivo","tag-arranjo","tag-cancao","tag-flauta-doce","tag-mestre-cardoso","tag-ourem"],"_links":{"self":[{"href":"https:\/\/fabiocavalcante.com\/blog\/wp-json\/wp\/v2\/posts\/234","targetHints":{"allow":["GET"]}}],"collection":[{"href":"https:\/\/fabiocavalcante.com\/blog\/wp-json\/wp\/v2\/posts"}],"about":[{"href":"https:\/\/fabiocavalcante.com\/blog\/wp-json\/wp\/v2\/types\/post"}],"author":[{"embeddable":true,"href":"https:\/\/fabiocavalcante.com\/blog\/wp-json\/wp\/v2\/users\/1"}],"replies":[{"embeddable":true,"href":"https:\/\/fabiocavalcante.com\/blog\/wp-json\/wp\/v2\/comments?post=234"}],"version-history":[{"count":8,"href":"https:\/\/fabiocavalcante.com\/blog\/wp-json\/wp\/v2\/posts\/234\/revisions"}],"predecessor-version":[{"id":4316,"href":"https:\/\/fabiocavalcante.com\/blog\/wp-json\/wp\/v2\/posts\/234\/revisions\/4316"}],"wp:attachment":[{"href":"https:\/\/fabiocavalcante.com\/blog\/wp-json\/wp\/v2\/media?parent=234"}],"wp:term":[{"taxonomy":"category","embeddable":true,"href":"https:\/\/fabiocavalcante.com\/blog\/wp-json\/wp\/v2\/categories?post=234"},{"taxonomy":"post_tag","embeddable":true,"href":"https:\/\/fabiocavalcante.com\/blog\/wp-json\/wp\/v2\/tags?post=234"}],"curies":[{"name":"wp","href":"https:\/\/api.w.org\/{rel}","templated":true}]}}