{"id":235,"date":"2008-06-09T14:26:00","date_gmt":"2008-06-09T14:26:00","guid":{"rendered":"http:\/\/fabiocavalcante.com\/blog\/?p=235"},"modified":"2025-05-29T03:29:44","modified_gmt":"2025-05-29T03:29:44","slug":"verequete-chama","status":"publish","type":"post","link":"https:\/\/fabiocavalcante.com\/blog\/verequete-chama\/","title":{"rendered":"Verequete Chama!"},"content":{"rendered":"\n<p>Na \u00faltima sexta (6 de junho), no <a href=\"https:\/\/pt.wikipedia.org\/wiki\/Centro_Cultural_e_Tur%C3%ADstico_Tancredo_Neves\" target=\"_blank\" rel=\"noopener\">Teatro do Centur<\/a>, aconteceu o show &#8220;Verequete Chama&#8221;, em benef\u00edcio de <a href=\"http:\/\/bomgadamata.wordpress.com\/2008\/06\/08\/mestre-verequete-o-rei-do-carimbo\/\" target=\"_blank\" rel=\"noopener\">Mestre Verequete<\/a>, que estava internado h\u00e1 v\u00e1rios dias devido a uma pneumonia. A noite contou com a participa\u00e7\u00e3o dos artistas Paulinho Murur\u00e9, <a href=\"http:\/\/cantodevarzea.blogspot.com\/2009\/06\/eduardo-dias-biografia.html\">Eduardo Dias<\/a> e <a href=\"http:\/\/pt.wikipedia.org\/wiki\/Alcyr_Guimar%C3%A3es\" target=\"_blank\" rel=\"noopener\">Alcyr Guimar\u00e3es<\/a>, dos grupos Mandinga da Amaz\u00f4nia, Sabor Marajoara, Sancari e Uirapuru; al\u00e9m da bateria da escola de samba Embaixada da Pedreira, que em 2003 venceu concurso da Prefeitura de Bel\u00e9m, tocando na avenida um samba criado em homenagem ao compositor.<\/p>\n\n\n\n<p>Confira abaixo os momentos do show que ficaram por conta do carimb\u00f3 pau e corda dos grupos Sancari (nas tr\u00eas primeiras faixas) e Uirapuru (faixas 4, 5 e 6) &nbsp;&#8211; este \u00faltimo formado em 1971, e que foi o grupo que acompanhou Verequete ao longo de sua carreira. O encerramento \u00e9 ao som da bateria da escola da Pedreira.<\/p>\n\n\n\n<p><iframe loading=\"lazy\" src=\"https:\/\/archive.org\/embed\/BlogFGC32_ShowParaVerequete&amp;playlist=1&amp;list_height=170\" width=\"500\" height=\"170\" frameborder=\"0\" webkitallowfullscreen=\"true\" mozallowfullscreen=\"true\" allowfullscreen=\"\"><\/iframe><\/p>\n\n\n\n<p>Para baixar todas as m\u00fasicas, clique <a href=\"https:\/\/archive.org\/compress\/BlogFGC32_ShowParaVerequete\/formats=VBR%20MP3\" target=\"_blank\" rel=\"noreferrer noopener\">aqui (arquivo zip)<\/a>.<br>O Show foi organizado por <a href=\"https:\/\/open.spotify.com\/artist\/7cKWRupZws7hUlVMpZ9T7t\" target=\"_blank\" rel=\"noreferrer noopener\">Allan Carvalho<\/a>, Zez\u00e9 Costa e Luc\u00e9lia Costa.<\/p>\n","protected":false},"excerpt":{"rendered":"<p>Na \u00faltima sexta (6 de junho), no Teatro do Centur, aconteceu o show &#8220;Verequete Chama&#8221;, em benef\u00edcio de Mestre Verequete, que estava internado h\u00e1 v\u00e1rios dias devido a uma pneumonia. A noite contou com a participa\u00e7\u00e3o dos artistas Paulinho Murur\u00e9, Eduardo Dias e Alcyr Guimar\u00e3es, dos grupos Mandinga da Amaz\u00f4nia, Sabor Marajoara, Sancari e Uirapuru; [&hellip;]<\/p>\n","protected":false},"author":1,"featured_media":0,"comment_status":"open","ping_status":"open","sticky":false,"template":"","format":"standard","meta":{"footnotes":""},"categories":[3,2],"tags":[31,52,17],"class_list":["post-235","post","type-post","status-publish","format-standard","hentry","category-folclore","category-musicas-audios","tag-ao-vivo","tag-carimbo","tag-folclore-paraense"],"_links":{"self":[{"href":"https:\/\/fabiocavalcante.com\/blog\/wp-json\/wp\/v2\/posts\/235","targetHints":{"allow":["GET"]}}],"collection":[{"href":"https:\/\/fabiocavalcante.com\/blog\/wp-json\/wp\/v2\/posts"}],"about":[{"href":"https:\/\/fabiocavalcante.com\/blog\/wp-json\/wp\/v2\/types\/post"}],"author":[{"embeddable":true,"href":"https:\/\/fabiocavalcante.com\/blog\/wp-json\/wp\/v2\/users\/1"}],"replies":[{"embeddable":true,"href":"https:\/\/fabiocavalcante.com\/blog\/wp-json\/wp\/v2\/comments?post=235"}],"version-history":[{"count":8,"href":"https:\/\/fabiocavalcante.com\/blog\/wp-json\/wp\/v2\/posts\/235\/revisions"}],"predecessor-version":[{"id":4355,"href":"https:\/\/fabiocavalcante.com\/blog\/wp-json\/wp\/v2\/posts\/235\/revisions\/4355"}],"wp:attachment":[{"href":"https:\/\/fabiocavalcante.com\/blog\/wp-json\/wp\/v2\/media?parent=235"}],"wp:term":[{"taxonomy":"category","embeddable":true,"href":"https:\/\/fabiocavalcante.com\/blog\/wp-json\/wp\/v2\/categories?post=235"},{"taxonomy":"post_tag","embeddable":true,"href":"https:\/\/fabiocavalcante.com\/blog\/wp-json\/wp\/v2\/tags?post=235"}],"curies":[{"name":"wp","href":"https:\/\/api.w.org\/{rel}","templated":true}]}}