{"id":237,"date":"2008-04-25T11:59:00","date_gmt":"2008-04-25T11:59:00","guid":{"rendered":"http:\/\/fabiocavalcante.com\/blog\/?p=237"},"modified":"2025-05-30T22:58:24","modified_gmt":"2025-05-30T22:58:24","slug":"cae-cae-na-aldeia-tembe-festa-das-mocas-2003","status":"publish","type":"post","link":"https:\/\/fabiocavalcante.com\/blog\/cae-cae-na-aldeia-tembe-festa-das-mocas-2003\/","title":{"rendered":"Ca\u00ea Ca\u00ea na Aldeia Temb\u00e9 &#8211; Festa das Mo\u00e7as 2003"},"content":{"rendered":"\n<p>Nos dias 24, 25 e 26 de novembro de 2003 fui, acompanhado da\u00a0<a href=\"http:\/\/blogdalilarosa.blogspot.com\/\" target=\"_blank\" rel=\"noreferrer noopener\">Lila<\/a>\u00a0e dos meus amigos\u00a0<a href=\"http:\/\/www.overmundo.com.br\/perfis\/arlindo-matos\" target=\"_blank\" rel=\"noreferrer noopener\">Arlindo Matos<\/a>\u00a0e Marcilene (de Our\u00e9m), \u00e0 aldeia Frasqueira, dos\u00a0<a href=\"http:\/\/pib.socioambiental.org\/pt\/povo\/tembe\" target=\"_blank\" rel=\"noreferrer noopener\">\u00edndios Temb\u00e9<\/a>, localizada no munic\u00edpio de Santa Luzia do Par\u00e1.<\/p>\n\n\n\n<p>A festa, que dura uma semana, \u00e9 um ritual de passagem que comemora a entrada das \u00edndias na adolesc\u00eancia, e n\u00e3o era realizada h\u00e1 v\u00e1rios anos. Um barrac\u00e3o constru\u00eddo num canto da aldeia era o local onde cantavam e dan\u00e7avam o Ca\u00ea Ca\u00ea \u2013 dan\u00e7a tradicional daquele povo. As m\u00fasicas falam dos animais da floresta, e apenas maracas s\u00e3o usadas para acompanhar as vozes. A dan\u00e7a \u00e9 uma roda, que se faz aos pares em volta do centro do barrac\u00e3o. Algumas vezes se dan\u00e7ava do lado de fora, avan\u00e7ando de m\u00e3os dadas, formando uma longa barreira. <\/p>\n\n\n\n<p>Aqui est\u00e3o quatro momentos dos Temb\u00e9 cantando o Ca\u00ea-Ca\u00ea.<\/p>\n\n\n\n<p><iframe loading=\"lazy\" src=\"https:\/\/archive.org\/embed\/BlogFGC29_Tembe&amp;playlist=1\" width=\"500\" height=\"110\" frameborder=\"0\" allowfullscreen=\"allowfullscreen\"><\/iframe><\/p>\n\n\n\n<p>Para baixar as m\u00fasicas acima em um \u00fanico arquivo, clique&nbsp;<a href=\"https:\/\/archive.org\/compress\/BlogFGC29_Tembe\/formats=160KBPS%20MP3,JPEG\" target=\"_blank\" rel=\"noreferrer noopener\">aqui (arquivo zip)<\/a>.<\/p>\n\n\n\n<p>E logo abaixo, algumas fotos tiradas durante a festa.<\/p>\n\n\n\n<figure class=\"wp-block-gallery has-nested-images columns-2 is-cropped wp-block-gallery-1 is-layout-flex wp-block-gallery-is-layout-flex\">\n<figure class=\"wp-block-image size-large\"><a href=\"https:\/\/fabiocavalcante.com\/blog\/wp-content\/uploads\/2008\/04\/caecae01tembeemfila.jpg\"><img loading=\"lazy\" decoding=\"async\" width=\"600\" height=\"404\" data-id=\"4499\" src=\"https:\/\/fabiocavalcante.com\/blog\/wp-content\/uploads\/2008\/04\/caecae01tembeemfila.jpg\" alt=\"\" class=\"wp-image-4499\" srcset=\"https:\/\/fabiocavalcante.com\/blog\/wp-content\/uploads\/2008\/04\/caecae01tembeemfila.jpg 600w, https:\/\/fabiocavalcante.com\/blog\/wp-content\/uploads\/2008\/04\/caecae01tembeemfila-300x202.jpg 300w\" sizes=\"auto, (max-width: 600px) 100vw, 600px\" \/><\/a><figcaption class=\"wp-element-caption\">Dan\u00e7a do Ca\u00ea ca\u00ea<br><\/figcaption><\/figure>\n\n\n\n<figure class=\"wp-block-image size-large\"><a href=\"https:\/\/fabiocavalcante.com\/blog\/wp-content\/uploads\/2008\/04\/caecae02criancasnaaldeia.jpg\"><img loading=\"lazy\" decoding=\"async\" width=\"600\" height=\"404\" data-id=\"4500\" src=\"https:\/\/fabiocavalcante.com\/blog\/wp-content\/uploads\/2008\/04\/caecae02criancasnaaldeia.jpg\" alt=\"\" class=\"wp-image-4500\" srcset=\"https:\/\/fabiocavalcante.com\/blog\/wp-content\/uploads\/2008\/04\/caecae02criancasnaaldeia.jpg 600w, https:\/\/fabiocavalcante.com\/blog\/wp-content\/uploads\/2008\/04\/caecae02criancasnaaldeia-300x202.jpg 300w\" sizes=\"auto, (max-width: 600px) 100vw, 600px\" \/><\/a><figcaption class=\"wp-element-caption\">Crian\u00e7as Temb\u00e9<br><\/figcaption><\/figure>\n\n\n\n<figure class=\"wp-block-image size-large\"><a href=\"https:\/\/fabiocavalcante.com\/blog\/wp-content\/uploads\/2008\/04\/caecae03mepintando.jpg\"><img loading=\"lazy\" decoding=\"async\" width=\"600\" height=\"404\" data-id=\"4501\" src=\"https:\/\/fabiocavalcante.com\/blog\/wp-content\/uploads\/2008\/04\/caecae03mepintando.jpg\" alt=\"\" class=\"wp-image-4501\" srcset=\"https:\/\/fabiocavalcante.com\/blog\/wp-content\/uploads\/2008\/04\/caecae03mepintando.jpg 600w, https:\/\/fabiocavalcante.com\/blog\/wp-content\/uploads\/2008\/04\/caecae03mepintando-300x202.jpg 300w\" sizes=\"auto, (max-width: 600px) 100vw, 600px\" \/><\/a><figcaption class=\"wp-element-caption\">Pintando o corpo<\/figcaption><\/figure>\n\n\n\n<figure class=\"wp-block-image size-large\"><a href=\"https:\/\/fabiocavalcante.com\/blog\/wp-content\/uploads\/2008\/04\/caecae04guariba.jpg\"><img loading=\"lazy\" decoding=\"async\" width=\"600\" height=\"404\" data-id=\"4502\" src=\"https:\/\/fabiocavalcante.com\/blog\/wp-content\/uploads\/2008\/04\/caecae04guariba.jpg\" alt=\"\" class=\"wp-image-4502\" srcset=\"https:\/\/fabiocavalcante.com\/blog\/wp-content\/uploads\/2008\/04\/caecae04guariba.jpg 600w, https:\/\/fabiocavalcante.com\/blog\/wp-content\/uploads\/2008\/04\/caecae04guariba-300x202.jpg 300w\" sizes=\"auto, (max-width: 600px) 100vw, 600px\" \/><\/a><figcaption class=\"wp-element-caption\">Guaribas e mutuns moqueados<\/figcaption><\/figure>\n<\/figure>\n\n\n\n<p>As pinturas corporais s\u00e3o feitas com \u00f3leo de jenipapo, e ficam marcadas no corpo por aproximadamente duas semanas. N\u00e3o adiante esfregar \u2013 n\u00e3o sai. Essas pinturas representam animais como o macaco, a on\u00e7a e a cobra.<\/p>\n\n\n\n<p>As guaribas e os mutuns ficam v\u00e1rios dias sendo moqueados. Quando est\u00e3o bem secos, s\u00e3o ent\u00e3o pilados e viram uma farinha. Dessa farinha \u00e9 feito um bolo, que, segundo os costumes do povo Temb\u00e9, apenas os adultos podem comer. Ent\u00e3o, as mo\u00e7as para as quais a festa est\u00e1 sendo feita, comem o bolo pela primeira vez.<\/p>\n","protected":false},"excerpt":{"rendered":"<p>Nos dias 24, 25 e 26 de novembro de 2003 fui, acompanhado da\u00a0Lila\u00a0e dos meus amigos\u00a0Arlindo Matos\u00a0e Marcilene (de Our\u00e9m), \u00e0 aldeia Frasqueira, dos\u00a0\u00edndios Temb\u00e9, localizada no munic\u00edpio de Santa Luzia do Par\u00e1. A festa, que dura uma semana, \u00e9 um ritual de passagem que comemora a entrada das \u00edndias na adolesc\u00eancia, e n\u00e3o era [&hellip;]<\/p>\n","protected":false},"author":1,"featured_media":0,"comment_status":"open","ping_status":"open","sticky":false,"template":"","format":"standard","meta":{"footnotes":""},"categories":[3,2],"tags":[31,17,39],"class_list":["post-237","post","type-post","status-publish","format-standard","hentry","category-folclore","category-musicas-audios","tag-ao-vivo","tag-folclore-paraense","tag-ourem"],"_links":{"self":[{"href":"https:\/\/fabiocavalcante.com\/blog\/wp-json\/wp\/v2\/posts\/237","targetHints":{"allow":["GET"]}}],"collection":[{"href":"https:\/\/fabiocavalcante.com\/blog\/wp-json\/wp\/v2\/posts"}],"about":[{"href":"https:\/\/fabiocavalcante.com\/blog\/wp-json\/wp\/v2\/types\/post"}],"author":[{"embeddable":true,"href":"https:\/\/fabiocavalcante.com\/blog\/wp-json\/wp\/v2\/users\/1"}],"replies":[{"embeddable":true,"href":"https:\/\/fabiocavalcante.com\/blog\/wp-json\/wp\/v2\/comments?post=237"}],"version-history":[{"count":14,"href":"https:\/\/fabiocavalcante.com\/blog\/wp-json\/wp\/v2\/posts\/237\/revisions"}],"predecessor-version":[{"id":4548,"href":"https:\/\/fabiocavalcante.com\/blog\/wp-json\/wp\/v2\/posts\/237\/revisions\/4548"}],"wp:attachment":[{"href":"https:\/\/fabiocavalcante.com\/blog\/wp-json\/wp\/v2\/media?parent=237"}],"wp:term":[{"taxonomy":"category","embeddable":true,"href":"https:\/\/fabiocavalcante.com\/blog\/wp-json\/wp\/v2\/categories?post=237"},{"taxonomy":"post_tag","embeddable":true,"href":"https:\/\/fabiocavalcante.com\/blog\/wp-json\/wp\/v2\/tags?post=237"}],"curies":[{"name":"wp","href":"https:\/\/api.w.org\/{rel}","templated":true}]}}