{"id":238,"date":"2008-03-26T20:30:00","date_gmt":"2008-03-26T20:30:00","guid":{"rendered":"http:\/\/fabiocavalcante.com\/blog\/?p=238"},"modified":"2025-05-31T21:33:11","modified_gmt":"2025-05-31T21:33:11","slug":"festa-a-ogum-no-terreiro-de-tambor-de-mina-de-pai-brasil","status":"publish","type":"post","link":"https:\/\/fabiocavalcante.com\/blog\/festa-a-ogum-no-terreiro-de-tambor-de-mina-de-pai-brasil\/","title":{"rendered":"Festa a Ogum no Terreiro de Tambor de Mina de Pai Brasil"},"content":{"rendered":"\n<p>Os \u00e1udios desse&nbsp;<em>post<\/em>&nbsp;foram gravados no dia 21 de abril de 2007 quando visitei, com minha amiga Laurenir Peniche, o terreiro de <a href=\"http:\/\/pt.wikipedia.org\/wiki\/Tambor-de-mina\" target=\"_blank\" aria-label=\"tambor de mina (opens in a new tab)\" rel=\"noreferrer noopener\" class=\"rank-math-link\">tambor de mina<\/a> de Pai Brasil, no bairro Jardim Sideral, em Bel\u00e9m do Par\u00e1, durante uma festa em homenagem a&nbsp;<a rel=\"noreferrer noopener\" class=\"rank-math-link\" href=\"http:\/\/pt.wikipedia.org\/wiki\/Ogum\" target=\"_blank\">Ogum.<\/a><\/p>\n\n\n\n<p><iframe loading=\"lazy\" src=\"https:\/\/archive.org\/embed\/BlogFGC28_PaiBrasil&amp;playlist=1\" width=\"500\" height=\"210\" frameborder=\"0\" allowfullscreen=\"allowfullscreen\"><\/iframe><\/p>\n\n\n\n<p>Se quiser, baixe todas as m\u00fasicas em um \u00fanico arquivo&nbsp;<a href=\"https:\/\/archive.org\/compress\/BlogFGC28_PaiBrasil\/formats=160KBPS%20MP3,JPEG\" target=\"_blank\" rel=\"noreferrer noopener\">aqui (arquivo zip)<\/a>.<\/p>\n\n\n\n<p>Preparei tamb\u00e9m o v\u00eddeo abaixo com imagens dessa visita ao terreiro. Repare na galera cantando parab\u00e9ns a Ogum no final.<\/p>\n\n\n\n<figure class=\"wp-block-embed is-type-video is-provider-youtube wp-block-embed-youtube wp-embed-aspect-4-3 wp-has-aspect-ratio\"><div class=\"wp-block-embed__wrapper\">\n<iframe loading=\"lazy\" title=\"Festa a Ogum no terreiro de Pai brasil (curta-metragem)\" width=\"500\" height=\"375\" src=\"https:\/\/www.youtube.com\/embed\/4JEDKktbjw4?feature=oembed\" frameborder=\"0\" allow=\"accelerometer; autoplay; clipboard-write; encrypted-media; gyroscope; picture-in-picture; web-share\" referrerpolicy=\"strict-origin-when-cross-origin\" allowfullscreen><\/iframe>\n<\/div><\/figure>\n\n\n\n<p>Por fim, eis o \u00e1lbum de fotos da festa:<\/p>\n\n\n\n<figure class=\"wp-block-gallery has-nested-images columns-4 is-cropped wp-block-gallery-1 is-layout-flex wp-block-gallery-is-layout-flex\">\n<figure class=\"wp-block-image size-large\"><a href=\"https:\/\/fabiocavalcante.com\/blog\/wp-content\/uploads\/2020\/09\/pai-brasil-festa-a-ogum_01.jpg\"><img loading=\"lazy\" decoding=\"async\" width=\"800\" height=\"600\" data-id=\"2320\" src=\"https:\/\/fabiocavalcante.com\/blog\/wp-content\/uploads\/2020\/09\/pai-brasil-festa-a-ogum_01.jpg\" alt=\"Festa para Ogum no terreiro de mina do Pai Brasil. 21 de abril de 2007, Bel\u00e9m, Par\u00e1.\" class=\"wp-image-2320\" srcset=\"https:\/\/fabiocavalcante.com\/blog\/wp-content\/uploads\/2020\/09\/pai-brasil-festa-a-ogum_01.jpg 800w, https:\/\/fabiocavalcante.com\/blog\/wp-content\/uploads\/2020\/09\/pai-brasil-festa-a-ogum_01-300x225.jpg 300w, https:\/\/fabiocavalcante.com\/blog\/wp-content\/uploads\/2020\/09\/pai-brasil-festa-a-ogum_01-768x576.jpg 768w\" sizes=\"auto, (max-width: 800px) 100vw, 800px\" \/><\/a><\/figure>\n\n\n\n<figure class=\"wp-block-image size-large\"><a href=\"https:\/\/fabiocavalcante.com\/blog\/wp-content\/uploads\/2020\/09\/pai-brasil-festa-a-ogum_02.jpg\"><img loading=\"lazy\" decoding=\"async\" width=\"800\" height=\"600\" data-id=\"2321\" src=\"https:\/\/fabiocavalcante.com\/blog\/wp-content\/uploads\/2020\/09\/pai-brasil-festa-a-ogum_02.jpg\" alt=\"Festa no terreiro de tambor de mina de Pai Brasil, em Bel\u00e9m do Par\u00e1\" class=\"wp-image-2321\" srcset=\"https:\/\/fabiocavalcante.com\/blog\/wp-content\/uploads\/2020\/09\/pai-brasil-festa-a-ogum_02.jpg 800w, https:\/\/fabiocavalcante.com\/blog\/wp-content\/uploads\/2020\/09\/pai-brasil-festa-a-ogum_02-300x225.jpg 300w, https:\/\/fabiocavalcante.com\/blog\/wp-content\/uploads\/2020\/09\/pai-brasil-festa-a-ogum_02-768x576.jpg 768w\" sizes=\"auto, (max-width: 800px) 100vw, 800px\" \/><\/a><\/figure>\n\n\n\n<figure class=\"wp-block-image size-large\"><a href=\"https:\/\/fabiocavalcante.com\/blog\/wp-content\/uploads\/2020\/09\/pai-brasil-festa-a-ogum_03.jpg\"><img loading=\"lazy\" decoding=\"async\" width=\"600\" height=\"800\" data-id=\"2322\" src=\"https:\/\/fabiocavalcante.com\/blog\/wp-content\/uploads\/2020\/09\/pai-brasil-festa-a-ogum_03.jpg\" alt=\"Festa no terreiro de tambor de mina de Pai Brasil, em Bel\u00e9m do Par\u00e1\" class=\"wp-image-2322\" srcset=\"https:\/\/fabiocavalcante.com\/blog\/wp-content\/uploads\/2020\/09\/pai-brasil-festa-a-ogum_03.jpg 600w, https:\/\/fabiocavalcante.com\/blog\/wp-content\/uploads\/2020\/09\/pai-brasil-festa-a-ogum_03-225x300.jpg 225w\" sizes=\"auto, (max-width: 600px) 100vw, 600px\" \/><\/a><\/figure>\n\n\n\n<figure class=\"wp-block-image size-large\"><a href=\"https:\/\/fabiocavalcante.com\/blog\/wp-content\/uploads\/2020\/09\/pai-brasil-festa-a-ogum_04.jpg\"><img loading=\"lazy\" decoding=\"async\" width=\"600\" height=\"800\" data-id=\"2323\" src=\"https:\/\/fabiocavalcante.com\/blog\/wp-content\/uploads\/2020\/09\/pai-brasil-festa-a-ogum_04.jpg\" alt=\"Festa no terreiro de tambor de mina de Pai Brasil, em Bel\u00e9m do Par\u00e1\" class=\"wp-image-2323\" srcset=\"https:\/\/fabiocavalcante.com\/blog\/wp-content\/uploads\/2020\/09\/pai-brasil-festa-a-ogum_04.jpg 600w, https:\/\/fabiocavalcante.com\/blog\/wp-content\/uploads\/2020\/09\/pai-brasil-festa-a-ogum_04-225x300.jpg 225w\" sizes=\"auto, (max-width: 600px) 100vw, 600px\" \/><\/a><\/figure>\n\n\n\n<figure class=\"wp-block-image size-large\"><a href=\"https:\/\/fabiocavalcante.com\/blog\/wp-content\/uploads\/2020\/09\/pai-brasil-festa-a-ogum_05.jpg\"><img loading=\"lazy\" decoding=\"async\" width=\"800\" height=\"600\" data-id=\"2324\" src=\"https:\/\/fabiocavalcante.com\/blog\/wp-content\/uploads\/2020\/09\/pai-brasil-festa-a-ogum_05.jpg\" alt=\"Festa no terreiro de tambor de mina de Pai Brasil, em Bel\u00e9m do Par\u00e1\" class=\"wp-image-2324\" srcset=\"https:\/\/fabiocavalcante.com\/blog\/wp-content\/uploads\/2020\/09\/pai-brasil-festa-a-ogum_05.jpg 800w, https:\/\/fabiocavalcante.com\/blog\/wp-content\/uploads\/2020\/09\/pai-brasil-festa-a-ogum_05-300x225.jpg 300w, https:\/\/fabiocavalcante.com\/blog\/wp-content\/uploads\/2020\/09\/pai-brasil-festa-a-ogum_05-768x576.jpg 768w\" sizes=\"auto, (max-width: 800px) 100vw, 800px\" \/><\/a><\/figure>\n\n\n\n<figure class=\"wp-block-image size-large\"><a href=\"https:\/\/fabiocavalcante.com\/blog\/wp-content\/uploads\/2020\/09\/pai-brasil-festa-a-ogum_06.jpg\"><img loading=\"lazy\" decoding=\"async\" width=\"800\" height=\"600\" data-id=\"2325\" src=\"https:\/\/fabiocavalcante.com\/blog\/wp-content\/uploads\/2020\/09\/pai-brasil-festa-a-ogum_06.jpg\" alt=\"Festa no terreiro de tambor de mina de Pai Brasil, em Bel\u00e9m do Par\u00e1\" class=\"wp-image-2325\" srcset=\"https:\/\/fabiocavalcante.com\/blog\/wp-content\/uploads\/2020\/09\/pai-brasil-festa-a-ogum_06.jpg 800w, https:\/\/fabiocavalcante.com\/blog\/wp-content\/uploads\/2020\/09\/pai-brasil-festa-a-ogum_06-300x225.jpg 300w, https:\/\/fabiocavalcante.com\/blog\/wp-content\/uploads\/2020\/09\/pai-brasil-festa-a-ogum_06-768x576.jpg 768w\" sizes=\"auto, (max-width: 800px) 100vw, 800px\" \/><\/a><\/figure>\n\n\n\n<figure class=\"wp-block-image size-large\"><a href=\"https:\/\/fabiocavalcante.com\/blog\/wp-content\/uploads\/2020\/09\/pai-brasil-festa-a-ogum_07.jpg\"><img loading=\"lazy\" decoding=\"async\" width=\"800\" height=\"600\" data-id=\"2326\" src=\"https:\/\/fabiocavalcante.com\/blog\/wp-content\/uploads\/2020\/09\/pai-brasil-festa-a-ogum_07.jpg\" alt=\"Festa no terreiro de tambor de mina de Pai Brasil, em Bel\u00e9m do Par\u00e1\" class=\"wp-image-2326\" srcset=\"https:\/\/fabiocavalcante.com\/blog\/wp-content\/uploads\/2020\/09\/pai-brasil-festa-a-ogum_07.jpg 800w, https:\/\/fabiocavalcante.com\/blog\/wp-content\/uploads\/2020\/09\/pai-brasil-festa-a-ogum_07-300x225.jpg 300w, https:\/\/fabiocavalcante.com\/blog\/wp-content\/uploads\/2020\/09\/pai-brasil-festa-a-ogum_07-768x576.jpg 768w\" sizes=\"auto, (max-width: 800px) 100vw, 800px\" \/><\/a><\/figure>\n\n\n\n<figure class=\"wp-block-image size-large\"><a href=\"https:\/\/fabiocavalcante.com\/blog\/wp-content\/uploads\/2020\/09\/pai-brasil-festa-a-ogum_08.jpg\"><img loading=\"lazy\" decoding=\"async\" width=\"600\" height=\"800\" data-id=\"2327\" src=\"https:\/\/fabiocavalcante.com\/blog\/wp-content\/uploads\/2020\/09\/pai-brasil-festa-a-ogum_08.jpg\" alt=\"Festa no terreiro de tambor de mina de Pai Brasil, em Bel\u00e9m do Par\u00e1\" class=\"wp-image-2327\" srcset=\"https:\/\/fabiocavalcante.com\/blog\/wp-content\/uploads\/2020\/09\/pai-brasil-festa-a-ogum_08.jpg 600w, https:\/\/fabiocavalcante.com\/blog\/wp-content\/uploads\/2020\/09\/pai-brasil-festa-a-ogum_08-225x300.jpg 225w\" sizes=\"auto, (max-width: 600px) 100vw, 600px\" \/><\/a><\/figure>\n\n\n\n<figure class=\"wp-block-image size-large\"><a href=\"https:\/\/fabiocavalcante.com\/blog\/wp-content\/uploads\/2020\/09\/pai-brasil-festa-a-ogum_09.jpg\"><img loading=\"lazy\" decoding=\"async\" width=\"600\" height=\"800\" data-id=\"2328\" src=\"https:\/\/fabiocavalcante.com\/blog\/wp-content\/uploads\/2020\/09\/pai-brasil-festa-a-ogum_09.jpg\" alt=\"Festa no terreiro de tambor de mina de Pai Brasil, em Bel\u00e9m do Par\u00e1\" class=\"wp-image-2328\" srcset=\"https:\/\/fabiocavalcante.com\/blog\/wp-content\/uploads\/2020\/09\/pai-brasil-festa-a-ogum_09.jpg 600w, https:\/\/fabiocavalcante.com\/blog\/wp-content\/uploads\/2020\/09\/pai-brasil-festa-a-ogum_09-225x300.jpg 225w\" sizes=\"auto, (max-width: 600px) 100vw, 600px\" \/><\/a><\/figure>\n\n\n\n<figure class=\"wp-block-image size-large\"><a href=\"https:\/\/fabiocavalcante.com\/blog\/wp-content\/uploads\/2020\/09\/pai-brasil-festa-a-ogum_10.jpg\"><img loading=\"lazy\" decoding=\"async\" width=\"600\" height=\"800\" data-id=\"2329\" src=\"https:\/\/fabiocavalcante.com\/blog\/wp-content\/uploads\/2020\/09\/pai-brasil-festa-a-ogum_10.jpg\" alt=\"Festa no terreiro de tambor de mina de Pai Brasil, em Bel\u00e9m do Par\u00e1\" class=\"wp-image-2329\" srcset=\"https:\/\/fabiocavalcante.com\/blog\/wp-content\/uploads\/2020\/09\/pai-brasil-festa-a-ogum_10.jpg 600w, https:\/\/fabiocavalcante.com\/blog\/wp-content\/uploads\/2020\/09\/pai-brasil-festa-a-ogum_10-225x300.jpg 225w\" sizes=\"auto, (max-width: 600px) 100vw, 600px\" \/><\/a><\/figure>\n\n\n\n<figure class=\"wp-block-image size-large\"><a href=\"https:\/\/fabiocavalcante.com\/blog\/wp-content\/uploads\/2020\/09\/pai-brasil-festa-a-ogum_11.jpg\"><img loading=\"lazy\" decoding=\"async\" width=\"800\" height=\"600\" data-id=\"2330\" src=\"https:\/\/fabiocavalcante.com\/blog\/wp-content\/uploads\/2020\/09\/pai-brasil-festa-a-ogum_11.jpg\" alt=\"Percussionista tocando em festa no terreiro de tambor de mina de Pai Brasil, em Bel\u00e9m do Par\u00e1\" class=\"wp-image-2330\" srcset=\"https:\/\/fabiocavalcante.com\/blog\/wp-content\/uploads\/2020\/09\/pai-brasil-festa-a-ogum_11.jpg 800w, https:\/\/fabiocavalcante.com\/blog\/wp-content\/uploads\/2020\/09\/pai-brasil-festa-a-ogum_11-300x225.jpg 300w, https:\/\/fabiocavalcante.com\/blog\/wp-content\/uploads\/2020\/09\/pai-brasil-festa-a-ogum_11-768x576.jpg 768w\" sizes=\"auto, (max-width: 800px) 100vw, 800px\" \/><\/a><\/figure>\n\n\n\n<figure class=\"wp-block-image size-large\"><a href=\"https:\/\/fabiocavalcante.com\/blog\/wp-content\/uploads\/2020\/09\/pai-brasil-festa-a-ogum_12.jpg\"><img loading=\"lazy\" decoding=\"async\" width=\"600\" height=\"800\" data-id=\"2331\" src=\"https:\/\/fabiocavalcante.com\/blog\/wp-content\/uploads\/2020\/09\/pai-brasil-festa-a-ogum_12.jpg\" alt=\"Percussionista tocando em festa no terreiro de tambor de mina de Pai Brasil, em Bel\u00e9m do Par\u00e1\" class=\"wp-image-2331\" srcset=\"https:\/\/fabiocavalcante.com\/blog\/wp-content\/uploads\/2020\/09\/pai-brasil-festa-a-ogum_12.jpg 600w, https:\/\/fabiocavalcante.com\/blog\/wp-content\/uploads\/2020\/09\/pai-brasil-festa-a-ogum_12-225x300.jpg 225w\" sizes=\"auto, (max-width: 600px) 100vw, 600px\" \/><\/a><\/figure>\n\n\n\n<figure class=\"wp-block-image size-large\"><a href=\"https:\/\/fabiocavalcante.com\/blog\/wp-content\/uploads\/2020\/09\/pai-brasil-festa-a-ogum_13.jpg\"><img loading=\"lazy\" decoding=\"async\" width=\"600\" height=\"800\" data-id=\"2332\" src=\"https:\/\/fabiocavalcante.com\/blog\/wp-content\/uploads\/2020\/09\/pai-brasil-festa-a-ogum_13.jpg\" alt=\"Festa no terreiro de tambor de mina de Pai Brasil, em Bel\u00e9m do Par\u00e1\" class=\"wp-image-2332\" srcset=\"https:\/\/fabiocavalcante.com\/blog\/wp-content\/uploads\/2020\/09\/pai-brasil-festa-a-ogum_13.jpg 600w, https:\/\/fabiocavalcante.com\/blog\/wp-content\/uploads\/2020\/09\/pai-brasil-festa-a-ogum_13-225x300.jpg 225w\" sizes=\"auto, (max-width: 600px) 100vw, 600px\" \/><\/a><\/figure>\n\n\n\n<figure class=\"wp-block-image size-large\"><a href=\"https:\/\/fabiocavalcante.com\/blog\/wp-content\/uploads\/2020\/09\/pai-brasil-festa-a-ogum_14.jpg\"><img loading=\"lazy\" decoding=\"async\" width=\"800\" height=\"600\" data-id=\"2333\" src=\"https:\/\/fabiocavalcante.com\/blog\/wp-content\/uploads\/2020\/09\/pai-brasil-festa-a-ogum_14.jpg\" alt=\"Festa no terreiro de tambor de mina de Pai Brasil, em Bel\u00e9m do Par\u00e1\" class=\"wp-image-2333\" srcset=\"https:\/\/fabiocavalcante.com\/blog\/wp-content\/uploads\/2020\/09\/pai-brasil-festa-a-ogum_14.jpg 800w, https:\/\/fabiocavalcante.com\/blog\/wp-content\/uploads\/2020\/09\/pai-brasil-festa-a-ogum_14-300x225.jpg 300w, https:\/\/fabiocavalcante.com\/blog\/wp-content\/uploads\/2020\/09\/pai-brasil-festa-a-ogum_14-768x576.jpg 768w\" sizes=\"auto, (max-width: 800px) 100vw, 800px\" \/><\/a><\/figure>\n\n\n\n<figure class=\"wp-block-image size-large\"><a href=\"https:\/\/fabiocavalcante.com\/blog\/wp-content\/uploads\/2020\/09\/pai-brasil-festa-a-ogum_15.jpg\"><img loading=\"lazy\" decoding=\"async\" width=\"600\" height=\"800\" data-id=\"2334\" src=\"https:\/\/fabiocavalcante.com\/blog\/wp-content\/uploads\/2020\/09\/pai-brasil-festa-a-ogum_15.jpg\" alt=\"Festa no terreiro de tambor de mina de Pai Brasil, em Bel\u00e9m do Par\u00e1\" class=\"wp-image-2334\" srcset=\"https:\/\/fabiocavalcante.com\/blog\/wp-content\/uploads\/2020\/09\/pai-brasil-festa-a-ogum_15.jpg 600w, https:\/\/fabiocavalcante.com\/blog\/wp-content\/uploads\/2020\/09\/pai-brasil-festa-a-ogum_15-225x300.jpg 225w\" sizes=\"auto, (max-width: 600px) 100vw, 600px\" \/><\/a><\/figure>\n\n\n\n<figure class=\"wp-block-image size-large\"><a href=\"https:\/\/fabiocavalcante.com\/blog\/wp-content\/uploads\/2020\/09\/pai-brasil-festa-a-ogum_16.jpg\"><img loading=\"lazy\" decoding=\"async\" width=\"800\" height=\"600\" data-id=\"2335\" src=\"https:\/\/fabiocavalcante.com\/blog\/wp-content\/uploads\/2020\/09\/pai-brasil-festa-a-ogum_16.jpg\" alt=\"Festa no terreiro de tambor de mina de Pai Brasil, em Bel\u00e9m do Par\u00e1\" class=\"wp-image-2335\" srcset=\"https:\/\/fabiocavalcante.com\/blog\/wp-content\/uploads\/2020\/09\/pai-brasil-festa-a-ogum_16.jpg 800w, https:\/\/fabiocavalcante.com\/blog\/wp-content\/uploads\/2020\/09\/pai-brasil-festa-a-ogum_16-300x225.jpg 300w, https:\/\/fabiocavalcante.com\/blog\/wp-content\/uploads\/2020\/09\/pai-brasil-festa-a-ogum_16-768x576.jpg 768w\" sizes=\"auto, (max-width: 800px) 100vw, 800px\" \/><\/a><\/figure>\n\n\n\n<figure class=\"wp-block-image size-large\"><a href=\"https:\/\/fabiocavalcante.com\/blog\/wp-content\/uploads\/2020\/09\/pai-brasil-festa-a-ogum_17.jpg\"><img loading=\"lazy\" decoding=\"async\" width=\"800\" height=\"600\" data-id=\"2336\" src=\"https:\/\/fabiocavalcante.com\/blog\/wp-content\/uploads\/2020\/09\/pai-brasil-festa-a-ogum_17.jpg\" alt=\"Festa no terreiro de tambor de mina de Pai Brasil, em Bel\u00e9m do Par\u00e1\" class=\"wp-image-2336\" srcset=\"https:\/\/fabiocavalcante.com\/blog\/wp-content\/uploads\/2020\/09\/pai-brasil-festa-a-ogum_17.jpg 800w, https:\/\/fabiocavalcante.com\/blog\/wp-content\/uploads\/2020\/09\/pai-brasil-festa-a-ogum_17-300x225.jpg 300w, https:\/\/fabiocavalcante.com\/blog\/wp-content\/uploads\/2020\/09\/pai-brasil-festa-a-ogum_17-768x576.jpg 768w\" sizes=\"auto, (max-width: 800px) 100vw, 800px\" \/><\/a><\/figure>\n\n\n\n<figure class=\"wp-block-image size-large\"><a href=\"https:\/\/fabiocavalcante.com\/blog\/wp-content\/uploads\/2020\/09\/pai-brasil-festa-a-ogum_18.jpg\"><img loading=\"lazy\" decoding=\"async\" width=\"800\" height=\"600\" data-id=\"2337\" src=\"https:\/\/fabiocavalcante.com\/blog\/wp-content\/uploads\/2020\/09\/pai-brasil-festa-a-ogum_18.jpg\" alt=\"Altar no terreiro de tambor de mina de Pai Brasil, em Bel\u00e9m do Par\u00e1\" class=\"wp-image-2337\" srcset=\"https:\/\/fabiocavalcante.com\/blog\/wp-content\/uploads\/2020\/09\/pai-brasil-festa-a-ogum_18.jpg 800w, https:\/\/fabiocavalcante.com\/blog\/wp-content\/uploads\/2020\/09\/pai-brasil-festa-a-ogum_18-300x225.jpg 300w, https:\/\/fabiocavalcante.com\/blog\/wp-content\/uploads\/2020\/09\/pai-brasil-festa-a-ogum_18-768x576.jpg 768w\" sizes=\"auto, (max-width: 800px) 100vw, 800px\" \/><\/a><\/figure>\n\n\n\n<figure class=\"wp-block-image size-large\"><a href=\"https:\/\/fabiocavalcante.com\/blog\/wp-content\/uploads\/2020\/09\/pai-brasil-festa-a-ogum_19.jpg\"><img loading=\"lazy\" decoding=\"async\" width=\"800\" height=\"600\" data-id=\"2338\" src=\"https:\/\/fabiocavalcante.com\/blog\/wp-content\/uploads\/2020\/09\/pai-brasil-festa-a-ogum_19.jpg\" alt=\"Altar no terreiro de tambor de mina de Pai Brasil, em Bel\u00e9m do Par\u00e1\" class=\"wp-image-2338\" srcset=\"https:\/\/fabiocavalcante.com\/blog\/wp-content\/uploads\/2020\/09\/pai-brasil-festa-a-ogum_19.jpg 800w, https:\/\/fabiocavalcante.com\/blog\/wp-content\/uploads\/2020\/09\/pai-brasil-festa-a-ogum_19-300x225.jpg 300w, https:\/\/fabiocavalcante.com\/blog\/wp-content\/uploads\/2020\/09\/pai-brasil-festa-a-ogum_19-768x576.jpg 768w\" sizes=\"auto, (max-width: 800px) 100vw, 800px\" \/><\/a><\/figure>\n\n\n\n<figure class=\"wp-block-image size-large\"><a href=\"https:\/\/fabiocavalcante.com\/blog\/wp-content\/uploads\/2020\/09\/pai-brasil-festa-a-ogum_20.jpg\"><img loading=\"lazy\" decoding=\"async\" width=\"800\" height=\"600\" data-id=\"2339\" src=\"https:\/\/fabiocavalcante.com\/blog\/wp-content\/uploads\/2020\/09\/pai-brasil-festa-a-ogum_20.jpg\" alt=\"Pintura na parede no terreiro de tambor de mina de Pai Brasil, em Bel\u00e9m do Par\u00e1\" class=\"wp-image-2339\" srcset=\"https:\/\/fabiocavalcante.com\/blog\/wp-content\/uploads\/2020\/09\/pai-brasil-festa-a-ogum_20.jpg 800w, https:\/\/fabiocavalcante.com\/blog\/wp-content\/uploads\/2020\/09\/pai-brasil-festa-a-ogum_20-300x225.jpg 300w, https:\/\/fabiocavalcante.com\/blog\/wp-content\/uploads\/2020\/09\/pai-brasil-festa-a-ogum_20-768x576.jpg 768w\" sizes=\"auto, (max-width: 800px) 100vw, 800px\" \/><\/a><\/figure>\n\n\n\n<figure class=\"wp-block-image size-large\"><a href=\"https:\/\/fabiocavalcante.com\/blog\/wp-content\/uploads\/2020\/09\/pai-brasil-festa-a-ogum_21.jpg\"><img loading=\"lazy\" decoding=\"async\" width=\"600\" height=\"800\" data-id=\"2340\" src=\"https:\/\/fabiocavalcante.com\/blog\/wp-content\/uploads\/2020\/09\/pai-brasil-festa-a-ogum_21.jpg\" alt=\"Imagem no terreiro de tambor de mina de Pai Brasil, em Bel\u00e9m do Par\u00e1\" class=\"wp-image-2340\" srcset=\"https:\/\/fabiocavalcante.com\/blog\/wp-content\/uploads\/2020\/09\/pai-brasil-festa-a-ogum_21.jpg 600w, https:\/\/fabiocavalcante.com\/blog\/wp-content\/uploads\/2020\/09\/pai-brasil-festa-a-ogum_21-225x300.jpg 225w\" sizes=\"auto, (max-width: 600px) 100vw, 600px\" \/><\/a><\/figure>\n\n\n\n<figure class=\"wp-block-image size-large\"><a href=\"https:\/\/fabiocavalcante.com\/blog\/wp-content\/uploads\/2020\/09\/pai-brasil-festa-a-ogum_22.jpg\"><img loading=\"lazy\" decoding=\"async\" width=\"600\" height=\"800\" data-id=\"2341\" src=\"https:\/\/fabiocavalcante.com\/blog\/wp-content\/uploads\/2020\/09\/pai-brasil-festa-a-ogum_22.jpg\" alt=\"Imagem no terreiro de tambor de mina de Pai Brasil, em Bel\u00e9m do Par\u00e1\" class=\"wp-image-2341\" srcset=\"https:\/\/fabiocavalcante.com\/blog\/wp-content\/uploads\/2020\/09\/pai-brasil-festa-a-ogum_22.jpg 600w, https:\/\/fabiocavalcante.com\/blog\/wp-content\/uploads\/2020\/09\/pai-brasil-festa-a-ogum_22-225x300.jpg 225w\" sizes=\"auto, (max-width: 600px) 100vw, 600px\" \/><\/a><\/figure>\n\n\n\n<figure class=\"wp-block-image size-large\"><a href=\"https:\/\/fabiocavalcante.com\/blog\/wp-content\/uploads\/2020\/09\/pai-brasil-festa-a-ogum_23.jpg\"><img loading=\"lazy\" decoding=\"async\" width=\"600\" height=\"800\" data-id=\"2342\" src=\"https:\/\/fabiocavalcante.com\/blog\/wp-content\/uploads\/2020\/09\/pai-brasil-festa-a-ogum_23.jpg\" alt=\"Imagem no terreiro de tambor de mina de Pai Brasil, em Bel\u00e9m do Par\u00e1\" class=\"wp-image-2342\" srcset=\"https:\/\/fabiocavalcante.com\/blog\/wp-content\/uploads\/2020\/09\/pai-brasil-festa-a-ogum_23.jpg 600w, https:\/\/fabiocavalcante.com\/blog\/wp-content\/uploads\/2020\/09\/pai-brasil-festa-a-ogum_23-225x300.jpg 225w\" sizes=\"auto, (max-width: 600px) 100vw, 600px\" \/><\/a><\/figure>\n<\/figure>\n","protected":false},"excerpt":{"rendered":"<p>Os \u00e1udios desse&nbsp;post&nbsp;foram gravados no dia 21 de abril de 2007 quando visitei, com minha amiga Laurenir Peniche, o terreiro de tambor de mina de Pai Brasil, no bairro Jardim Sideral, em Bel\u00e9m do Par\u00e1, durante uma festa em homenagem a&nbsp;Ogum. Se quiser, baixe todas as m\u00fasicas em um \u00fanico arquivo&nbsp;aqui (arquivo zip). Preparei tamb\u00e9m [&hellip;]<\/p>\n","protected":false},"author":1,"featured_media":0,"comment_status":"open","ping_status":"open","sticky":false,"template":"","format":"standard","meta":{"footnotes":""},"categories":[3,2],"tags":[31,17],"class_list":["post-238","post","type-post","status-publish","format-standard","hentry","category-folclore","category-musicas-audios","tag-ao-vivo","tag-folclore-paraense"],"_links":{"self":[{"href":"https:\/\/fabiocavalcante.com\/blog\/wp-json\/wp\/v2\/posts\/238","targetHints":{"allow":["GET"]}}],"collection":[{"href":"https:\/\/fabiocavalcante.com\/blog\/wp-json\/wp\/v2\/posts"}],"about":[{"href":"https:\/\/fabiocavalcante.com\/blog\/wp-json\/wp\/v2\/types\/post"}],"author":[{"embeddable":true,"href":"https:\/\/fabiocavalcante.com\/blog\/wp-json\/wp\/v2\/users\/1"}],"replies":[{"embeddable":true,"href":"https:\/\/fabiocavalcante.com\/blog\/wp-json\/wp\/v2\/comments?post=238"}],"version-history":[{"count":16,"href":"https:\/\/fabiocavalcante.com\/blog\/wp-json\/wp\/v2\/posts\/238\/revisions"}],"predecessor-version":[{"id":4496,"href":"https:\/\/fabiocavalcante.com\/blog\/wp-json\/wp\/v2\/posts\/238\/revisions\/4496"}],"wp:attachment":[{"href":"https:\/\/fabiocavalcante.com\/blog\/wp-json\/wp\/v2\/media?parent=238"}],"wp:term":[{"taxonomy":"category","embeddable":true,"href":"https:\/\/fabiocavalcante.com\/blog\/wp-json\/wp\/v2\/categories?post=238"},{"taxonomy":"post_tag","embeddable":true,"href":"https:\/\/fabiocavalcante.com\/blog\/wp-json\/wp\/v2\/tags?post=238"}],"curies":[{"name":"wp","href":"https:\/\/api.w.org\/{rel}","templated":true}]}}