{"id":239,"date":"2008-02-28T18:14:00","date_gmt":"2008-02-28T18:14:00","guid":{"rendered":"http:\/\/fabiocavalcante.com\/blog\/?p=239"},"modified":"2025-05-30T20:25:23","modified_gmt":"2025-05-30T20:25:23","slug":"bois-de-ourem-vol-2","status":"publish","type":"post","link":"https:\/\/fabiocavalcante.com\/blog\/bois-de-ourem-vol-2\/","title":{"rendered":"Bois de Our\u00e9m Vol. 2"},"content":{"rendered":"\n<p>Continuando a publica\u00e7\u00e3o dos discos da cole\u00e7\u00e3o \u201cBois de Our\u00e9m\u201d, que iniciou na\u00a0<a href=\"https:\/\/fabiocavalcante.com\/blog\/bois-de-ourem-vol-1-2006\/\" target=\"_blank\" rel=\"noreferrer noopener\">postagem anterior<\/a>, aqui est\u00e3o reproduzidas as informa\u00e7\u00f5es do encarte do disco Bois de Our\u00e9m Vol. 2.<\/p>\n\n\n\n<blockquote class=\"wp-block-quote is-layout-flow wp-block-quote-is-layout-flow\">\n<h2 class=\"wp-block-heading\"><strong>Pai-do Campo<\/strong><\/h2>\n\n\n\n<p>Comandado por Faustino Almeida de Oliveira, o boi tem 18 anos de atividades no munic\u00edpio de&nbsp;<a rel=\"noreferrer noopener\" href=\"http:\/\/pt.wikipedia.org\/wiki\/Our%C3%A9m_%28Par%C3%A1%29\" target=\"_blank\">Our\u00e9m<\/a>, quando a fam\u00edlia de Mestre Faustino e Dona Miloca (propriet\u00e1ria do boi) se mudaram para o local. Antes disso, o grupo j\u00e1 brincava no Pacu\u00ed Claro, localidade do munic\u00edpio de&nbsp;<a rel=\"noreferrer noopener\" href=\"http:\/\/pt.wikipedia.org\/wiki\/Capit%C3%A3o_po%C3%A7o\" target=\"_blank\">Capit\u00e3o Po\u00e7o<\/a>, de onde s\u00e3o origin\u00e1rios. Mestre Faustino come\u00e7ou a brincar boi com 10 anos de idade, junto com tios e irm\u00e3os, que todo ano montavam o brinquedo. O grupo, que nesses dezoito anos j\u00e1 se chamou \u201cFlor-do-Campo\u201d e \u201cDominador\u201d, possui 40 integrantes.<\/p>\n\n\n\n<h2 class=\"wp-block-heading\"><strong>Geringon\u00e7a<\/strong><\/h2>\n\n\n\n<p>O ca\u00e7ula dos bois de Our\u00e9m foi montado em 2005, a pedido do vereador Junh\u00e3o, que chamou o amo Ant\u00f4nio Pereira de Sousa \u201cTu\u00edte\u201d, para reestruturar o antigo boi \u201cGeringon\u00e7a\u201d, de Ben\u00e9 Careca, j\u00e1 falecido. Mestre Tu\u00edte j\u00e1 comandou boi na regi\u00e3o de&nbsp;<a rel=\"noreferrer noopener\" href=\"http:\/\/pt.wikipedia.org\/wiki\/Santar%C3%A9m_%28Par%C3%A1%29\" target=\"_blank\">Santar\u00e9m<\/a>, local de onde veio, e brinca em parceira com o Pai-do-Campo.<\/p>\n\n\n\n<p><strong>M\u00fasicos participantes<\/strong><\/p>\n\n\n\n<p><em>Tambores<\/em>: Faustino Almeida de Oliveira, Sales Machado e Artur \u201cSukita\u201d<br><em>On\u00e7a, pandeiro, marac\u00e1, tri\u00e2ngulo<\/em>: Kayse Ribeiro de Oliveira<br><em>Tamanco<\/em>: Sales Machado<br><em>Coro (Pai-do-Campo):<\/em>&nbsp;Paulina Ribeiro de Oliveira, Salles Machado e Andr\u00e9<br><em>Coro (Geringon\u00e7a):<\/em>&nbsp;Maria Pedro da Silva \u201cLouza\u201d, Raimunda \u201cPitic\u00f3\u201d e Diocl\u00e9cia<br>Faustino Almeida de Oliveira:&nbsp;<em>Voz (Pai do campo)<\/em><br>Ant\u00f4nio Pereira de Sousa \u201cTu\u00edte\u201d:&nbsp;<em>Voz (Geringon\u00e7a)<\/em><br><em>Produ\u00e7\u00e3o, grava\u00e7\u00e3o e textos<\/em>: F\u00e1bio Cavalcante&#8221;<\/p>\n<\/blockquote>\n\n\n\n<figure class=\"wp-block-gallery has-nested-images columns-2 is-cropped wp-block-gallery-1 is-layout-flex wp-block-gallery-is-layout-flex\">\n<figure class=\"wp-block-image size-large\"><a href=\"https:\/\/fabiocavalcante.com\/blog\/wp-content\/uploads\/2008\/02\/amos1.jpg\"><img loading=\"lazy\" decoding=\"async\" width=\"600\" height=\"450\" data-id=\"441\" src=\"https:\/\/fabiocavalcante.com\/blog\/wp-content\/uploads\/2008\/02\/amos1.jpg\" alt=\"Mestre Faustino durante festividade de boi-bumb\u00e1 em Our\u00e9m\" class=\"wp-image-441\" srcset=\"https:\/\/fabiocavalcante.com\/blog\/wp-content\/uploads\/2008\/02\/amos1.jpg 600w, https:\/\/fabiocavalcante.com\/blog\/wp-content\/uploads\/2008\/02\/amos1-300x225.jpg 300w\" sizes=\"auto, (max-width: 600px) 100vw, 600px\" \/><\/a><figcaption class=\"wp-element-caption\">Mestre Faustino na matan\u00e7a do Pai-do-campo.<\/figcaption><\/figure>\n\n\n\n<figure class=\"wp-block-image size-large\"><a href=\"https:\/\/fabiocavalcante.com\/blog\/wp-content\/uploads\/2008\/02\/amos2.jpg\"><img loading=\"lazy\" decoding=\"async\" width=\"600\" height=\"450\" data-id=\"443\" src=\"https:\/\/fabiocavalcante.com\/blog\/wp-content\/uploads\/2008\/02\/amos2.jpg\" alt=\"Mestre Faustino e Tu\u00edte durante festividade de boi-bumb\u00e1 em Our\u00e9m\" class=\"wp-image-443\" srcset=\"https:\/\/fabiocavalcante.com\/blog\/wp-content\/uploads\/2008\/02\/amos2.jpg 600w, https:\/\/fabiocavalcante.com\/blog\/wp-content\/uploads\/2008\/02\/amos2-300x225.jpg 300w\" sizes=\"auto, (max-width: 600px) 100vw, 600px\" \/><\/a><figcaption class=\"wp-element-caption\">Mestre Tu\u00edte no centro do terreiro.<\/figcaption><\/figure>\n\n\n\n<figure class=\"wp-block-image size-large\"><a href=\"https:\/\/fabiocavalcante.com\/blog\/wp-content\/uploads\/2008\/02\/amos3.jpg\"><img loading=\"lazy\" decoding=\"async\" width=\"600\" height=\"450\" data-id=\"444\" src=\"https:\/\/fabiocavalcante.com\/blog\/wp-content\/uploads\/2008\/02\/amos3.jpg\" alt=\"Festividade de Boi-bumb\u00e1 em Our\u00e9m, Par\u00e1.\" class=\"wp-image-444\" srcset=\"https:\/\/fabiocavalcante.com\/blog\/wp-content\/uploads\/2008\/02\/amos3.jpg 600w, https:\/\/fabiocavalcante.com\/blog\/wp-content\/uploads\/2008\/02\/amos3-300x225.jpg 300w\" sizes=\"auto, (max-width: 600px) 100vw, 600px\" \/><\/a><figcaption class=\"wp-element-caption\">Chap\u00e9us.<\/figcaption><\/figure>\n\n\n\n<figure class=\"wp-block-image size-large\"><a href=\"https:\/\/fabiocavalcante.com\/blog\/wp-content\/uploads\/2008\/02\/amos4.jpg\"><img loading=\"lazy\" decoding=\"async\" width=\"600\" height=\"450\" data-id=\"445\" src=\"https:\/\/fabiocavalcante.com\/blog\/wp-content\/uploads\/2008\/02\/amos4.jpg\" alt=\"Mestre Faustino e Tu\u00edte durante festividade de boi-bumb\u00e1 em Our\u00e9m\" class=\"wp-image-445\" srcset=\"https:\/\/fabiocavalcante.com\/blog\/wp-content\/uploads\/2008\/02\/amos4.jpg 600w, https:\/\/fabiocavalcante.com\/blog\/wp-content\/uploads\/2008\/02\/amos4-300x225.jpg 300w\" sizes=\"auto, (max-width: 600px) 100vw, 600px\" \/><\/a><figcaption class=\"wp-element-caption\">Tu\u00edte, Faustino e Sales na matan\u00e7a dos bois Pai-do-Campo e Geringon\u00e7a<\/figcaption><\/figure>\n<\/figure>\n\n\n\n<p>Ou\u00e7a as m\u00fasicas do disco Bois de Our\u00e9m Vol. 2 a partir dos links abaixo. Para baixar o disco completo, clique&nbsp;<a href=\"https:\/\/archive.org\/compress\/BlogFGC27_BoisDeOuremVol2\/formats=192KBPS%20MP3,JPEG\" target=\"_blank\" rel=\"noreferrer noopener\">aqui (arquivo zip)<\/a>.<\/p>\n\n\n\n<p><iframe loading=\"lazy\" src=\"https:\/\/archive.org\/embed\/BlogFGC27_BoisDeOuremVol2&amp;playlist=1\" width=\"500\" height=\"270\" frameborder=\"0\" allowfullscreen=\"allowfullscreen\"><\/iframe><\/p>\n\n\n\n<p>Mais informa\u00e7\u00f5es sobre o \u00e1lbum est\u00e3o&nbsp;<a href=\"https:\/\/fgcproducoes.fabiocavalcante.com\/artistas\/mestre-faustino\/bois-de-ourem-vol-2\/\" target=\"_blank\" rel=\"noreferrer noopener\">aqui nesta p\u00e1gina, no s\u00edtio FGC Produ\u00e7\u00f5es<\/a>.<\/p>\n","protected":false},"excerpt":{"rendered":"<p>Continuando a publica\u00e7\u00e3o dos discos da cole\u00e7\u00e3o \u201cBois de Our\u00e9m\u201d, que iniciou na\u00a0postagem anterior, aqui est\u00e3o reproduzidas as informa\u00e7\u00f5es do encarte do disco Bois de Our\u00e9m Vol. 2. Pai-do Campo Comandado por Faustino Almeida de Oliveira, o boi tem 18 anos de atividades no munic\u00edpio de&nbsp;Our\u00e9m, quando a fam\u00edlia de Mestre Faustino e Dona Miloca [&hellip;]<\/p>\n","protected":false},"author":1,"featured_media":0,"comment_status":"open","ping_status":"open","sticky":false,"template":"","format":"standard","meta":{"footnotes":""},"categories":[3,2],"tags":[28,17,39],"class_list":["post-239","post","type-post","status-publish","format-standard","hentry","category-folclore","category-musicas-audios","tag-album","tag-folclore-paraense","tag-ourem"],"_links":{"self":[{"href":"https:\/\/fabiocavalcante.com\/blog\/wp-json\/wp\/v2\/posts\/239","targetHints":{"allow":["GET"]}}],"collection":[{"href":"https:\/\/fabiocavalcante.com\/blog\/wp-json\/wp\/v2\/posts"}],"about":[{"href":"https:\/\/fabiocavalcante.com\/blog\/wp-json\/wp\/v2\/types\/post"}],"author":[{"embeddable":true,"href":"https:\/\/fabiocavalcante.com\/blog\/wp-json\/wp\/v2\/users\/1"}],"replies":[{"embeddable":true,"href":"https:\/\/fabiocavalcante.com\/blog\/wp-json\/wp\/v2\/comments?post=239"}],"version-history":[{"count":12,"href":"https:\/\/fabiocavalcante.com\/blog\/wp-json\/wp\/v2\/posts\/239\/revisions"}],"predecessor-version":[{"id":4491,"href":"https:\/\/fabiocavalcante.com\/blog\/wp-json\/wp\/v2\/posts\/239\/revisions\/4491"}],"wp:attachment":[{"href":"https:\/\/fabiocavalcante.com\/blog\/wp-json\/wp\/v2\/media?parent=239"}],"wp:term":[{"taxonomy":"category","embeddable":true,"href":"https:\/\/fabiocavalcante.com\/blog\/wp-json\/wp\/v2\/categories?post=239"},{"taxonomy":"post_tag","embeddable":true,"href":"https:\/\/fabiocavalcante.com\/blog\/wp-json\/wp\/v2\/tags?post=239"}],"curies":[{"name":"wp","href":"https:\/\/api.w.org\/{rel}","templated":true}]}}