{"id":240,"date":"2008-02-27T17:07:00","date_gmt":"2008-02-27T17:07:00","guid":{"rendered":"http:\/\/fabiocavalcante.com\/blog\/?p=240"},"modified":"2025-05-30T20:22:57","modified_gmt":"2025-05-30T20:22:57","slug":"bois-de-ourem-vol-1-2006","status":"publish","type":"post","link":"https:\/\/fabiocavalcante.com\/blog\/bois-de-ourem-vol-1-2006\/","title":{"rendered":"Bois de Our\u00e9m Vol.1 (2006)"},"content":{"rendered":"\n<p>A cole\u00e7\u00e3o Bois de Our\u00e9m foi lan\u00e7ada em julho de 2006, em Bel\u00e9m, durante o tradicional Arrast\u00e3o do&nbsp;<a href=\"https:\/\/pt.wikipedia.org\/wiki\/Arraial_do_Pavulagem\" target=\"_blank\" rel=\"noreferrer noopener\">Pavulagem<\/a>. Na \u00e9poca eu apresentava aos s\u00e1bados o programa \u201cSala de reboco\u201d, na r\u00e1dio Temb\u00e9s, de&nbsp;<a href=\"http:\/\/pt.wikipedia.org\/wiki\/Our%C3%A9m_%28Par%C3%A1%29\" target=\"_blank\" rel=\"noreferrer noopener\">Our\u00e9m<\/a>, onde os amos dos bois haviam participado diversas vezes, e gravado algumas centenas de m\u00fasicas. Empolgado com a beleza daquelas toadas, que s\u00e3o criadas aos montes por l\u00e1, fiz uma sele\u00e7\u00e3o de seis m\u00fasicas de cada um dos quatro grupos do lugar, para produzir os dois discos. O \u201cBois de Our\u00e9m Vol. 1\u201d \u00e9 com os bois \u201cFlor-do-Campo\u201d (de Mestre Juli\u00e3o \u2013 da comunidade do Mocambo) e \u201cOuro Fino\u201d (de&nbsp;<a href=\"https:\/\/fgcproducoes.fabiocavalcante.com\/artistas\/mestre-cardoso\/\" target=\"_blank\" rel=\"noreferrer noopener\">Mestre Cardoso<\/a>). O Volume 2 traz os bois \u201cPai-do-Campo\u201d (Mestre Faustino) e \u201cGeringon\u00e7a\u201d (Mestre Tu\u00edte).<\/p>\n\n\n\n<figure class=\"wp-block-gallery has-nested-images columns-default is-cropped wp-block-gallery-1 is-layout-flex wp-block-gallery-is-layout-flex\">\n<figure class=\"wp-block-image size-large\"><a href=\"https:\/\/fabiocavalcante.com\/blog\/wp-content\/uploads\/2008\/02\/blogfgc27juliao.jpg\"><img loading=\"lazy\" decoding=\"async\" width=\"600\" height=\"450\" data-id=\"447\" src=\"https:\/\/fabiocavalcante.com\/blog\/wp-content\/uploads\/2008\/02\/blogfgc27juliao.jpg\" alt=\"Mestre Juli\u00e3o e grupo no arrast\u00e3o do boi pavulagem, em Bel\u00e9m.\" class=\"wp-image-447\" srcset=\"https:\/\/fabiocavalcante.com\/blog\/wp-content\/uploads\/2008\/02\/blogfgc27juliao.jpg 600w, https:\/\/fabiocavalcante.com\/blog\/wp-content\/uploads\/2008\/02\/blogfgc27juliao-300x225.jpg 300w\" sizes=\"auto, (max-width: 600px) 100vw, 600px\" \/><\/a><figcaption class=\"wp-element-caption\">Juli\u00e3o em Bel\u00e9m.<\/figcaption><\/figure>\n\n\n\n<figure class=\"wp-block-image size-large\"><a href=\"https:\/\/fabiocavalcante.com\/blog\/wp-content\/uploads\/2008\/02\/blogfgc27cardoso.jpg\"><img loading=\"lazy\" decoding=\"async\" width=\"427\" height=\"450\" data-id=\"448\" src=\"https:\/\/fabiocavalcante.com\/blog\/wp-content\/uploads\/2008\/02\/blogfgc27cardoso.jpg\" alt=\"Mestre Cardoso com marac\u00e1 gravando em est\u00fadio caseiro\" class=\"wp-image-448\" srcset=\"https:\/\/fabiocavalcante.com\/blog\/wp-content\/uploads\/2008\/02\/blogfgc27cardoso.jpg 427w, https:\/\/fabiocavalcante.com\/blog\/wp-content\/uploads\/2008\/02\/blogfgc27cardoso-285x300.jpg 285w\" sizes=\"auto, (max-width: 427px) 100vw, 427px\" \/><\/a><figcaption class=\"wp-element-caption\">Cardoso gravando.<\/figcaption><\/figure>\n<\/figure>\n\n\n\n<p>O encarte do disco \u201cBois de Our\u00e9m Vol.1\u201d vinha com uma breve hist\u00f3ria dos bois, dos amos, e a ficha t\u00e9cnica que reproduzo abaixo:<\/p>\n\n\n\n<blockquote class=\"wp-block-quote is-layout-flow wp-block-quote-is-layout-flow\">\n<h2 class=\"wp-block-heading\"><strong>Flor-do-Campo<\/strong><\/h2>\n\n\n\n<p>O mais antigo boi de Our\u00e9m em atividade \u00e9 o do Mocambo \u2013 localidade quilombola pr\u00f3xima \u00e0 sede do munic\u00edpio. O fundador da brincadeira foi Sebasti\u00e3o dos Santos \u201cBofi\u00e1\u201d, falecido em 1961. Em 64, Juli\u00e3o dos Santos, filho do Bofi\u00e1, assumiu o brinquedo e at\u00e9 hoje mant\u00e9m a tradi\u00e7\u00e3o. O boi foi vencedor de diversos concursos de Boi-Bumb\u00e1 realizados na regi\u00e3o. O grupo comandado por Juli\u00e3o teve v\u00e1rias denomina\u00e7\u00f5es, como \u201c\u00c1s de ouro\u201d, \u201cFlor da mocidade\u201d, \u201cFlor da fazenda\u201d, \u201cMimo dourado\u201d e \u201cMimo do gado\u201d. O nome \u201cFlor-do-Campo\u201d est\u00e1 registrado h\u00e1 quatro anos.<\/p>\n\n\n\n<h2 class=\"wp-block-heading\"><strong>Ouro Fino<\/strong><\/h2>\n\n\n\n<p>O Ouro Fino surgiu em Our\u00e9m, no bairro do Por\u00e3o, no ano de 1993, junto com a chegada \u00e0 cidade de seu comandante Jos\u00e9 Ribamar Cardoso. Nascido na Parna\u00edba, Piau\u00ed, Mestre Cardoso foi amo de boi pela primeira vez, ainda na sua terra natal, aos 14 anos, com o \u201cDominante\u201d. S\u00e3o quase seis d\u00e9cadas colocando o boi pra brincar. Em 2005, Mestre Cardoso gravou seu primeiro disco \u2013 \u201cGalo de campina\u201d.<\/p>\n\n\n\n<p><strong>M\u00fasicos\u00a0do Flor-do-Campo<\/strong><\/p>\n\n\n\n<p><em>Tambores<\/em>: Lu\u00eds Carlos Rodrigues \u201cRato\u201d, Z\u00e9 Ferreira, Z\u00e9 Francisco, Jo\u00e3o Batista \u201cBulica\u201d e Simi\u00e3o.<br><em>Pandeiro e voz:<\/em>&nbsp;Juli\u00e3o dos Santos.<br><em>Marac\u00e1s<\/em>: Z\u00e9 Francisco, Jos\u00e9 Walter dos Santos \u201cWaltinho\u201d e Lu\u00eds Carlos Rodrigues \u201cRato\u201d<br><em>Tri\u00e2ngulo<\/em>: Fabinho<br><em>On\u00e7a<\/em>: Walter dos Santos \u201cWaltinho\u201d<br><em>Coro<\/em>: Z\u00e9 Francisco, Lu\u00ecs Carlos Rodrigues \u201cRato\u201d, Z\u00e9 Ferreira e Jo\u00e3o Batista \u201cBulica\u201d.<\/p>\n\n\n\n<p><strong>M\u00fasicos\u00a0do Ouro Fino<\/strong><\/p>\n\n\n\n<p>Elielson \u201cDod\u00f4\u201d Medeiros Concei\u00e7\u00e3o:&nbsp;<em>Atabaque, Pandeiro, tri\u00e2ngulo e Coro<\/em>.<br>Elailson \u201c\u201dtarugo\u201d Medeiros Concei\u00e7\u00e3o:&nbsp;<em>Tambor e Coro<\/em>.<br>Evanilson \u201cBran\u201d Medeiros Concei\u00e7\u00e3o:&nbsp;<em>Tambor e Coro<\/em>.<br>Edenilce \u201cIna\u201d Medeiros Concei\u00e7\u00e3o:&nbsp;<em>Coro<\/em>.<br>Elza Nira Medeiros Concei\u00e7\u00e3o:&nbsp;<em>Coro<\/em>.<br>Jos\u00e9 Cardoso:&nbsp;<em>Voz e on\u00e7a<\/em>.<\/p>\n\n\n\n<p><em>Produ\u00e7\u00e3o, grava\u00e7\u00e3o e texto<\/em>: F\u00e1bio Cavalcante.<\/p>\n<\/blockquote>\n\n\n\n<p>Voc\u00ea ouve as m\u00fasicas do disco \u201cBois de Our\u00e9m Vol. 1\u201d no tocador abaixo. Para baixar o disco completo, clique&nbsp;<a href=\"https:\/\/archive.org\/compress\/BlogFGC27_BoisDeOuremVol1\/formats=192KBPS%20MP3,JPEG\" target=\"_blank\" rel=\"noreferrer noopener\">aqui (arquivo zip)<\/a>. E para baixar as letras das toadas,&nbsp;<a href=\"https:\/\/www.fabiocavalcante.com\/blog\/arquivos\/27boisvol1\/boisdeouremvol1letras.pdf\" target=\"_blank\" rel=\"noreferrer noopener\">aqui<\/a>.<\/p>\n\n\n\n<p><iframe loading=\"lazy\" src=\"https:\/\/archive.org\/embed\/BlogFGC27_BoisDeOuremVol1&amp;playlist=1\" width=\"500\" height=\"270\" frameborder=\"0\" allowfullscreen=\"allowfullscreen\"><\/iframe><\/p>\n","protected":false},"excerpt":{"rendered":"<p>A cole\u00e7\u00e3o Bois de Our\u00e9m foi lan\u00e7ada em julho de 2006, em Bel\u00e9m, durante o tradicional Arrast\u00e3o do&nbsp;Pavulagem. Na \u00e9poca eu apresentava aos s\u00e1bados o programa \u201cSala de reboco\u201d, na r\u00e1dio Temb\u00e9s, de&nbsp;Our\u00e9m, onde os amos dos bois haviam participado diversas vezes, e gravado algumas centenas de m\u00fasicas. Empolgado com a beleza daquelas toadas, que [&hellip;]<\/p>\n","protected":false},"author":1,"featured_media":0,"comment_status":"open","ping_status":"open","sticky":false,"template":"","format":"standard","meta":{"footnotes":""},"categories":[3,2],"tags":[28,17,35,39],"class_list":["post-240","post","type-post","status-publish","format-standard","hentry","category-folclore","category-musicas-audios","tag-album","tag-folclore-paraense","tag-mestre-cardoso","tag-ourem"],"_links":{"self":[{"href":"https:\/\/fabiocavalcante.com\/blog\/wp-json\/wp\/v2\/posts\/240","targetHints":{"allow":["GET"]}}],"collection":[{"href":"https:\/\/fabiocavalcante.com\/blog\/wp-json\/wp\/v2\/posts"}],"about":[{"href":"https:\/\/fabiocavalcante.com\/blog\/wp-json\/wp\/v2\/types\/post"}],"author":[{"embeddable":true,"href":"https:\/\/fabiocavalcante.com\/blog\/wp-json\/wp\/v2\/users\/1"}],"replies":[{"embeddable":true,"href":"https:\/\/fabiocavalcante.com\/blog\/wp-json\/wp\/v2\/comments?post=240"}],"version-history":[{"count":12,"href":"https:\/\/fabiocavalcante.com\/blog\/wp-json\/wp\/v2\/posts\/240\/revisions"}],"predecessor-version":[{"id":4489,"href":"https:\/\/fabiocavalcante.com\/blog\/wp-json\/wp\/v2\/posts\/240\/revisions\/4489"}],"wp:attachment":[{"href":"https:\/\/fabiocavalcante.com\/blog\/wp-json\/wp\/v2\/media?parent=240"}],"wp:term":[{"taxonomy":"category","embeddable":true,"href":"https:\/\/fabiocavalcante.com\/blog\/wp-json\/wp\/v2\/categories?post=240"},{"taxonomy":"post_tag","embeddable":true,"href":"https:\/\/fabiocavalcante.com\/blog\/wp-json\/wp\/v2\/tags?post=240"}],"curies":[{"name":"wp","href":"https:\/\/api.w.org\/{rel}","templated":true}]}}