{"id":241,"date":"2008-01-22T14:48:00","date_gmt":"2008-01-22T14:48:00","guid":{"rendered":"http:\/\/fabiocavalcante.com\/blog\/?p=241"},"modified":"2025-05-30T23:00:23","modified_gmt":"2025-05-30T23:00:23","slug":"mestres-de-ourem-e-as-toadas-da-natureza","status":"publish","type":"post","link":"https:\/\/fabiocavalcante.com\/blog\/mestres-de-ourem-e-as-toadas-da-natureza\/","title":{"rendered":"Mestres de Our\u00e9m e as toadas da natureza"},"content":{"rendered":"\n<p>Toadas de&nbsp;<a href=\"https:\/\/fgcproducoes.fabiocavalcante.com\/artistas\/mestre-cardoso\/\" target=\"_blank\" rel=\"noreferrer noopener\">Mestre Cardoso<\/a>&nbsp;(amo do boi Ouro Fino, de&nbsp;<a href=\"http:\/\/pt.wikipedia.org\/wiki\/Our%C3%A9m_(Par%C3%A1)\" target=\"_blank\" rel=\"noreferrer noopener\">Our\u00e9m<\/a>) e Mestre Faustino (do boi Pai-do-Campo) est\u00e3o no repert\u00f3rio do cord\u00e3o do Peixe-Boi deste ano. Ambos falam da natureza. A \u201cPreserva\u00e7\u00e3o da natureza\u201d, do Pai do Campo, j\u00e1 vem sendo cantada pelo batalh\u00e3o do&nbsp;<a href=\"https:\/\/pt.wikipedia.org\/wiki\/Arraial_do_Pavulagem\" target=\"_blank\" rel=\"noreferrer noopener\">Pavulagem<\/a>&nbsp;desde junho do ano passado. E \u201cCad\u00ea a floresta?\u201d foi feita por Cardoso especialmente pro arrast\u00e3o do pr\u00f3ximo domingo.<\/p>\n\n\n\n<figure class=\"wp-block-embed is-type-video is-provider-youtube wp-block-embed-youtube wp-embed-aspect-4-3 wp-has-aspect-ratio\"><div class=\"wp-block-embed__wrapper\">\n<iframe loading=\"lazy\" title=\"Mestres de Our\u00e9m e as Toadas da Natureza (curta-metragem com Mestre Cardoso e Faustino; Our\u00e9m, 2007)\" width=\"500\" height=\"375\" src=\"https:\/\/www.youtube.com\/embed\/ce1CXKdF-NE?feature=oembed\" frameborder=\"0\" allow=\"accelerometer; autoplay; clipboard-write; encrypted-media; gyroscope; picture-in-picture; web-share\" referrerpolicy=\"strict-origin-when-cross-origin\" allowfullscreen><\/iframe>\n<\/div><\/figure>\n\n\n\n<p><iframe loading=\"lazy\" src=\"https:\/\/archive.org\/embed\/BlogFGC26_MestresOurem_ToadasNatureza\" width=\"500\" height=\"30\" frameborder=\"0\" allowfullscreen=\"allowfullscreen\"><\/iframe><\/p>\n\n\n\n<blockquote class=\"wp-block-quote is-layout-flow wp-block-quote-is-layout-flow\">\n<p><strong>Cad\u00ea a floresta?<\/strong><br><em>(Mestre Cardoso)<\/em><\/p>\n\n\n\n<p>Mam\u00e3e, cad\u00ea a floresta?<br>Nossas vertentes, beleza<br>Os peixes da piracema<br>N\u00e3o tem mais essa riqueza<\/p>\n\n\n\n<p>Meu filho, o rio Guam\u00e1<br>Criou pai, filho e bisnetos<br>Agora s\u00f3 tem o resto<br>Do verde da Natureza<\/p>\n\n\n\n<p>Mam\u00e3e, cad\u00ea a floresta?<br>O que \u00e9 que o p\u00e1ssaro come<br>Meu filho, \u00e9 assim mesmo<br>Do passado fico o nome<\/p>\n\n\n\n<p>Meu filho, o rio Guam\u00e1<br>Desmataram as cabeceiras<br>N\u00e3o tem mais as cachoeiras<br>E quem faz isso \u00e9 o homem<\/p>\n<\/blockquote>\n\n\n\n<p><a class=\"rank-math-link\" href=\"http:\/\/www.youtube.com\/watch?v=ce1CXKdF-NE\" target=\"_blank\" rel=\"noreferrer noopener\">Este v\u00eddeo<\/a>\u00a0foi feito durante a apresenta\u00e7\u00e3o de Cardoso e Faustino na I FEMAE (Feira de M\u00fasica e Arte Estudantil), promovido pelo Col\u00e9gio Pe. \u00c2ngelo Moretti, dia 29\/12\/2007, em Our\u00e9m. Os mestres s\u00e3o acompanhados por:\u00a0<a href=\"https:\/\/open.spotify.com\/artist\/7cKWRupZws7hUlVMpZ9T7t\" target=\"_blank\" rel=\"noreferrer noopener\">Allan Carvalho<\/a>\u00a0(viol\u00e3o), Edgar J\u00fanior (percuss\u00e3o), F\u00e1bio Cavalcante (flauta), Nazareno Silva (percuss\u00e3o) e Rubens Stanislaw (contrabaixo). O ensaio com Cardoso que aparece no come\u00e7o foi feito no s\u00edtio de\u00a0<a href=\"http:\/\/www.overmundo.com.br\/perfis\/arlindo-matos\" target=\"_blank\" rel=\"noreferrer noopener\">Arlindo Matos<\/a>.<\/p>\n\n\n\n<p>Aproveitando o tema das toadas lan\u00e7adas pelos mestres, aqui est\u00e3o imagens de trechos do rio Guam\u00e1 onde fazendeiros mandaram derrubar toda a mata ciliar.<\/p>\n\n\n\n<figure class=\"wp-block-gallery has-nested-images columns-default is-cropped wp-block-gallery-1 is-layout-flex wp-block-gallery-is-layout-flex\">\n<figure class=\"wp-block-image size-large\"><a href=\"https:\/\/fabiocavalcante.com\/blog\/wp-content\/uploads\/2008\/01\/blogfgc26guama1.jpg\"><img loading=\"lazy\" decoding=\"async\" width=\"600\" height=\"450\" data-id=\"451\" src=\"https:\/\/fabiocavalcante.com\/blog\/wp-content\/uploads\/2008\/01\/blogfgc26guama1.jpg\" alt=\"Assoreamento no rio guam\u00e1\" class=\"wp-image-451\" srcset=\"https:\/\/fabiocavalcante.com\/blog\/wp-content\/uploads\/2008\/01\/blogfgc26guama1.jpg 600w, https:\/\/fabiocavalcante.com\/blog\/wp-content\/uploads\/2008\/01\/blogfgc26guama1-300x225.jpg 300w\" sizes=\"auto, (max-width: 600px) 100vw, 600px\" \/><\/a><figcaption class=\"wp-element-caption\">Desmatamento nas margens do Guam\u00e1.<\/figcaption><\/figure>\n\n\n\n<figure class=\"wp-block-image size-large\"><a href=\"https:\/\/fabiocavalcante.com\/blog\/wp-content\/uploads\/2008\/01\/blogfgc26guama2.jpg\"><img loading=\"lazy\" decoding=\"async\" width=\"600\" height=\"450\" data-id=\"453\" src=\"https:\/\/fabiocavalcante.com\/blog\/wp-content\/uploads\/2008\/01\/blogfgc26guama2.jpg\" alt=\"Assoreamento no rio guam\u00e1\" class=\"wp-image-453\" srcset=\"https:\/\/fabiocavalcante.com\/blog\/wp-content\/uploads\/2008\/01\/blogfgc26guama2.jpg 600w, https:\/\/fabiocavalcante.com\/blog\/wp-content\/uploads\/2008\/01\/blogfgc26guama2-300x225.jpg 300w\" sizes=\"auto, (max-width: 600px) 100vw, 600px\" \/><\/a><figcaption class=\"wp-element-caption\">Retirada das matas ciliares em Our\u00e9m.<\/figcaption><\/figure>\n\n\n\n<figure class=\"wp-block-image size-large\"><a href=\"https:\/\/fabiocavalcante.com\/blog\/wp-content\/uploads\/2008\/01\/blogfgc26guama3.jpg\"><img loading=\"lazy\" decoding=\"async\" width=\"600\" height=\"450\" data-id=\"454\" src=\"https:\/\/fabiocavalcante.com\/blog\/wp-content\/uploads\/2008\/01\/blogfgc26guama3.jpg\" alt=\"Assoreamento no rio guam\u00e1\" class=\"wp-image-454\" srcset=\"https:\/\/fabiocavalcante.com\/blog\/wp-content\/uploads\/2008\/01\/blogfgc26guama3.jpg 600w, https:\/\/fabiocavalcante.com\/blog\/wp-content\/uploads\/2008\/01\/blogfgc26guama3-300x225.jpg 300w\" sizes=\"auto, (max-width: 600px) 100vw, 600px\" \/><\/a><figcaption class=\"wp-element-caption\">Assoreamento no Guam\u00e1.<\/figcaption><\/figure>\n<\/figure>\n\n\n\n<p>E repare nas imagens a seguir:<\/p>\n\n\n\n<ol class=\"wp-block-list\">\n<li>Trecho do rio com uma margem preservada e outra destru\u00edda;<\/li>\n\n\n\n<li>Assoreamento \u2013 as margens, sem as \u00e1rvores para servir de apoio, v\u00e3o caindo no rio e formando ilhas, secando e tornando a navega\u00e7\u00e3o impratic\u00e1vel;<\/li>\n\n\n\n<li>Assoreamento em frente \u00e0 cidade de Our\u00e9m \u2013 a linha preta tra\u00e7ada na foto marca o local onde ficava a margem original. Hoje, no per\u00edodo seco, \u00e9 poss\u00edvel, na frente da cidade, atravessar o Guam\u00e1 \u00e0 p\u00e9!<\/li>\n<\/ol>\n\n\n\n<figure class=\"wp-block-gallery has-nested-images columns-default is-cropped wp-block-gallery-2 is-layout-flex wp-block-gallery-is-layout-flex\">\n<figure class=\"wp-block-image size-large\"><a href=\"https:\/\/fabiocavalcante.com\/blog\/wp-content\/uploads\/2008\/01\/blogfgc26guama4.jpg\"><img loading=\"lazy\" decoding=\"async\" width=\"600\" height=\"450\" data-id=\"455\" src=\"https:\/\/fabiocavalcante.com\/blog\/wp-content\/uploads\/2008\/01\/blogfgc26guama4.jpg\" alt=\"Assoreamento no rio guam\u00e1\" class=\"wp-image-455\" srcset=\"https:\/\/fabiocavalcante.com\/blog\/wp-content\/uploads\/2008\/01\/blogfgc26guama4.jpg 600w, https:\/\/fabiocavalcante.com\/blog\/wp-content\/uploads\/2008\/01\/blogfgc26guama4-300x225.jpg 300w\" sizes=\"auto, (max-width: 600px) 100vw, 600px\" \/><\/a><figcaption class=\"wp-element-caption\">Margens diferentes.<\/figcaption><\/figure>\n\n\n\n<figure class=\"wp-block-image size-large\"><a href=\"https:\/\/fabiocavalcante.com\/blog\/wp-content\/uploads\/2008\/01\/blogfgc26guama5.jpg\"><img loading=\"lazy\" decoding=\"async\" width=\"600\" height=\"450\" data-id=\"456\" src=\"https:\/\/fabiocavalcante.com\/blog\/wp-content\/uploads\/2008\/01\/blogfgc26guama5.jpg\" alt=\"Assoreamento no rio guam\u00e1\" class=\"wp-image-456\" srcset=\"https:\/\/fabiocavalcante.com\/blog\/wp-content\/uploads\/2008\/01\/blogfgc26guama5.jpg 600w, https:\/\/fabiocavalcante.com\/blog\/wp-content\/uploads\/2008\/01\/blogfgc26guama5-300x225.jpg 300w\" sizes=\"auto, (max-width: 600px) 100vw, 600px\" \/><\/a><figcaption class=\"wp-element-caption\">Rio secando.<\/figcaption><\/figure>\n\n\n\n<figure class=\"wp-block-image size-large\"><a href=\"https:\/\/fabiocavalcante.com\/blog\/wp-content\/uploads\/2008\/01\/blogfgc26guama6.jpg\"><img loading=\"lazy\" decoding=\"async\" width=\"600\" height=\"394\" data-id=\"457\" src=\"https:\/\/fabiocavalcante.com\/blog\/wp-content\/uploads\/2008\/01\/blogfgc26guama6.jpg\" alt=\"Vista a\u00e9rea da frente da cidade de Our\u00e9m, Par\u00e1, com assoreamento do rio guam\u00e1.\" class=\"wp-image-457\" srcset=\"https:\/\/fabiocavalcante.com\/blog\/wp-content\/uploads\/2008\/01\/blogfgc26guama6.jpg 600w, https:\/\/fabiocavalcante.com\/blog\/wp-content\/uploads\/2008\/01\/blogfgc26guama6-300x197.jpg 300w\" sizes=\"auto, (max-width: 600px) 100vw, 600px\" \/><\/a><figcaption class=\"wp-element-caption\">Assoreamento em frente \u00e0 Our\u00e9m.<\/figcaption><\/figure>\n<\/figure>\n\n\n\n<p>Estudos feitos no munic\u00edpio apontam que 47% da mata ciliar do rio j\u00e1 foi perdida, reduzindo em at\u00e9 37% as esp\u00e9cies de peixes nas \u00e1reas mais agredidas. A situa\u00e7\u00e3o continua, lamentavelmente, crescendo sem nenhum controle.<\/p>\n","protected":false},"excerpt":{"rendered":"<p>Toadas de&nbsp;Mestre Cardoso&nbsp;(amo do boi Ouro Fino, de&nbsp;Our\u00e9m) e Mestre Faustino (do boi Pai-do-Campo) est\u00e3o no repert\u00f3rio do cord\u00e3o do Peixe-Boi deste ano. Ambos falam da natureza. A \u201cPreserva\u00e7\u00e3o da natureza\u201d, do Pai do Campo, j\u00e1 vem sendo cantada pelo batalh\u00e3o do&nbsp;Pavulagem&nbsp;desde junho do ano passado. E \u201cCad\u00ea a floresta?\u201d foi feita por Cardoso especialmente [&hellip;]<\/p>\n","protected":false},"author":1,"featured_media":0,"comment_status":"open","ping_status":"open","sticky":false,"template":"","format":"standard","meta":{"footnotes":""},"categories":[5],"tags":[19,17,35,39],"class_list":["post-241","post","type-post","status-publish","format-standard","hentry","category-videos","tag-flauta-doce","tag-folclore-paraense","tag-mestre-cardoso","tag-ourem"],"_links":{"self":[{"href":"https:\/\/fabiocavalcante.com\/blog\/wp-json\/wp\/v2\/posts\/241","targetHints":{"allow":["GET"]}}],"collection":[{"href":"https:\/\/fabiocavalcante.com\/blog\/wp-json\/wp\/v2\/posts"}],"about":[{"href":"https:\/\/fabiocavalcante.com\/blog\/wp-json\/wp\/v2\/types\/post"}],"author":[{"embeddable":true,"href":"https:\/\/fabiocavalcante.com\/blog\/wp-json\/wp\/v2\/users\/1"}],"replies":[{"embeddable":true,"href":"https:\/\/fabiocavalcante.com\/blog\/wp-json\/wp\/v2\/comments?post=241"}],"version-history":[{"count":12,"href":"https:\/\/fabiocavalcante.com\/blog\/wp-json\/wp\/v2\/posts\/241\/revisions"}],"predecessor-version":[{"id":4549,"href":"https:\/\/fabiocavalcante.com\/blog\/wp-json\/wp\/v2\/posts\/241\/revisions\/4549"}],"wp:attachment":[{"href":"https:\/\/fabiocavalcante.com\/blog\/wp-json\/wp\/v2\/media?parent=241"}],"wp:term":[{"taxonomy":"category","embeddable":true,"href":"https:\/\/fabiocavalcante.com\/blog\/wp-json\/wp\/v2\/categories?post=241"},{"taxonomy":"post_tag","embeddable":true,"href":"https:\/\/fabiocavalcante.com\/blog\/wp-json\/wp\/v2\/tags?post=241"}],"curies":[{"name":"wp","href":"https:\/\/api.w.org\/{rel}","templated":true}]}}