{"id":242,"date":"2008-01-15T13:34:00","date_gmt":"2008-01-15T13:34:00","guid":{"rendered":"http:\/\/fabiocavalcante.com\/blog\/?p=242"},"modified":"2025-05-30T20:13:07","modified_gmt":"2025-05-30T20:13:07","slug":"mestre-cardoso-galo-de-campina-2005","status":"publish","type":"post","link":"https:\/\/fabiocavalcante.com\/blog\/mestre-cardoso-galo-de-campina-2005\/","title":{"rendered":"Mestre Cardoso &#8211; Galo de Campina (2005)"},"content":{"rendered":"\n<figure class=\"wp-block-image aligncenter size-large\"><img loading=\"lazy\" decoding=\"async\" width=\"350\" height=\"262\" src=\"https:\/\/fabiocavalcante.com\/blog\/wp-content\/uploads\/2008\/01\/cara.gif\" alt=\"Mestre Cardoso com chap\u00e9u de boi-bumb\u00e1\" class=\"wp-image-511\"\/><\/figure>\n\n\n\n<p>O Galo de Campina, do&nbsp;<a href=\"https:\/\/fgcproducoes.fabiocavalcante.com\/artistas\/mestre-cardoso\/\" target=\"_blank\" rel=\"noreferrer noopener\">Mestre Cardoso<\/a>, foi produzido, arranjado e gravado por mim em outubro de 2005, na cidade de&nbsp;<a href=\"http:\/\/pt.wikipedia.org\/wiki\/Our%C3%A9m_%28Par%C3%A1%29\" target=\"_blank\" rel=\"noreferrer noopener\">Our\u00e9m<\/a>, onde eu morava na \u00e9poca. Ele mostra o talento e a versatilidade do amo do Boi \u201cOuro Fino\u201d, que aos 71 anos, mandava quente nos xotes, marchas, carimb\u00f3s, sambas e toadas do seu primeiro disco. Lan\u00e7ado em Our\u00e9m (29\/10\/2005) e em&nbsp;<a href=\"http:\/\/www.belem.pa.gov.br\/\" target=\"_blank\" rel=\"noreferrer noopener\">Bel\u00e9m<\/a>&nbsp;(04\/11\/2005), dele foram feitas 80 c\u00f3pias, totalmente caseiras, com capas e encartes de papel reciclado, e cd\u2019s gravados no computador.<\/p>\n\n\n\n<figure class=\"wp-block-image aligncenter size-large\"><img loading=\"lazy\" decoding=\"async\" width=\"500\" height=\"421\" src=\"https:\/\/fabiocavalcante.com\/blog\/wp-content\/uploads\/2008\/01\/capa.jpg\" alt=\"Capa do \u00e1lbum Galo de Campina, feito de papel reciclado\" class=\"wp-image-460\" srcset=\"https:\/\/fabiocavalcante.com\/blog\/wp-content\/uploads\/2008\/01\/capa.jpg 500w, https:\/\/fabiocavalcante.com\/blog\/wp-content\/uploads\/2008\/01\/capa-300x253.jpg 300w\" sizes=\"auto, (max-width: 500px) 100vw, 500px\" \/><\/figure>\n\n\n\n<p>Escrevi essa breve biografia do Cardoso para o encarte.<\/p>\n\n\n\n<blockquote class=\"wp-block-quote is-layout-flow wp-block-quote-is-layout-flow\">\n<p>\u201cJos\u00e9 Ribamar Cardoso nasceu na&nbsp;<a rel=\"noreferrer noopener\" href=\"http:\/\/www.parnaiba.pi.gov.br\/\" target=\"_blank\">Parna\u00edba<\/a>,&nbsp;<a rel=\"noreferrer noopener\" href=\"http:\/\/pt.wikipedia.org\/wiki\/Piau%C3%AD\" target=\"_blank\">Piau\u00ed<\/a>, em 4 de janeiro de 1933, filho de Jo\u00e3o C\u00e2ndido Cardoso e Maria Francisca Cardoso. Aos dez anos come\u00e7ou a brincar em bois tradicionais da regi\u00e3o, entre eles os de Martiliano, Chico Camilo, Ant\u00f4nio Leal e Jos\u00e9 Calebre. Com o parceiro e amigo de escola Geraldo Magela do Carmo, montou aos 14 anos o Boi Dominante. O ano era 1947.<br>Com 20 anos vai para&nbsp;<a rel=\"noreferrer noopener\" href=\"http:\/\/coroata.ma.gov.br\/\" target=\"_blank\">Coroat\u00e1<\/a>, no&nbsp;<a rel=\"noreferrer noopener\" href=\"http:\/\/pt.wikipedia.org\/wiki\/Maranh%C3%A3o\" target=\"_blank\">Maranh\u00e3o<\/a>, onde conhece sua esposa Raimunda Lima da Silva. Com ela teve 14 filhos, dos quais seis sobreviveram. Em 1954, com 21 anos, muda-se para&nbsp;<a rel=\"noreferrer noopener\" href=\"http:\/\/www.carutapera.ma.gov.br\/\" target=\"_blank\">Carutapera<\/a>. Logo depois chega no&nbsp;<a rel=\"noreferrer noopener\" href=\"http:\/\/pt.wikipedia.org\/wiki\/Par%C3%A1\" target=\"_blank\">Par\u00e1<\/a>, morando em&nbsp;<a rel=\"noreferrer noopener\" href=\"http:\/\/pt.wikipedia.org\/wiki\/Viseu_%28Par%C3%A1%29\" target=\"_blank\">Viseu<\/a>,&nbsp;<a rel=\"noreferrer noopener\" href=\"http:\/\/www.braganca.pa.gov.br\/\" target=\"_blank\">Bragan\u00e7a<\/a>&nbsp;e&nbsp;<a rel=\"noreferrer noopener\" href=\"http:\/\/pt.wikipedia.org\/wiki\/Capit%C3%A3o_Po%C3%A7o\" target=\"_blank\">Capit\u00e3o Po\u00e7o<\/a>, at\u00e9 vir para Our\u00e9m em 1993, onde est\u00e1 at\u00e9 hoje. E at\u00e9 hoje, como faz h\u00e1 quase seis d\u00e9cadas, Cardoso coloca o boi para brincar todos os anos.<br>Trabalhou como agricultor e vaqueiro nas diversas regi\u00f5es onde morou. Atualmente \u00e9 amo do boi Ouro Fino. Das faixas deste CD, \u2018Eu mandei fazer uma rosa\u2019, \u2018O Ataque de Nova York\u2019, \u2018A pris\u00e3o de Saddam Hussein\u2019, \u2018Mandei fazer uma trincheira ontem \u2018 e \u2018Adeus morena\u2019, s\u00e3o toadas cantadas pelos integrantes do seu brinquedo.\u201d<\/p>\n<\/blockquote>\n\n\n\n<p>Os m\u00fasicos que participaram das grava\u00e7\u00f5es s\u00e3o: Aristides Borges (cavaquinho); Jo\u00e3o \u201cCego\u201d da Silva Matos (sanfona e coro); Raimundo \u201cTu\u00edca\u201d da Silva Matos (barrica, pandeiro e coro); F\u00e1bio Cavalcante (flauta e coro);&nbsp;<a rel=\"noreferrer noopener\" href=\"http:\/\/blogdalilarosa.blogspot.com\/\" target=\"_blank\">Lila Bemerguy<\/a>&nbsp;(coro) e Mestre Cardoso (marac\u00e1, pandeiro, on\u00e7a e voz).<\/p>\n\n\n\n<figure class=\"wp-block-gallery has-nested-images columns-default is-cropped wp-block-gallery-1 is-layout-flex wp-block-gallery-is-layout-flex\">\n<figure class=\"wp-block-image size-large\"><a href=\"https:\/\/fabiocavalcante.com\/blog\/wp-content\/uploads\/2008\/01\/musico_aristides.jpg\"><img loading=\"lazy\" decoding=\"async\" width=\"497\" height=\"500\" data-id=\"461\" src=\"https:\/\/fabiocavalcante.com\/blog\/wp-content\/uploads\/2008\/01\/musico_aristides.jpg\" alt=\"Aristides com cavaquinho\" class=\"wp-image-461\" srcset=\"https:\/\/fabiocavalcante.com\/blog\/wp-content\/uploads\/2008\/01\/musico_aristides.jpg 497w, https:\/\/fabiocavalcante.com\/blog\/wp-content\/uploads\/2008\/01\/musico_aristides-150x150.jpg 150w, https:\/\/fabiocavalcante.com\/blog\/wp-content\/uploads\/2008\/01\/musico_aristides-298x300.jpg 298w\" sizes=\"auto, (max-width: 497px) 100vw, 497px\" \/><\/a><figcaption class=\"wp-element-caption\">Aristides<\/figcaption><\/figure>\n\n\n\n<figure class=\"wp-block-image size-large\"><a href=\"https:\/\/fabiocavalcante.com\/blog\/wp-content\/uploads\/2008\/01\/musico_joao.jpg\"><img loading=\"lazy\" decoding=\"async\" width=\"441\" height=\"500\" data-id=\"463\" src=\"https:\/\/fabiocavalcante.com\/blog\/wp-content\/uploads\/2008\/01\/musico_joao.jpg\" alt=\"Jo\u00e3o cego tocando sanfona\" class=\"wp-image-463\" srcset=\"https:\/\/fabiocavalcante.com\/blog\/wp-content\/uploads\/2008\/01\/musico_joao.jpg 441w, https:\/\/fabiocavalcante.com\/blog\/wp-content\/uploads\/2008\/01\/musico_joao-265x300.jpg 265w\" sizes=\"auto, (max-width: 441px) 100vw, 441px\" \/><\/a><figcaption class=\"wp-element-caption\">Jo\u00e3o Cego.<\/figcaption><\/figure>\n\n\n\n<figure class=\"wp-block-image size-large\"><a href=\"https:\/\/fabiocavalcante.com\/blog\/wp-content\/uploads\/2008\/01\/musico_tuica.jpg\"><img loading=\"lazy\" decoding=\"async\" width=\"298\" height=\"500\" data-id=\"464\" src=\"https:\/\/fabiocavalcante.com\/blog\/wp-content\/uploads\/2008\/01\/musico_tuica.jpg\" alt=\"Tuica tocando pandeiro\" class=\"wp-image-464\" srcset=\"https:\/\/fabiocavalcante.com\/blog\/wp-content\/uploads\/2008\/01\/musico_tuica.jpg 298w, https:\/\/fabiocavalcante.com\/blog\/wp-content\/uploads\/2008\/01\/musico_tuica-179x300.jpg 179w\" sizes=\"auto, (max-width: 298px) 100vw, 298px\" \/><\/a><figcaption class=\"wp-element-caption\">Tu\u00edca<\/figcaption><\/figure>\n<\/figure>\n\n\n\n<p>Voc\u00ea pode ouvir as m\u00fasicas do disco Galo de Campina a partir dos links abaixo. Para baixar o disco completo, clique&nbsp;<a href=\"https:\/\/archive.org\/compress\/BlogFGC25_MestreCardoso_GaloDeCampina\/formats=192KBPS%20MP3,JPEG\" target=\"_blank\" rel=\"noreferrer noopener\">aqui (arquivo zip)<\/a>.<\/p>\n\n\n\n<p><iframe loading=\"lazy\" src=\"https:\/\/archive.org\/embed\/BlogFGC25_MestreCardoso_GaloDeCampina&amp;playlist=1\" width=\"500\" height=\"310\" frameborder=\"0\" allowfullscreen=\"allowfullscreen\"><\/iframe><\/p>\n\n\n\n<p>Mais informa\u00e7\u00f5es sobre o \u00e1lbum est\u00e3o&nbsp;<a href=\"https:\/\/fgcproducoes.fabiocavalcante.com\/artistas\/mestre-cardoso\/galo-de-campina\/\" target=\"_blank\" rel=\"noreferrer noopener\">aqui<\/a>.<\/p>\n","protected":false},"excerpt":{"rendered":"<p>O Galo de Campina, do&nbsp;Mestre Cardoso, foi produzido, arranjado e gravado por mim em outubro de 2005, na cidade de&nbsp;Our\u00e9m, onde eu morava na \u00e9poca. Ele mostra o talento e a versatilidade do amo do Boi \u201cOuro Fino\u201d, que aos 71 anos, mandava quente nos xotes, marchas, carimb\u00f3s, sambas e toadas do seu primeiro disco. [&hellip;]<\/p>\n","protected":false},"author":1,"featured_media":0,"comment_status":"open","ping_status":"open","sticky":false,"template":"","format":"standard","meta":{"footnotes":""},"categories":[2],"tags":[28,52,17,35,39],"class_list":["post-242","post","type-post","status-publish","format-standard","hentry","category-musicas-audios","tag-album","tag-carimbo","tag-folclore-paraense","tag-mestre-cardoso","tag-ourem"],"_links":{"self":[{"href":"https:\/\/fabiocavalcante.com\/blog\/wp-json\/wp\/v2\/posts\/242","targetHints":{"allow":["GET"]}}],"collection":[{"href":"https:\/\/fabiocavalcante.com\/blog\/wp-json\/wp\/v2\/posts"}],"about":[{"href":"https:\/\/fabiocavalcante.com\/blog\/wp-json\/wp\/v2\/types\/post"}],"author":[{"embeddable":true,"href":"https:\/\/fabiocavalcante.com\/blog\/wp-json\/wp\/v2\/users\/1"}],"replies":[{"embeddable":true,"href":"https:\/\/fabiocavalcante.com\/blog\/wp-json\/wp\/v2\/comments?post=242"}],"version-history":[{"count":13,"href":"https:\/\/fabiocavalcante.com\/blog\/wp-json\/wp\/v2\/posts\/242\/revisions"}],"predecessor-version":[{"id":4485,"href":"https:\/\/fabiocavalcante.com\/blog\/wp-json\/wp\/v2\/posts\/242\/revisions\/4485"}],"wp:attachment":[{"href":"https:\/\/fabiocavalcante.com\/blog\/wp-json\/wp\/v2\/media?parent=242"}],"wp:term":[{"taxonomy":"category","embeddable":true,"href":"https:\/\/fabiocavalcante.com\/blog\/wp-json\/wp\/v2\/categories?post=242"},{"taxonomy":"post_tag","embeddable":true,"href":"https:\/\/fabiocavalcante.com\/blog\/wp-json\/wp\/v2\/tags?post=242"}],"curies":[{"name":"wp","href":"https:\/\/api.w.org\/{rel}","templated":true}]}}