{"id":243,"date":"2008-01-09T16:46:00","date_gmt":"2008-01-09T16:46:00","guid":{"rendered":"http:\/\/fabiocavalcante.com\/blog\/?p=243"},"modified":"2025-05-30T20:09:19","modified_gmt":"2025-05-30T20:09:19","slug":"musicas-da-marujada-de-braganca-2007","status":"publish","type":"post","link":"https:\/\/fabiocavalcante.com\/blog\/musicas-da-marujada-de-braganca-2007\/","title":{"rendered":"M\u00fasicas da Marujada de Bragan\u00e7a &#8211; 2007"},"content":{"rendered":"\n<p>De 18 de dezembro a 1\u00b0 de janeiro foi festejada a&nbsp;<a rel=\"noreferrer noopener\" href=\"http:\/\/basilio.fundaj.gov.br\/pesquisaescolar\/index.php?option=com_content&amp;view=article&amp;id=1046%3Amarujada-de-braganca&amp;catid=48%3Aletra-m&amp;Itemid=1\" target=\"_blank\">Marujada em Bragan\u00e7a<\/a>&nbsp;(PA). Os ensaios no barra\u00e7\u00e3o; a Furiosa tocando no coreto da pra\u00e7a; marujos e marujas de todas as idades dan\u00e7ando e se divertindo em louvor ao&nbsp;<a rel=\"noreferrer noopener\" href=\"http:\/\/pt.wikipedia.org\/wiki\/S%C3%A3o_Benedito\" target=\"_blank\">santo preto<\/a>; as ladainhas das comitivas; cavalhada \u2013 que bela festa! O regional que mandava as dan\u00e7as pros marujos era formado por Zito e L\u00facio (rabeca), Manel (Pandeiro), Zeca (Tambor), Kleber, Seu Pedro e Fernando (Banjo) e J\u00fanior Soares (Viol\u00e3o).<\/p>\n\n\n\n<figure class=\"wp-block-gallery has-nested-images columns-default is-cropped wp-block-gallery-1 is-layout-flex wp-block-gallery-is-layout-flex\">\n<figure class=\"wp-block-image size-large\"><a href=\"https:\/\/fabiocavalcante.com\/blog\/wp-content\/uploads\/2008\/01\/regional01lucio.jpg\"><img loading=\"lazy\" decoding=\"async\" width=\"667\" height=\"500\" data-id=\"466\" src=\"https:\/\/fabiocavalcante.com\/blog\/wp-content\/uploads\/2008\/01\/regional01lucio.jpg\" alt=\"\" class=\"wp-image-466\" srcset=\"https:\/\/fabiocavalcante.com\/blog\/wp-content\/uploads\/2008\/01\/regional01lucio.jpg 667w, https:\/\/fabiocavalcante.com\/blog\/wp-content\/uploads\/2008\/01\/regional01lucio-300x225.jpg 300w\" sizes=\"auto, (max-width: 667px) 100vw, 667px\" \/><\/a><figcaption class=\"wp-element-caption\">L\u00facio.<\/figcaption><\/figure>\n\n\n\n<figure class=\"wp-block-image size-large\"><a href=\"https:\/\/fabiocavalcante.com\/blog\/wp-content\/uploads\/2008\/01\/regional02cleberzeca.jpg\"><img loading=\"lazy\" decoding=\"async\" width=\"375\" height=\"500\" data-id=\"467\" src=\"https:\/\/fabiocavalcante.com\/blog\/wp-content\/uploads\/2008\/01\/regional02cleberzeca.jpg\" alt=\"\" class=\"wp-image-467\" srcset=\"https:\/\/fabiocavalcante.com\/blog\/wp-content\/uploads\/2008\/01\/regional02cleberzeca.jpg 375w, https:\/\/fabiocavalcante.com\/blog\/wp-content\/uploads\/2008\/01\/regional02cleberzeca-225x300.jpg 225w\" sizes=\"auto, (max-width: 375px) 100vw, 375px\" \/><\/a><figcaption class=\"wp-element-caption\">Cl\u00e9ber e Zeca.<\/figcaption><\/figure>\n\n\n\n<figure class=\"wp-block-image size-large\"><a href=\"https:\/\/fabiocavalcante.com\/blog\/wp-content\/uploads\/2008\/01\/regional03pedro.jpg\"><img loading=\"lazy\" decoding=\"async\" width=\"281\" height=\"500\" data-id=\"469\" src=\"https:\/\/fabiocavalcante.com\/blog\/wp-content\/uploads\/2008\/01\/regional03pedro.jpg\" alt=\"Seu Pedro tocando banjo na Marujada de Bragan\u00e7a\" class=\"wp-image-469\" srcset=\"https:\/\/fabiocavalcante.com\/blog\/wp-content\/uploads\/2008\/01\/regional03pedro.jpg 281w, https:\/\/fabiocavalcante.com\/blog\/wp-content\/uploads\/2008\/01\/regional03pedro-169x300.jpg 169w\" sizes=\"auto, (max-width: 281px) 100vw, 281px\" \/><\/a><figcaption class=\"wp-element-caption\">Seu Pedro<\/figcaption><\/figure>\n\n\n\n<figure class=\"wp-block-image size-large\"><a href=\"https:\/\/fabiocavalcante.com\/blog\/wp-content\/uploads\/2008\/01\/regional04manel.jpg\"><img loading=\"lazy\" decoding=\"async\" width=\"375\" height=\"500\" data-id=\"470\" src=\"https:\/\/fabiocavalcante.com\/blog\/wp-content\/uploads\/2008\/01\/regional04manel.jpg\" alt=\"Manel tocando pandeiro na Marujada de Bragan\u00e7a\" class=\"wp-image-470\" srcset=\"https:\/\/fabiocavalcante.com\/blog\/wp-content\/uploads\/2008\/01\/regional04manel.jpg 375w, https:\/\/fabiocavalcante.com\/blog\/wp-content\/uploads\/2008\/01\/regional04manel-225x300.jpg 225w\" sizes=\"auto, (max-width: 375px) 100vw, 375px\" \/><\/a><figcaption class=\"wp-element-caption\">Manel<\/figcaption><\/figure>\n\n\n\n<figure class=\"wp-block-image size-large\"><a href=\"https:\/\/fabiocavalcante.com\/blog\/wp-content\/uploads\/2008\/01\/regional05jrsoares.jpg\"><img loading=\"lazy\" decoding=\"async\" width=\"667\" height=\"500\" data-id=\"471\" src=\"https:\/\/fabiocavalcante.com\/blog\/wp-content\/uploads\/2008\/01\/regional05jrsoares.jpg\" alt=\"J\u00fanior Soares tocando viol\u00e3o na Marujada de Bragan\u00e7a\" class=\"wp-image-471\" srcset=\"https:\/\/fabiocavalcante.com\/blog\/wp-content\/uploads\/2008\/01\/regional05jrsoares.jpg 667w, https:\/\/fabiocavalcante.com\/blog\/wp-content\/uploads\/2008\/01\/regional05jrsoares-300x225.jpg 300w\" sizes=\"auto, (max-width: 667px) 100vw, 667px\" \/><\/a><figcaption class=\"wp-element-caption\">J\u00fanior Soares<\/figcaption><\/figure>\n<\/figure>\n\n\n\n<p>Na festa da marujada, os marujos dan\u00e7am roda, retumb\u00e3o,&nbsp;<a rel=\"noreferrer noopener\" href=\"http:\/\/pt.wikipedia.org\/wiki\/Xote\" target=\"_blank\">xote<\/a>, chorado,&nbsp;<a rel=\"noreferrer noopener\" href=\"http:\/\/pt.wikipedia.org\/wiki\/Mazurca\" target=\"_blank\">mazurca<\/a>, arrasta-p\u00e9,&nbsp;<a rel=\"noreferrer noopener\" href=\"http:\/\/pt.wikipedia.org\/wiki\/Valsa\" target=\"_blank\">valsa<\/a>, a&nbsp;<a rel=\"noreferrer noopener\" href=\"http:\/\/pt.wikipedia.org\/wiki\/Contradan%C3%A7a\" target=\"_blank\">contradan\u00e7a<\/a>\u2026 As grava\u00e7\u00f5es dispon\u00edveis aqui foram feitas por mim durante os ensaios e nos dias da festa.<\/p>\n\n\n\n<p><iframe loading=\"lazy\" src=\"https:\/\/archive.org\/embed\/BlogFGC24_MarujadaBragantina2007&amp;playlist=1\" width=\"500\" height=\"150\" frameborder=\"0\" allowfullscreen=\"allowfullscreen\"><\/iframe><\/p>\n\n\n\n<p>Para baixar as m\u00fasicas acima em um \u00fanico arquivo, clique&nbsp;<a href=\"https:\/\/archive.org\/compress\/BlogFGC24_MarujadaBragantina2007\/formats=128KBPS%20MP3\" target=\"_blank\" rel=\"noreferrer noopener\">aqui (arquivo zip)<\/a>.<\/p>\n\n\n\n<figure class=\"wp-block-gallery has-nested-images columns-default is-cropped wp-block-gallery-2 is-layout-flex wp-block-gallery-is-layout-flex\">\n<figure class=\"wp-block-image size-large\"><a href=\"https:\/\/fabiocavalcante.com\/blog\/wp-content\/uploads\/2008\/01\/marujas01.jpg\"><img loading=\"lazy\" decoding=\"async\" width=\"667\" height=\"500\" data-id=\"472\" src=\"https:\/\/fabiocavalcante.com\/blog\/wp-content\/uploads\/2008\/01\/marujas01.jpg\" alt=\"Marujas dan\u00e7ando no barrac\u00e3o da Marujada de Bragan\u00e7a\" class=\"wp-image-472\" srcset=\"https:\/\/fabiocavalcante.com\/blog\/wp-content\/uploads\/2008\/01\/marujas01.jpg 667w, https:\/\/fabiocavalcante.com\/blog\/wp-content\/uploads\/2008\/01\/marujas01-300x225.jpg 300w\" sizes=\"auto, (max-width: 667px) 100vw, 667px\" \/><\/a><figcaption class=\"wp-element-caption\">Marujas no barrac\u00e3o.<\/figcaption><\/figure>\n\n\n\n<figure class=\"wp-block-image size-large\"><a href=\"https:\/\/fabiocavalcante.com\/blog\/wp-content\/uploads\/2008\/01\/marujas02.jpg\"><img loading=\"lazy\" decoding=\"async\" width=\"667\" height=\"500\" data-id=\"473\" src=\"https:\/\/fabiocavalcante.com\/blog\/wp-content\/uploads\/2008\/01\/marujas02.jpg\" alt=\"Marujas dan\u00e7ando no barrac\u00e3o da Marujada de Bragan\u00e7a\" class=\"wp-image-473\" srcset=\"https:\/\/fabiocavalcante.com\/blog\/wp-content\/uploads\/2008\/01\/marujas02.jpg 667w, https:\/\/fabiocavalcante.com\/blog\/wp-content\/uploads\/2008\/01\/marujas02-300x225.jpg 300w\" sizes=\"auto, (max-width: 667px) 100vw, 667px\" \/><\/a><figcaption class=\"wp-element-caption\">Marujas<\/figcaption><\/figure>\n<\/figure>\n","protected":false},"excerpt":{"rendered":"<p>De 18 de dezembro a 1\u00b0 de janeiro foi festejada a&nbsp;Marujada em Bragan\u00e7a&nbsp;(PA). Os ensaios no barra\u00e7\u00e3o; a Furiosa tocando no coreto da pra\u00e7a; marujos e marujas de todas as idades dan\u00e7ando e se divertindo em louvor ao&nbsp;santo preto; as ladainhas das comitivas; cavalhada \u2013 que bela festa! O regional que mandava as dan\u00e7as pros [&hellip;]<\/p>\n","protected":false},"author":1,"featured_media":0,"comment_status":"open","ping_status":"open","sticky":false,"template":"","format":"standard","meta":{"footnotes":""},"categories":[3,2],"tags":[31,17,27],"class_list":["post-243","post","type-post","status-publish","format-standard","hentry","category-folclore","category-musicas-audios","tag-ao-vivo","tag-folclore-paraense","tag-marujada-de-braganca"],"_links":{"self":[{"href":"https:\/\/fabiocavalcante.com\/blog\/wp-json\/wp\/v2\/posts\/243","targetHints":{"allow":["GET"]}}],"collection":[{"href":"https:\/\/fabiocavalcante.com\/blog\/wp-json\/wp\/v2\/posts"}],"about":[{"href":"https:\/\/fabiocavalcante.com\/blog\/wp-json\/wp\/v2\/types\/post"}],"author":[{"embeddable":true,"href":"https:\/\/fabiocavalcante.com\/blog\/wp-json\/wp\/v2\/users\/1"}],"replies":[{"embeddable":true,"href":"https:\/\/fabiocavalcante.com\/blog\/wp-json\/wp\/v2\/comments?post=243"}],"version-history":[{"count":11,"href":"https:\/\/fabiocavalcante.com\/blog\/wp-json\/wp\/v2\/posts\/243\/revisions"}],"predecessor-version":[{"id":4481,"href":"https:\/\/fabiocavalcante.com\/blog\/wp-json\/wp\/v2\/posts\/243\/revisions\/4481"}],"wp:attachment":[{"href":"https:\/\/fabiocavalcante.com\/blog\/wp-json\/wp\/v2\/media?parent=243"}],"wp:term":[{"taxonomy":"category","embeddable":true,"href":"https:\/\/fabiocavalcante.com\/blog\/wp-json\/wp\/v2\/categories?post=243"},{"taxonomy":"post_tag","embeddable":true,"href":"https:\/\/fabiocavalcante.com\/blog\/wp-json\/wp\/v2\/tags?post=243"}],"curies":[{"name":"wp","href":"https:\/\/api.w.org\/{rel}","templated":true}]}}