{"id":246,"date":"2007-10-11T15:33:00","date_gmt":"2007-10-11T15:33:00","guid":{"rendered":"http:\/\/fabiocavalcante.com\/blog\/?p=246"},"modified":"2025-05-29T03:25:12","modified_gmt":"2025-05-29T03:25:12","slug":"estrela-dalva-mestre-cardoso-e-os-bois-de-ourem-no-cirio-2007","status":"publish","type":"post","link":"https:\/\/fabiocavalcante.com\/blog\/estrela-dalva-mestre-cardoso-e-os-bois-de-ourem-no-cirio-2007\/","title":{"rendered":"Estrela Dalva &#8211; Mestre Cardoso e os Bois de Our\u00e9m no C\u00edrio 2007"},"content":{"rendered":"\n<figure class=\"wp-block-embed is-type-video is-provider-youtube wp-block-embed-youtube wp-embed-aspect-4-3 wp-has-aspect-ratio\"><div class=\"wp-block-embed__wrapper\">\n<iframe loading=\"lazy\" title=\"Estrela Dalva - Mestre Cardoso (ao vivo, em casa)\" width=\"500\" height=\"375\" src=\"https:\/\/www.youtube.com\/embed\/VTiv44j2AY4?feature=oembed\" frameborder=\"0\" allow=\"accelerometer; autoplay; clipboard-write; encrypted-media; gyroscope; picture-in-picture; web-share\" referrerpolicy=\"strict-origin-when-cross-origin\" allowfullscreen><\/iframe>\n<\/div><\/figure>\n\n\n\n<p>A toada Estrela Dalva, de&nbsp;<a href=\"https:\/\/fgcproducoes.fabiocavalcante.com\/artistas\/mestre-cardoso\/\" target=\"_blank\" rel=\"noreferrer noopener\">Mestre Cardoso<\/a>, amo do boi Ouro Fino de&nbsp;<a href=\"http:\/\/pt.wikipedia.org\/wiki\/Our%C3%A9m_%28Par%C3%A1%29\" target=\"_blank\" rel=\"noreferrer noopener\">Our\u00e9m<\/a>, est\u00e1 no repert\u00f3rio do arrast\u00e3o que o&nbsp;<a href=\"https:\/\/pt.wikipedia.org\/wiki\/Arraial_do_Pavulagem\" target=\"_blank\" rel=\"noreferrer noopener\">Arraial do Pavulagem<\/a>&nbsp;realiza esse s\u00e1bado de manh\u00e3, logo ap\u00f3s a chegada da imagem da santa na escadinha do cais do porto. Mestre Cardoso vem \u00e0 capital junto com outros amos daquele munic\u00edpio, e v\u00e3o mostrar a sua brincadeira na&nbsp;<a href=\"http:\/\/wikimapia.org\/10027638\/pt\/Pra%C3%A7a-dos-Estivadores\" target=\"_blank\" rel=\"noreferrer noopener\">pra\u00e7a dos estivadores<\/a>, antes da sa\u00edda do arrast\u00e3o. E na chegada, na pra\u00e7a do Carmo, Cardoso deve cantar junto com a batalh\u00e3o a sua toada Estrela Dalva, que foi composta esse ano para o arrast\u00e3o de Our\u00e9m, realizado em maio.<\/p>\n\n\n\n<p>Os bois de Our\u00e9m t\u00eam vindo regularmente aos arrast\u00f5es do Pavulgem. Em junho deste ano, participaram Mestre Faustino e Tu\u00edte, e o seus bois Pai-do-Campo e Geringon\u00e7a; e quanto ao Cardoso, essa \u00e9 a terceira vez que ele vem.<\/p>\n\n\n\n<p>Esse v\u00eddeo&nbsp;\u00e9 uma montagem com duas grava\u00e7\u00f5es: a primeira foi feita na casa do Mestre, em Our\u00e9m, dia 14 de junho; e a segunda, durante o ensaio do dia 10 de outubro, no&nbsp;<a href=\"https:\/\/pt.wikipedia.org\/wiki\/Centro_Cultural_e_Tur%C3%ADstico_Tancredo_Neves\" target=\"_blank\" rel=\"noreferrer noopener\">Centur<\/a>, quando Cardoso veio \u00e0 Bel\u00e9m para ensaiar com o batalh\u00e3o. A letra da toada \u00e9 a seguinte:<\/p>\n\n\n\n<blockquote class=\"wp-block-quote is-layout-flow wp-block-quote-is-layout-flow\">\n<p>Estrela Dalva<br>(<em>Mestre Cardoso<\/em>)<\/p>\n\n\n\n<p>Eu vi a Estrela Dalva \/ Que brilhou na primavera<br>Ela vive em um jarro \/ Aonde tem flores belas<br>E entre todas as estrelas \/ N\u00e3o tem uma igual a ela<\/p>\n\n\n\n<p>Eu vi a Estrela Dalva \/ Que brilhou no oceano<br>Tava na beira da praia \/ O vento forte soprando<br>E entre todas as estrelas \/ Ela \u00e9 a maior do ano<\/p>\n\n\n\n<p>Hoje eu fui convidado \/ Pra fazer essa viagem<br>Convidei meu batalh\u00e3o \/ Pra fazer essa montagem<br>Homenagem ao Malhadinho \/ E ao Arraial do Pavulagem<\/p>\n<\/blockquote>\n","protected":false},"excerpt":{"rendered":"<p>A toada Estrela Dalva, de&nbsp;Mestre Cardoso, amo do boi Ouro Fino de&nbsp;Our\u00e9m, est\u00e1 no repert\u00f3rio do arrast\u00e3o que o&nbsp;Arraial do Pavulagem&nbsp;realiza esse s\u00e1bado de manh\u00e3, logo ap\u00f3s a chegada da imagem da santa na escadinha do cais do porto. Mestre Cardoso vem \u00e0 capital junto com outros amos daquele munic\u00edpio, e v\u00e3o mostrar a sua [&hellip;]<\/p>\n","protected":false},"author":1,"featured_media":0,"comment_status":"open","ping_status":"open","sticky":false,"template":"","format":"standard","meta":{"footnotes":""},"categories":[3,5],"tags":[34,25,17,35,39],"class_list":["post-246","post","type-post","status-publish","format-standard","hentry","category-folclore","category-videos","tag-boi-pavulagem","tag-cancao","tag-folclore-paraense","tag-mestre-cardoso","tag-ourem"],"_links":{"self":[{"href":"https:\/\/fabiocavalcante.com\/blog\/wp-json\/wp\/v2\/posts\/246","targetHints":{"allow":["GET"]}}],"collection":[{"href":"https:\/\/fabiocavalcante.com\/blog\/wp-json\/wp\/v2\/posts"}],"about":[{"href":"https:\/\/fabiocavalcante.com\/blog\/wp-json\/wp\/v2\/types\/post"}],"author":[{"embeddable":true,"href":"https:\/\/fabiocavalcante.com\/blog\/wp-json\/wp\/v2\/users\/1"}],"replies":[{"embeddable":true,"href":"https:\/\/fabiocavalcante.com\/blog\/wp-json\/wp\/v2\/comments?post=246"}],"version-history":[{"count":8,"href":"https:\/\/fabiocavalcante.com\/blog\/wp-json\/wp\/v2\/posts\/246\/revisions"}],"predecessor-version":[{"id":4319,"href":"https:\/\/fabiocavalcante.com\/blog\/wp-json\/wp\/v2\/posts\/246\/revisions\/4319"}],"wp:attachment":[{"href":"https:\/\/fabiocavalcante.com\/blog\/wp-json\/wp\/v2\/media?parent=246"}],"wp:term":[{"taxonomy":"category","embeddable":true,"href":"https:\/\/fabiocavalcante.com\/blog\/wp-json\/wp\/v2\/categories?post=246"},{"taxonomy":"post_tag","embeddable":true,"href":"https:\/\/fabiocavalcante.com\/blog\/wp-json\/wp\/v2\/tags?post=246"}],"curies":[{"name":"wp","href":"https:\/\/api.w.org\/{rel}","templated":true}]}}